{"id":102,"date":"2011-02-06T18:40:56","date_gmt":"2011-02-06T17:40:56","guid":{"rendered":"https:\/\/perruchenautomne.eu\/wordpress\/?p=102"},"modified":"2011-02-06T18:40:56","modified_gmt":"2011-02-06T17:40:56","slug":"concordance-des-lectures-du-week-end","status":"publish","type":"post","link":"https:\/\/perruchenautomne.eu\/wordpress\/2011\/02\/06\/concordance-des-lectures-du-week-end\/","title":{"rendered":"Concordance des lectures du week end"},"content":{"rendered":"<p>J&#8217;emprunte le titre \u00e0 la <a href=\"http:\/\/www.franceculture.com\/emission-concordance-des-temps.html-0\">tr\u00e8s bonne \u00e9mission<\/a> de JN Jeanneney sur France culture. Je viens de voir que c&rsquo;est un bon choix.<\/p>\n<p>Je vais commen\u00e7ais avec un mauvais livre que je ne vous conseille pas. Il a b\u00e9n\u00e9fici\u00e9 \u00e0 sa sortie d&rsquo;une bonne presse. \u00ab\u00a0Zimmer\u00a0\u00bb de Olivier Benyahya, le projet \u00e9tait int\u00e9ressant, il bascule vite dans le grand guignol puis le path\u00e9tiquement ridicule, n&rsquo;est pas C\u00e9line ou Gide qui veut. Il ne suffit pas d&rsquo;avoir des mauvais sentiments pour faire de la bonne litt\u00e9rature. L&rsquo;histoire d&rsquo;un vieux juif rescap\u00e9 des camps qui devient un meurtrier \u00e0 82 ans, le parcours d&rsquo;un vieux d\u00e9ment. J&rsquo;aime bien Allia comme maison d&rsquo;\u00e9dition mais l\u00e0 je suis franchement d\u00e9\u00e7u. Je suis un peu dur mais je suis d&rsquo;autant plus d\u00e9\u00e7u que je trouve l&rsquo;\u00e9criture de l&rsquo;auteur plaisante. Une accumulation de clich\u00e9s et de contre clich\u00e9s ne suffit pas \u00e0 faire oeuvre, dommage.<\/p>\n<p>Pour continuer dans l&rsquo;\u00e9loge du vice et du mal, une lecture \u00e9trange \u00ab\u00a0\u00e9loge de l&rsquo;imprudence\u00a0\u00bb de marcel Jouhandeau, uniquement pour les fans de cet auteur connu pour avoir lanc\u00e9 un pr\u00e9monitoire \u00ab\u00a0Rentrez chez vous, dans dix ans, vous serez tous notaires\u00a0\u00bb aux \u00e9tudiants de mai 68. Ce court texte, difficile \u00e0 lire parfois, est une \u00e9loge du mal absolu qui devient une expression du bien. C&rsquo;est tortueux, tout \u00e7a pour justifier une homosexualit\u00e9 mal assum\u00e9e. Jouhandeau est connu pour un pamphlet sans int\u00e9r\u00eat: \u00ab\u00a0le p\u00e9ril juif\u00a0\u00bb. Je me demande si le h\u00e9ros de \u00ab\u00a0Zimmer\u00a0\u00bb a lu Jouhandeau, il applique assez bien la le\u00e7on de son \u00e9loge de l&rsquo;imprudence.<\/p>\n<p>En r\u00e9gle g\u00e9n\u00e9ral, je me m\u00e9fie comme la peste des lectures m\u00e9diatiques, j&rsquo;avais \u00e9vit\u00e9 avec soin \u00ab\u00a0Indignez vous\u00a0\u00bb de St\u00e9phane Hessel. Ma femme l&rsquo;a achet\u00e9, il trainait \u00e0 la maison, je l&rsquo;ai lu au soleil ce matin. Apr\u00e8s les deux pr\u00e9c\u00e9dents livres, une bouff\u00e9e d&rsquo;oxyg\u00e9ne de lire enfin des pages optimistes qui militent pour un monde plus juste. Un tr\u00e8s beau texte qui rappelle simplement d&rsquo;o\u00f9 nous venons.<\/p>\n<p>Le programme du Conseil National de la R\u00e9sistance reste d&rsquo;actualit\u00e9, en particulier son versant sant\u00e9. C&rsquo;est une bonne piqure de rappel, pour savoir o\u00f9 aller, de savoir d&rsquo;o\u00f9 nous venons. On peut avoir plus de 80 ans, \u00eatre juif, avoir \u00e9t\u00e9 en cas de concentration et ne pas avoir envie de tuer des arabes. Il faut que Zimmer lise Hessel. C&rsquo;est un texte r\u00e9jouissant, <a href=\"http:\/\/fr.wikipedia.org\/wiki\/Combat_%28journal%29\">de combat<\/a>. Greco n&rsquo;est pas mort. Il faut l&rsquo;acheter (c&rsquo;est important de soutenir les petites maisons d&rsquo;\u00e9ditions), le lire et ne pas baisser la t\u00eate.<\/p>\n<p>Au milieu de ces livres, j&rsquo;ai lu deux articles de <a href=\"http:\/\/www.revuedesdeuxmondes.fr\/\">la revue des deux mondes<\/a> de F\u00e9vrier sur la bio\u00e9thique. Il y a une interview de l&rsquo;excellent Didier Sicard et un entretien crois\u00e9 de Jacques Testard et de JM Le M\u00e9n\u00e9. Ces deux entretiens sont \u00e0 lire pour comprendre quelques choses aux enjeux des lois de bio\u00e9thiques.<\/p>\n<p>Didier Sicard a une remarquable analyse en d\u00e9fendant l&rsquo;\u00e9thique \u00e0 la fran\u00e7aise qui repose sur des principes (un \u00e9thique r\u00eaveuse) avant d&rsquo;\u00eatre une \u00e9thique utilitariste plus anglo-saxonne. Il rappelle que le probl\u00e8me de nos positions est de se limiter \u00e0 des valeurs et de ne pas assez mettre les mains dans le cambouis. Le fran\u00e7ais ne doit pas que r\u00eaver mais aussi se frotter au r\u00e9el. Son approche de l&rsquo;\u00e9thique est tr\u00e8s int\u00e9ressante. Elle n&rsquo;est pas l\u00e0 pour dire le bien ou le mal mais pour tenter de compliquer la r\u00e9flexion, pour obliger les individus \u00e0 se poser des questions sur leurs positions. Toute question \u00e9thique porte en elle, une contradiction, pour ne pas dire un ind\u00e9cidable (\u00e0 lire une petite introduction \u00e0 <a href=\"http:\/\/ownisciences.com\/2011\/02\/04\/le-retour-en-grace-dalan-turing\/\">Turing ici<\/a>, c&rsquo;est une autre lecture du WE), pour y r\u00e9pondre la notion de \u00ab\u00a0moindre mal\u00a0\u00bb est une voie, la seule qui respecte les ensembles des participants. Il cite cette tr\u00e8s belle phrase de Montesquieu:<\/p>\n<p>\u00ab Si je savais quelque chose qui me f\u00fbt utile et qui f\u00fbt pr\u00e9judiciable \u00e0  ma famille, je le rejetterais de mon esprit. Si je savais quelque chose  d&rsquo;utile \u00e0 ma famille et qui ne le f\u00fbt pas \u00e0 ma   patrie, je chercherais \u00e0 l&rsquo;oublier. Si je savais quelque chose d&rsquo;utile  \u00e0 ma patrie et qui f\u00fbt pr\u00e9judiciable \u00e0 l&rsquo;Europe, ou bien qui f\u00fbt utile \u00e0  l&rsquo;Europe et pr\u00e9judiciable au genre humain, je le   regarderais comme un crime. \u00bb<\/p>\n<p>Le but de l&rsquo;\u00e9thique, en particulier en bio\u00e9thique, est de trouver une solution r\u00e9duisant l&rsquo;\u00e9cart entre l&rsquo;int\u00e9r\u00eat personnel et l&rsquo;int\u00e9r\u00eat collectif. On rejoint les questions soulev\u00e9es par l&rsquo;ouvrage de Hessel. Comme je suis n\u00e9phrologue, j&rsquo;aime la notion d&rsquo;\u00e9quilibre et cette approche me convient entre utilitarisme et r\u00eave. En fin d&rsquo;entretien est abord\u00e9 trop bri\u00e9vement la question de l&rsquo;information de la famille des patients atteints de maladie g\u00e9n\u00e9tique. Il faudra qu&rsquo;un jour j&rsquo;y revienne.<\/p>\n<p>L&rsquo;autre entretien est aussi tr\u00e8s riche en piste de r\u00e9flexions. Une fois de plus, c&rsquo;est un cri d&rsquo;alarme contre la tentation d&rsquo;avoir uniquement une approche utilitariste de l&rsquo;\u00e9thique mais aussi de la biom\u00e9decine. Je trouve l&rsquo;analyse pertinente, particuli\u00e8rement concernant le DPI et l&rsquo;obsession des cellules souches. Ils d\u00e9cortiquent les int\u00e9r\u00eats \u00e9conomiques sous-jacent. Si vous vous int\u00e9ressez \u00e0 ces questions vous devez lire ces textes.<\/p>\n<p>Malheureusement, l&rsquo;esprit utilitariste prend le pas sur toutes autres visions.<\/p>\n<p>Dans le domaine de la reproduction, je suis convaincu que la marche dissociant sexualit\u00e9 et reproduction va se prolonger et s&rsquo;approfondir. Dans 20 ou 30 ans, je suis persuad\u00e9 qu&rsquo;on proposera \u00e0 toutes les jeunes femmes d&rsquo;une vingtaine d&rsquo;ann\u00e9es un pr\u00e9l\u00e9vement de tissu ovarien qui sera congel\u00e9. Quand il y aura un d\u00e9sir de grossesse apr\u00e8s 30 voir 40 ans, on d\u00e9cong\u00e9lera pour produire des ovocytes, la f\u00e9condation se fera in vitro et un diagnostic pr\u00e9-implantatoire sera syst\u00e9matiquement fait, voir plus, sexe, couleur des yeux, taille, etc. On proposera aussi une gestation par une autre si les moyens de l&rsquo;imp\u00e9trante le permettent. La qu\u00eate de la performance contamine tous les champs m\u00eame ceux les plus intimes.<\/p>\n<p>Je rejoints J. Testard quand il regrette que les lois de bio\u00e9thique n&rsquo;anticipent pas plus les d\u00e9veloppement de la recherche, ce qui est possible. Ce n&rsquo;est pas pr\u00e8s de s&rsquo;am\u00e9liorer vu ce qu&rsquo;est en train de devenir le CCNE. Je ne suis pas optimiste, il faudrait que je m&rsquo;indigne un peu plus.<\/p>\n<p>J&rsquo;aime bien quand mes lectures se font \u00e9cho.<\/p>\n","protected":false},"excerpt":{"rendered":"<p>J&#8217;emprunte le titre \u00e0 la tr\u00e8s bonne \u00e9mission de JN Jeanneney sur France culture. Je viens de voir que c&rsquo;est un bon choix. Je vais commen\u00e7ais avec un mauvais livre que je ne vous conseille pas. Il a b\u00e9n\u00e9fici\u00e9 \u00e0 &hellip; <a href=\"https:\/\/perruchenautomne.eu\/wordpress\/2011\/02\/06\/concordance-des-lectures-du-week-end\/\">Continuer la lecture <span class=\"meta-nav\">&rarr;<\/span><\/a><\/p>\n","protected":false},"author":1,"featured_media":0,"comment_status":"open","ping_status":"open","sticky":false,"template":"","format":"standard","meta":{"jetpack_post_was_ever_published":false,"_jetpack_newsletter_access":"","_jetpack_dont_email_post_to_subs":false,"_jetpack_newsletter_tier_id":0,"_jetpack_memberships_contains_paywalled_content":false,"_jetpack_memberships_contains_paid_content":false,"footnotes":"","jetpack_publicize_message":"","jetpack_publicize_feature_enabled":true,"jetpack_social_post_already_shared":false,"jetpack_social_options":{"image_generator_settings":{"template":"highway","default_image_id":0,"font":"","enabled":false},"version":2}},"categories":[34,11],"tags":[40,8,41,42],"class_list":["post-102","post","type-post","status-publish","format-standard","hentry","category-litterature","category-medecine-humeur","tag-ethique","tag-indignation","tag-juif","tag-mal"],"jetpack_publicize_connections":[],"jetpack_featured_media_url":"","jetpack_shortlink":"https:\/\/wp.me\/p1l1zM-1E","jetpack_sharing_enabled":true,"jetpack-related-posts":[],"_links":{"self":[{"href":"https:\/\/perruchenautomne.eu\/wordpress\/wp-json\/wp\/v2\/posts\/102","targetHints":{"allow":["GET"]}}],"collection":[{"href":"https:\/\/perruchenautomne.eu\/wordpress\/wp-json\/wp\/v2\/posts"}],"about":[{"href":"https:\/\/perruchenautomne.eu\/wordpress\/wp-json\/wp\/v2\/types\/post"}],"author":[{"embeddable":true,"href":"https:\/\/perruchenautomne.eu\/wordpress\/wp-json\/wp\/v2\/users\/1"}],"replies":[{"embeddable":true,"href":"https:\/\/perruchenautomne.eu\/wordpress\/wp-json\/wp\/v2\/comments?post=102"}],"version-history":[{"count":2,"href":"https:\/\/perruchenautomne.eu\/wordpress\/wp-json\/wp\/v2\/posts\/102\/revisions"}],"predecessor-version":[{"id":105,"href":"https:\/\/perruchenautomne.eu\/wordpress\/wp-json\/wp\/v2\/posts\/102\/revisions\/105"}],"wp:attachment":[{"href":"https:\/\/perruchenautomne.eu\/wordpress\/wp-json\/wp\/v2\/media?parent=102"}],"wp:term":[{"taxonomy":"category","embeddable":true,"href":"https:\/\/perruchenautomne.eu\/wordpress\/wp-json\/wp\/v2\/categories?post=102"},{"taxonomy":"post_tag","embeddable":true,"href":"https:\/\/perruchenautomne.eu\/wordpress\/wp-json\/wp\/v2\/tags?post=102"}],"curies":[{"name":"wp","href":"https:\/\/api.w.org\/{rel}","templated":true}]}}