{"id":1035,"date":"2012-09-03T09:00:08","date_gmt":"2012-09-03T08:00:08","guid":{"rendered":"https:\/\/perruchenautomne.eu\/wordpress\/?p=1035"},"modified":"2012-09-02T17:20:28","modified_gmt":"2012-09-02T16:20:28","slug":"soutien-a-24-medecins-generalistes-blogueurs-pour-une-medecine-generale-2-0","status":"publish","type":"post","link":"https:\/\/perruchenautomne.eu\/wordpress\/2012\/09\/03\/soutien-a-24-medecins-generalistes-blogueurs-pour-une-medecine-generale-2-0\/","title":{"rendered":"Soutien \u00e0 24 m\u00e9decins g\u00e9n\u00e9ralistes blogueurs pour une M\u00e9decine G\u00e9n\u00e9rale 2.0"},"content":{"rendered":"<p>Je relaie l&rsquo;initiative de 24\u00a0 m\u00e9decins g\u00e9n\u00e9ralistes blogueurs. Leurs propositions ont pour sujets la formation des m\u00e9decins g\u00e9n\u00e9ralistes et la lutte contre les, si mal nomm\u00e9s,\u00a0 d\u00e9serts m\u00e9dicaux.<\/p>\n<p>Je soutiens cette initiative pour trois raisons:<\/p>\n<ol>\n<li>Nous sommes \u00e0 la crois\u00e9e des chemins pour l&rsquo;organisation de la m\u00e9decine sur le territoire. Je crois en un monde m\u00e9dical multipolaire. La proposition de mes coll\u00e8gues va en ce sens. Ils proposent la sortie d&rsquo;un monde hospitalo-centr\u00e9 ou libero-centr\u00e9 pour un monde m\u00e9dical collaboratif \u00e0 l&rsquo;image du Web 2.0. La cr\u00e9ation de structures d\u00e9di\u00e9s aux soins primaires dans toutes ses dimensions aussi bien de soins que de formation et de recherche est particuli\u00e8rement int\u00e9ressante et pertinente pour r\u00e9pondre aux enjeux d&rsquo;aujourd&rsquo;hui et de demain.<\/li>\n<li>Le projet repose sur l&rsquo;arriv\u00e9e de l&rsquo;universit\u00e9 dans la cit\u00e9. L&rsquo;id\u00e9e d&rsquo;une universit\u00e9 hors les murs utilisant tous les outils \u00e0 sa disposition est une belle et grande id\u00e9e. Universitariser la m\u00e9decine g\u00e9n\u00e9rale en son lieu d&rsquo;exercice est essentielle. J&rsquo;avais initialement vu dans le texte beaucoup d&rsquo;attaques contre ce que je suis, un universitaire. Passer la premi\u00e8re r\u00e9action \u00e9pidermique, le souhait de ces jeunes m\u00e9decins de s&rsquo;int\u00e9grer dans un parcours universitaire me fait imaginer que peut \u00eatre malgr\u00e9 tout ses d\u00e9fauts le syst\u00e8me hospitalo-universitaire, \u00e0 condition d&rsquo;\u00eatre r\u00e9nov\u00e9 pour devenir m\u00e9dico-universitaire, peut encore faire r\u00eaver. Je trouve ce challenge excitant.<\/li>\n<li>Enfin, ce projet vient de la base. Dans un pays qui aime voir d\u00e9gouliner le savoir et les d\u00e9cisions du sommet vers les pieds, il est bon et sain que des soutiers montrent qu&rsquo;ils ne sont pas qu&rsquo;une force d&rsquo;opposition attach\u00e9e \u00e0 de fantasmatiques privil\u00e8ges, mais une vraie force de propositions. Il y a dans ce projet une v\u00e9ritable envie de construire une m\u00e9decine collaborative o\u00f9 chaque acteur est respect\u00e9 pour ce qu&rsquo;il est dans sa diversit\u00e9 et sa richesse pour le bien du malade.<\/li>\n<\/ol>\n<p>Vous trouverez le texte <a href=\"https:\/\/perruchenautomne.eu\/wordpress\/wp-content\/uploads\/2012\/09\/M\u00e9decine-g\u00e9n\u00e9rale-2_0.pdf\">ici au format Pdf<\/a> et sur les blogs des cr\u00e9ateurs de ce texte dont la liste est:<br \/>\n<a title=\"Anthologia\" href=\"http:\/\/www.anthologia.fr\" target=\"_blank\">AliceRedSparrow<\/a> \u2013 <a title=\"Le Blog de Bor\u00e9e\" href=\"http:\/\/boree.eu\" target=\"_blank\">Bor\u00e9e<\/a> \u2013 <a title=\"Le Bruit des sabots\" href=\"http:\/\/lebruitdessabots.blogspot.fr\" target=\"_blank\">Bruit des sabots<\/a> \u2013 <a title=\"En attendant H5N1\" href=\"http:\/\/enattendanth5n1.20minutes-blogs.fr\" target=\"_blank\">Christian Lehmann<\/a> \u2013 <a title=\"St\u00e9tho, marmots, dodo et autres petits bobos\" href=\"http:\/\/docmaman.canalblog.com\" target=\"_blank\">Doc Maman<\/a> \u2013 <a title=\"Cuisine, m\u00e9decine et toute cette sorte de choses\" href=\"http:\/\/souristine.blogspot.fr\" target=\"_blank\">Doc Souristine<\/a> \u2013 <a title=\"Bulle de vie, Bulle de survie\" href=\"http:\/\/bulledeviebulledesurvie.over-blog.com\" target=\"_blank\">Doc Bulle<\/a> \u2013 <a title=\"Journal de bord d'une jeune g\u00e9n\u00e9raliste de Seine-Saint-Denis\" href=\"http:\/\/www.docteurmilie.fr\/wordpress\" target=\"_blank\">Docteur Milie<\/a> \u2013 <a title=\"Le Blog du docteur V.\" href=\"http:\/\/docteurv.com\" target=\"_blank\">Docteur V<\/a> \u2013 <a title=\"Atoute\" href=\"http:\/\/www.atoute.org\" target=\"_blank\">Dominique Dupagne<\/a> \u2013 <a title=\"Docteur Couine - femme m\u00e9decin\" href=\"http:\/\/ledocteurcouine.wordpress.com\" target=\"_blank\">Dr Couine<\/a> \u2013 <a title=\"Le Blog d'un interne en m\u00e9decine g\u00e9n\u00e9rale\" href=\"http:\/\/drfoulard.fr\" target=\"_blank\">Dr Foulard<\/a> \u2013 <a title=\"Le Fils du Dr Sachs\" href=\"http:\/\/docteursachs.unblog.fr\" target=\"_blank\">Dr Sachs Jr<\/a> \u2013 <a title=\"Behind the Mask\" href=\"http:\/\/drstephane.fr\" target=\"_blank\">Dr St\u00e9phane<\/a> \u2013 <a title=\"Le Blog de dzb17\" href=\"http:\/\/dzb17.com\" target=\"_blank\">Dzb17<\/a> \u2013 <a title=\"H TEXNH MAKPH\" href=\"http:\/\/tekhnemakpe.blogspot.fr\" target=\"_blank\">Euphraise<\/a> \u2013 <a title=\"Farfadoc\" href=\"http:\/\/farfadoc.wordpress.com\" target=\"_blank\">Farfadoc<\/a> \u2013 <a title=\"Promenade de Sant\u00e9\" href=\"http:\/\/fluorette.over-blog.com\" target=\"_blank\">Fluorette<\/a> \u2013 <a title=\"Sous la Blouse\" href=\"http:\/\/sous-la-blouse.blogspot.fr\" target=\"_blank\">G\u00e9lule<\/a> \u2013 <a title=\"Les carnets d'un m\u00e9decin de montagne\" href=\"http:\/\/genoudesalpages.blogspot.fr\" target=\"_blank\">Genou des Alpages<\/a> \u2013 <a title=\"Granadille\" href=\"http:\/\/granadille.wordpress.com\" target=\"_blank\">Granadille<\/a> \u2013 <a title=\"Juste Apr\u00e8s Dresseuse D'Ours\" href=\"http:\/\/www.jaddo.fr\" target=\"_blank\">Jaddo<\/a> \u2013 <a title=\"Sommatinoroots\" href=\"http:\/\/sommatinoroots.blogspot.fr\" target=\"_blank\">Matthieu Calafiore<\/a> \u2013 <a title=\"1 Bouff\u00e9e matin et soir\" href=\"http:\/\/1bouffeematinetsoir.wordpress.com\" target=\"_blank\">Yem<\/a><\/p>\n<p>Pour soutenir cette plateforme <a href=\"http:\/\/www.atoute.org\/n\/Medecine-Generale-2-0.html\">c&rsquo;est ici<\/a>.<\/p>\n<p>Je finirai en remerciant ces m\u00e9decins de m&rsquo;avoir donner l&rsquo;opportunit\u00e9 de les soutenir d\u00e8s le lancement de leur initiative.<\/p>\n","protected":false},"excerpt":{"rendered":"<p>Je relaie l&rsquo;initiative de 24\u00a0 m\u00e9decins g\u00e9n\u00e9ralistes blogueurs. Leurs propositions ont pour sujets la formation des m\u00e9decins g\u00e9n\u00e9ralistes et la lutte contre les, si mal nomm\u00e9s,\u00a0 d\u00e9serts m\u00e9dicaux. Je soutiens cette initiative pour trois raisons: Nous sommes \u00e0 la crois\u00e9e &hellip; <a href=\"https:\/\/perruchenautomne.eu\/wordpress\/2012\/09\/03\/soutien-a-24-medecins-generalistes-blogueurs-pour-une-medecine-generale-2-0\/\">Continuer la lecture <span class=\"meta-nav\">&rarr;<\/span><\/a><\/p>\n","protected":false},"author":1,"featured_media":0,"comment_status":"open","ping_status":"open","sticky":false,"template":"","format":"standard","meta":{"jetpack_post_was_ever_published":false,"_jetpack_newsletter_access":"","_jetpack_dont_email_post_to_subs":false,"_jetpack_newsletter_tier_id":0,"_jetpack_memberships_contains_paywalled_content":false,"_jetpack_memberships_contains_paid_content":false,"footnotes":"","jetpack_publicize_message":"","jetpack_publicize_feature_enabled":true,"jetpack_social_post_already_shared":false,"jetpack_social_options":{"image_generator_settings":{"template":"highway","default_image_id":0,"font":"","enabled":false},"version":2}},"categories":[13,11],"tags":[495,494,496],"class_list":["post-1035","post","type-post","status-publish","format-standard","hentry","category-medecine-2","category-medecine-humeur","tag-medecin-blogeur","tag-medecine-generale-2-0","tag-repenser-lenseignement-de-la-mg"],"jetpack_publicize_connections":[],"jetpack_featured_media_url":"","jetpack_shortlink":"https:\/\/wp.me\/p1l1zM-gH","jetpack_sharing_enabled":true,"jetpack-related-posts":[],"_links":{"self":[{"href":"https:\/\/perruchenautomne.eu\/wordpress\/wp-json\/wp\/v2\/posts\/1035","targetHints":{"allow":["GET"]}}],"collection":[{"href":"https:\/\/perruchenautomne.eu\/wordpress\/wp-json\/wp\/v2\/posts"}],"about":[{"href":"https:\/\/perruchenautomne.eu\/wordpress\/wp-json\/wp\/v2\/types\/post"}],"author":[{"embeddable":true,"href":"https:\/\/perruchenautomne.eu\/wordpress\/wp-json\/wp\/v2\/users\/1"}],"replies":[{"embeddable":true,"href":"https:\/\/perruchenautomne.eu\/wordpress\/wp-json\/wp\/v2\/comments?post=1035"}],"version-history":[{"count":9,"href":"https:\/\/perruchenautomne.eu\/wordpress\/wp-json\/wp\/v2\/posts\/1035\/revisions"}],"predecessor-version":[{"id":1060,"href":"https:\/\/perruchenautomne.eu\/wordpress\/wp-json\/wp\/v2\/posts\/1035\/revisions\/1060"}],"wp:attachment":[{"href":"https:\/\/perruchenautomne.eu\/wordpress\/wp-json\/wp\/v2\/media?parent=1035"}],"wp:term":[{"taxonomy":"category","embeddable":true,"href":"https:\/\/perruchenautomne.eu\/wordpress\/wp-json\/wp\/v2\/categories?post=1035"},{"taxonomy":"post_tag","embeddable":true,"href":"https:\/\/perruchenautomne.eu\/wordpress\/wp-json\/wp\/v2\/tags?post=1035"}],"curies":[{"name":"wp","href":"https:\/\/api.w.org\/{rel}","templated":true}]}}