{"id":1119,"date":"2012-10-31T07:02:36","date_gmt":"2012-10-31T06:02:36","guid":{"rendered":"https:\/\/perruchenautomne.eu\/wordpress\/?p=1119"},"modified":"2012-10-31T07:02:36","modified_gmt":"2012-10-31T06:02:36","slug":"continuite-musicale-cubaine","status":"publish","type":"post","link":"https:\/\/perruchenautomne.eu\/wordpress\/2012\/10\/31\/continuite-musicale-cubaine\/","title":{"rendered":"Continuit\u00e9 musicale cubaine"},"content":{"rendered":"<p>J&rsquo;ai eu la chance, cette ann\u00e9e, de voir un immense musicien sur sc\u00e8ne, Roberto Fonseca. Il fait parti de la grande \u00e9cole cubaine du piano. Il tourne encore en France. Si vous en avez l&rsquo;opportunit\u00e9 allait le voir.<\/p>\n<p>Son derni\u00e8re album est un immense moment de bonheur. Il allie musique traditionnelle cubaine, jazz, musique africaine et musique urbaine. Ce disque est d&rsquo;une \u00e9nergie rare. \u00c9coutez le jouer, il est fabuleux, il allie, comme souvent les musiciens cara\u00efbes, piano m\u00e9lodie et piano percussion. Il caresse et percute. Yo est sublime, \u00e9coutez juste le premier morceau, 80&rsquo;s, et vous serez conquis, il combine toutes ses qualit\u00e9s port\u00e9 \u00e0 leur acm\u00e9, puissance et \u00e9nergie, douceur et d\u00e9licatesse du touch\u00e9.<audio class=\"wp-audio-shortcode\" id=\"audio-1119-1\" preload=\"none\" style=\"width: 100%;\" controls=\"controls\"><source type=\"audio\/mpeg\" src=\"https:\/\/perruchenautomne.eu\/wordpress\/wp-content\/uploads\/2012\/10\/01-80s.mp3?_=1\" \/><a href=\"https:\/\/perruchenautomne.eu\/wordpress\/wp-content\/uploads\/2012\/10\/01-80s.mp3\">https:\/\/perruchenautomne.eu\/wordpress\/wp-content\/uploads\/2012\/10\/01-80s.mp3<\/a><\/audio><\/p>\n<p>Bibisa est un bel exemple de la discussion transatlantique que Fonseca a engag\u00e9 entre la musique cubaine et africaine ici represent\u00e9e par la voix de\u00a0 Fatoumata Diawara, le\u00a0 n&rsquo;goni de Baba Sissoko et la kora de Sekou Kouyat\u00e9. Vous frissonnerez avec l&rsquo;incroyable voix de Mike Ladd dans Mi negra ave maria<em>.<\/em> La dimension spirituelle (religion yoruba) se prolonge avec 7 Rayos, ce morceau est monumental, le sommet peut \u00eatre de l&rsquo;album, hallucinant, fusion entre la spiritualit\u00e9 la plus traditionnelle et la musique \u00e9lectro. Le rythme est omnipr\u00e9sent, essence de la musique de jazz, toujours le rythme au piano, \u00e0 l&rsquo;orgue hammond, au moog. Il n&rsquo;y a plus de distance dans la musique de Fonseca; les continents sont proches fusionn\u00e9s, ils apportent le meilleurs de leur culture pour produire un m\u00e9lange sublime, d&rsquo;une \u00e9nergie, d&rsquo;une tension, d&rsquo;une sensualit\u00e9 unique. Sur sc\u00e8ne, son charisme, son charme alli\u00e9s \u00e0 \u00e0 ses qualit\u00e9s musicales g\u00e9n\u00e8re un immense bonheur. Le reste de l&rsquo;album est du m\u00eame niveau, si vous commencez \u00e0 l&rsquo;\u00e9couter attention, vous aurez du mal \u00e0 d\u00e9crocher.<br \/>\n<audio class=\"wp-audio-shortcode\" id=\"audio-1119-2\" preload=\"none\" style=\"width: 100%;\" controls=\"controls\"><source type=\"audio\/mpeg\" src=\"https:\/\/perruchenautomne.eu\/wordpress\/wp-content\/uploads\/2012\/10\/01-80s.mp3?_=2\" \/><a href=\"https:\/\/perruchenautomne.eu\/wordpress\/wp-content\/uploads\/2012\/10\/01-80s.mp3\">https:\/\/perruchenautomne.eu\/wordpress\/wp-content\/uploads\/2012\/10\/01-80s.mp3<\/a><\/audio><br \/>\nQuand j&rsquo;ai \u00e9cout\u00e9 cette livraison de Fonseca, je fus aussi heureux car enfin un musicien reprenait et prolongeait l&rsquo;h\u00e9ritage d&rsquo;Anga diaz. Anga diaz est peut \u00eatre le plus grand percussionniste du d\u00e9but du XXI\u00e9 si\u00e9cle. Il n&rsquo;a laiss\u00e9 qu&rsquo;un album comme leader, mais quel album, un ovni, et 6 ans plus tard Roberto Fonseca poursuit l&rsquo;exploration de l&rsquo;h\u00e9ritage, musical, culturel cubain. Je vous propose un morceau extrait d&rsquo;Echu Mingua. Il est un tr\u00e8s tr\u00e8s bon exemple du g\u00e9nie d&rsquo;Anga Diaz. Un grand classique du jazz revisit\u00e9 \u00e0 la sauce world Music.<br \/>\n<audio class=\"wp-audio-shortcode\" id=\"audio-1119-3\" preload=\"none\" style=\"width: 100%;\" controls=\"controls\"><source type=\"audio\/mpeg\" src=\"https:\/\/perruchenautomne.eu\/wordpress\/wp-content\/uploads\/2012\/10\/01-80s.mp3?_=3\" \/><a href=\"https:\/\/perruchenautomne.eu\/wordpress\/wp-content\/uploads\/2012\/10\/01-80s.mp3\">https:\/\/perruchenautomne.eu\/wordpress\/wp-content\/uploads\/2012\/10\/01-80s.mp3<\/a><\/audio><\/p>\n<p>\u00c9coutez roberto fonseca, \u00e9coutez anga diaz. Ils sont du m\u00eame bois. Qu\u00eate des origines pour cr\u00e9er une musique de notre si\u00e8cle, riche de toutes les influences, fusion passionnante, \u00e9mouvante. Le rythme est tout dans la musique, ces deux cubains le d\u00e9montrent encore. Le rythme est tout dans la vie, trouvez le bon rythme et la m\u00e9lodie suit sans probl\u00e8me. \u00c9coutez el Sonadoresta cansado et vous comprendrez.<br \/>\n<audio class=\"wp-audio-shortcode\" id=\"audio-1119-4\" preload=\"none\" style=\"width: 100%;\" controls=\"controls\"><source type=\"audio\/mpeg\" src=\"https:\/\/perruchenautomne.eu\/wordpress\/wp-content\/uploads\/2012\/10\/01-80s.mp3?_=4\" \/><a href=\"https:\/\/perruchenautomne.eu\/wordpress\/wp-content\/uploads\/2012\/10\/01-80s.mp3\">https:\/\/perruchenautomne.eu\/wordpress\/wp-content\/uploads\/2012\/10\/01-80s.mp3<\/a><\/audio><br \/>\nAvec Chabani, retour \u00e0 un jazz plus dur, j&rsquo;adore, dialogue entre la section rythmique et lui. D\u00e9finitivement j&rsquo;aime la Kora et la musique africaine. Je ne peux que vous conseillez, en passant, l&rsquo;\u00e9coute du g\u00e9nial Afrocubism.<br \/>\n<audio class=\"wp-audio-shortcode\" id=\"audio-1119-5\" preload=\"none\" style=\"width: 100%;\" controls=\"controls\"><source type=\"audio\/mpeg\" src=\"https:\/\/perruchenautomne.eu\/wordpress\/wp-content\/uploads\/2012\/10\/01-80s.mp3?_=5\" \/><a href=\"https:\/\/perruchenautomne.eu\/wordpress\/wp-content\/uploads\/2012\/10\/01-80s.mp3\">https:\/\/perruchenautomne.eu\/wordpress\/wp-content\/uploads\/2012\/10\/01-80s.mp3<\/a><\/audio><\/p>\n<p>Si vous n&rsquo;aimez pas les m\u00e9langes, si vous n&rsquo;aimez que la puret\u00e9, passez votre chemin, oubliez ces lignes. Du m\u00e9lange, de la rencontre, nait la musique que j&rsquo;aime, pas de fronti\u00e8re.<\/p>\n<p>Je me demande pourquoi les hommes font autres choses qu&rsquo;\u00e9couter de la musique et pourquoi ils ne profitent pas du peu de temps qui nous est imparti sur terre pour s&rsquo;en mettre plein les oreilles, les yeux, le cerveau, en \u00e9coutant, en lisant, en faisant de la science. Musique intellectuelle, musique de tripes, il n&rsquo;y a qu&rsquo;une musique, la meilleure, avec roberto Fonseca, celle de la fusion culturelle, chacune enrichissant l&rsquo;autre, quel beau m\u00e9lange.<\/p>\n<p>&nbsp;<\/p>\n","protected":false},"excerpt":{"rendered":"<p>J&rsquo;ai eu la chance, cette ann\u00e9e, de voir un immense musicien sur sc\u00e8ne, Roberto Fonseca. Il fait parti de la grande \u00e9cole cubaine du piano. Il tourne encore en France. Si vous en avez l&rsquo;opportunit\u00e9 allait le voir. Son derni\u00e8re &hellip; <a href=\"https:\/\/perruchenautomne.eu\/wordpress\/2012\/10\/31\/continuite-musicale-cubaine\/\">Continuer la lecture <span class=\"meta-nav\">&rarr;<\/span><\/a><\/p>\n","protected":false},"author":1,"featured_media":0,"comment_status":"open","ping_status":"open","sticky":false,"template":"","format":"standard","meta":{"jetpack_post_was_ever_published":false,"_jetpack_newsletter_access":"","_jetpack_dont_email_post_to_subs":false,"_jetpack_newsletter_tier_id":0,"_jetpack_memberships_contains_paywalled_content":false,"_jetpack_memberships_contains_paid_content":false,"footnotes":"","jetpack_publicize_message":"","jetpack_publicize_feature_enabled":true,"jetpack_social_post_already_shared":false,"jetpack_social_options":{"image_generator_settings":{"template":"highway","default_image_id":0,"font":"","enabled":false},"version":2}},"categories":[9],"tags":[524,523,521,522],"class_list":["post-1119","post","type-post","status-publish","format-standard","hentry","category-musique","tag-afrocubism","tag-anga-diaz","tag-cuba","tag-fonseca"],"jetpack_publicize_connections":[],"jetpack_featured_media_url":"","jetpack_shortlink":"https:\/\/wp.me\/p1l1zM-i3","jetpack_sharing_enabled":true,"jetpack-related-posts":[],"_links":{"self":[{"href":"https:\/\/perruchenautomne.eu\/wordpress\/wp-json\/wp\/v2\/posts\/1119","targetHints":{"allow":["GET"]}}],"collection":[{"href":"https:\/\/perruchenautomne.eu\/wordpress\/wp-json\/wp\/v2\/posts"}],"about":[{"href":"https:\/\/perruchenautomne.eu\/wordpress\/wp-json\/wp\/v2\/types\/post"}],"author":[{"embeddable":true,"href":"https:\/\/perruchenautomne.eu\/wordpress\/wp-json\/wp\/v2\/users\/1"}],"replies":[{"embeddable":true,"href":"https:\/\/perruchenautomne.eu\/wordpress\/wp-json\/wp\/v2\/comments?post=1119"}],"version-history":[{"count":13,"href":"https:\/\/perruchenautomne.eu\/wordpress\/wp-json\/wp\/v2\/posts\/1119\/revisions"}],"predecessor-version":[{"id":1148,"href":"https:\/\/perruchenautomne.eu\/wordpress\/wp-json\/wp\/v2\/posts\/1119\/revisions\/1148"}],"wp:attachment":[{"href":"https:\/\/perruchenautomne.eu\/wordpress\/wp-json\/wp\/v2\/media?parent=1119"}],"wp:term":[{"taxonomy":"category","embeddable":true,"href":"https:\/\/perruchenautomne.eu\/wordpress\/wp-json\/wp\/v2\/categories?post=1119"},{"taxonomy":"post_tag","embeddable":true,"href":"https:\/\/perruchenautomne.eu\/wordpress\/wp-json\/wp\/v2\/tags?post=1119"}],"curies":[{"name":"wp","href":"https:\/\/api.w.org\/{rel}","templated":true}]}}