{"id":116,"date":"2011-02-07T19:46:03","date_gmt":"2011-02-07T18:46:03","guid":{"rendered":"https:\/\/perruchenautomne.eu\/wordpress\/?p=116"},"modified":"2011-02-07T19:46:03","modified_gmt":"2011-02-07T18:46:03","slug":"concordance-des-temps-le-programme-du-cnr","status":"publish","type":"post","link":"https:\/\/perruchenautomne.eu\/wordpress\/2011\/02\/07\/concordance-des-temps-le-programme-du-cnr\/","title":{"rendered":"Concordance des temps, le programme du CNR."},"content":{"rendered":"<p>Sur France culture, les \u00e9missions d&rsquo;histoire sont toujours passionnantes, \u00ab\u00a0<a href=\"http:\/\/www.franceculture.com\/emission-concordance-des-temps-indignez-vous-que-reste-t-il-du-programme-de-la-resistance-2011-02-05\">Concordances des temps\u00a0\u00bb<\/a> est une vraie merveille, surtout quand elle prolonge <a href=\"https:\/\/perruchenautomne.eu\/wordpress\/?p=102\">mes lectures du week end<\/a>.<\/p>\n<p>Cette semaine, elle porte sur l&rsquo;origine et l&rsquo;h\u00e9ritage du programme du conseil national de la r\u00e9sistance. Il faut \u00e9couter cette \u00e9mission pour lire de fa\u00e7on critique \u00ab\u00a0indignez vous\u00a0\u00bb. L&rsquo;\u00e9mission confirme mon sentiment que ce programme par bien des aspects est encore d&rsquo;actualit\u00e9. Une soci\u00e9t\u00e9 plus solidaire, ne pas asservir l&rsquo;homme \u00e0 l&rsquo;outil de production, ne pas asservir l&rsquo;homme \u00e0 la puissance de l&rsquo;argent, mais remettre les choses dans le bon sens, l&rsquo;\u00e9conomie, la science, la sant\u00e9, l&rsquo;industrie au service de l&rsquo;homme et pas l&rsquo;inverse. L&rsquo;homme \u00e9panoui par la compl\u00e9tude de ses besoins \u00e9l\u00e9mentaires, la libert\u00e9 de pens\u00e9e et de parole en sont, peut jouer pleinement son r\u00f4le dans la soci\u00e9t\u00e9 pour la rendre plus belle.<\/p>\n<p>Une tr\u00e8s bonne \u00e9mission, \u00e0 \u00e9couter en ces temps dangereux de confusion des genres.<\/p>\n<p>Pour finir ma note, je reprendrai cette magnifique phrase de Marguerite Yourcenar:<\/p>\n<p>\u00ab Le coup d&rsquo;\u0152il sur l&rsquo;Histoire, le recul vers une p\u00e9riode \t\t    pass\u00e9e ou, comme \t\t    aurait dit Racine, vers un pays \u00e9loign\u00e9, vous donne des perspectives \t\t    sur votre \u00e9poque et vous permet d&rsquo;y penser davantage, d&rsquo;y voir davantage \t\t    les probl\u00e8mes qui sont les m\u00eames ou les probl\u00e8mes qui \t\t    diff\u00e8rent ou les solutions \t\t  \u00e0 y apporter \u00bb.<\/p>\n<p>C&rsquo;est important l&rsquo;histoire, savoir d&rsquo;o\u00f9 nous venons pour savoir o\u00f9 nous sommes et pr\u00e9parer la marche vers des lendemains que nous esp\u00e9rons tous meilleurs. Un autre petit conseil d&rsquo;\u00e9coute sur France cul: <a href=\"http:\/\/www.franceculture.com\/emission-la-fabrique-de-l-histoire-histoireactualites-du-vendredi-280111-2011-01-28.html\">la fabrique de l&rsquo;histoire du 28 janvier 2011<\/a>. Le rapport est direct. Je vous laisse le plaisir de la d\u00e9couverte.<\/p>\n<p>J&rsquo;ai rat\u00e9 les 111 ans de la naissance de Pr\u00e9vert (un 4 f\u00e9vrier), pour me faire pardonner.<br \/>\n[audio: https:\/\/perruchenautomne.eu\/musique\/08%20Compagnons%20des%20Mauvais%20Jours%20%5bOu%20le%20Concert%20N%27A%20Pas%20%c9te%20R%e9ussi%5d.mp3]<\/p>\n","protected":false},"excerpt":{"rendered":"<p>Sur France culture, les \u00e9missions d&rsquo;histoire sont toujours passionnantes, \u00ab\u00a0Concordances des temps\u00a0\u00bb est une vraie merveille, surtout quand elle prolonge mes lectures du week end. Cette semaine, elle porte sur l&rsquo;origine et l&rsquo;h\u00e9ritage du programme du conseil national de la &hellip; <a href=\"https:\/\/perruchenautomne.eu\/wordpress\/2011\/02\/07\/concordance-des-temps-le-programme-du-cnr\/\">Continuer la lecture <span class=\"meta-nav\">&rarr;<\/span><\/a><\/p>\n","protected":false},"author":1,"featured_media":0,"comment_status":"open","ping_status":"open","sticky":false,"template":"","format":"standard","meta":{"jetpack_post_was_ever_published":false,"_jetpack_newsletter_access":"","_jetpack_dont_email_post_to_subs":false,"_jetpack_newsletter_tier_id":0,"_jetpack_memberships_contains_paywalled_content":false,"_jetpack_memberships_contains_paid_content":false,"footnotes":"","jetpack_publicize_message":"","jetpack_publicize_feature_enabled":true,"jetpack_social_post_already_shared":false,"jetpack_social_options":{"image_generator_settings":{"template":"highway","default_image_id":0,"font":"","enabled":false},"version":2}},"categories":[47],"tags":[8,49,48],"class_list":["post-116","post","type-post","status-publish","format-standard","hentry","category-histoire-2","tag-indignation","tag-prevert","tag-resistance"],"jetpack_publicize_connections":[],"jetpack_featured_media_url":"","jetpack_shortlink":"https:\/\/wp.me\/p1l1zM-1S","jetpack_sharing_enabled":true,"jetpack-related-posts":[],"_links":{"self":[{"href":"https:\/\/perruchenautomne.eu\/wordpress\/wp-json\/wp\/v2\/posts\/116","targetHints":{"allow":["GET"]}}],"collection":[{"href":"https:\/\/perruchenautomne.eu\/wordpress\/wp-json\/wp\/v2\/posts"}],"about":[{"href":"https:\/\/perruchenautomne.eu\/wordpress\/wp-json\/wp\/v2\/types\/post"}],"author":[{"embeddable":true,"href":"https:\/\/perruchenautomne.eu\/wordpress\/wp-json\/wp\/v2\/users\/1"}],"replies":[{"embeddable":true,"href":"https:\/\/perruchenautomne.eu\/wordpress\/wp-json\/wp\/v2\/comments?post=116"}],"version-history":[{"count":3,"href":"https:\/\/perruchenautomne.eu\/wordpress\/wp-json\/wp\/v2\/posts\/116\/revisions"}],"predecessor-version":[{"id":119,"href":"https:\/\/perruchenautomne.eu\/wordpress\/wp-json\/wp\/v2\/posts\/116\/revisions\/119"}],"wp:attachment":[{"href":"https:\/\/perruchenautomne.eu\/wordpress\/wp-json\/wp\/v2\/media?parent=116"}],"wp:term":[{"taxonomy":"category","embeddable":true,"href":"https:\/\/perruchenautomne.eu\/wordpress\/wp-json\/wp\/v2\/categories?post=116"},{"taxonomy":"post_tag","embeddable":true,"href":"https:\/\/perruchenautomne.eu\/wordpress\/wp-json\/wp\/v2\/tags?post=116"}],"curies":[{"name":"wp","href":"https:\/\/api.w.org\/{rel}","templated":true}]}}