{"id":1573,"date":"2013-06-10T18:13:18","date_gmt":"2013-06-10T17:13:18","guid":{"rendered":"https:\/\/perruchenautomne.eu\/wordpress\/?p=1573"},"modified":"2013-06-10T18:13:18","modified_gmt":"2013-06-10T17:13:18","slug":"pas-si-simple-le-risque-cardio-vasculaire-chez-le-patient-avec-une-insuffisance-renale-chronique","status":"publish","type":"post","link":"https:\/\/perruchenautomne.eu\/wordpress\/2013\/06\/10\/pas-si-simple-le-risque-cardio-vasculaire-chez-le-patient-avec-une-insuffisance-renale-chronique\/","title":{"rendered":"Pas si simple le risque cardio-vasculaire chez le patient avec une insuffisance r\u00e9nale chronique"},"content":{"rendered":"<p>L&rsquo;<a href=\"http:\/\/kystes.blog.lemonde.fr\/2010\/06\/14\/comment-stratifier-le-risque-de-mortalite-cardio-vasculaire-facilement-et-pour-pas-trop-cher\/\">insuffisance r\u00e9nale chronique<\/a> est un facteur de risque cardiovasculaire comme la prot\u00e9inurie. Ceci ne fait plus de doute. La principale cause de d\u00e9c\u00e8s chez l&rsquo;insuffisant r\u00e9nal chronique sont les maladies cardiovasculaires. Le sur-risque est tr\u00e8s important. Ceci est bien illustr\u00e9 par ce graphique classique de la mortalit\u00e9 CV chez le dialys\u00e9.<\/p>\n<p><a href=\"https:\/\/perruchenautomne.eu\/wordpress\/wp-content\/uploads\/2013\/06\/Diapositive1.jpg\"><img loading=\"lazy\" decoding=\"async\" class=\"aligncenter size-full wp-image-1574\" alt=\"Diapositive1\" src=\"https:\/\/perruchenautomne.eu\/wordpress\/wp-content\/uploads\/2013\/06\/Diapositive1.jpg\" width=\"960\" height=\"720\" srcset=\"https:\/\/perruchenautomne.eu\/wordpress\/wp-content\/uploads\/2013\/06\/Diapositive1.jpg 960w, https:\/\/perruchenautomne.eu\/wordpress\/wp-content\/uploads\/2013\/06\/Diapositive1-300x225.jpg 300w\" sizes=\"auto, (max-width: 960px) 100vw, 960px\" \/><\/a><\/p>\n<p>Il est tr\u00e8s tentant de penser que la prise en charge optimale des facteurs de risque cardiovasculaire va permettre de diminuer la mortalit\u00e9.<\/p>\n<p>Le facteur de risque classique le plus attaqu\u00e9 a \u00e9t\u00e9 le cholest\u00e9rol. Trois grands essais ont \u00e9t\u00e9 r\u00e9alis\u00e9s, <a href=\"http:\/\/www.nejm.org\/doi\/full\/10.1056\/NEJMoa043545\">4D<\/a>, <a href=\"http:\/\/kystes.blog.lemonde.fr\/2009\/03\/31\/apres-la-reussite-de-jupiter-le-soleil-statinien-ne-se-leve-pas-sur-les-centres-dhemodialyse\/\">AURORA <\/a>et <a href=\"http:\/\/www.thelancet.com\/journals\/lancet\/article\/PIIS0140-6736%2811%2960739-3\/abstract\">SHARP<\/a>. Aucun de ces essais n&rsquo;a montr\u00e9 qu&rsquo;une diminution du cholest\u00e9rol chez l&rsquo;insuffisant r\u00e9nal chronique diminuait la mortalit\u00e9 cardio-vasculaire et\/ou globale. Il n&rsquo;y a donc aucun rationnel \u00e0 l&rsquo;heure actuelle \u00e0 donner une statine en pr\u00e9vention primaire pour diminuer la mortalit\u00e9 des patients insuffisants r\u00e9naux chroniques.<\/p>\n<p>Cet \u00e9chec de l&rsquo;intervention sur le cholest\u00e9rol n&rsquo;est qu&rsquo;une demie-surprise quand on sait que les patients porteurs d&rsquo;une insuffisance r\u00e9nale chronique ont rarement un cholest\u00e9rol tr\u00e8s \u00e9lev\u00e9. Une \u00e9tude r\u00e9cente observationnelle vient enfoncer le clou, sur le r\u00f4le marginal de l&rsquo;hypercholest\u00e9rol\u00e9mie dans le risque cardiovasculaire au cours de l&rsquo;IRC. Il s&rsquo;agit d&rsquo;un travail du <a href=\"http:\/\/www.akdn.info\/\">groupe collaboratif de l&rsquo;Alberta sur les maladies r\u00e9nales chroniques<\/a>. Ce groupe hyperactif <a href=\"http:\/\/www.ncbi.nlm.nih.gov\/pubmed?orig_db=pubmed&amp;term=Alberta%20Kidney%20Disease%20Network&amp;cmd=search&amp;src=\">publie dans une revue majeure, tous les 3 \u00e0 6 mois,<\/a> un nouvel article.<\/p>\n<ol>\n<li><a href=\"http:\/\/jasn.asnjournals.org\/content\/24\/6\/979.abstract\">Tonelli, Marcello, Paul Muntner, Anita Lloyd, Braden Manns, Scott Klarenbach, Neesh Pannu, Matthew James, et Brenda Hemmelgarn. \u00ab\u00a0Association Between LDL-C and Risk of Myocardial Infarction in CKD\u00a0\u00bb. <i>Journal of the American Society of Nephrology<\/i> 24, n<sup>o<\/sup> 6 (31 mai 2013): 979\u2011986. doi:10.1681\/ASN.2012080870.<\/a><\/li>\n<\/ol>\n<p>Les auteurs se sont int\u00e9ress\u00e9s dans un grande cohorte de patients plus de 836060, inclus de 2002 \u00e0 2009 avec un suivi m\u00e9dian de 48 mois, \u00e0 la fr\u00e9quence de survenue d&rsquo;un infarctus du myocarde (IDM) en fonction du niveau de LDL-C et du DFG estim\u00e9. Leur r\u00e9sultat montre que plus le cholest\u00e9rol est \u00e9lev\u00e9 plus le risque de pr\u00e9senter un IDM est important quelques soit le DFGe (CKD-Epi). Un r\u00e9sultat \u00ab\u00a0amusant\u00a0\u00bb est que le risque <strong>non ajust\u00e9<\/strong> de pr\u00e9senter un IDM est plus important chez le groupe de patients (9,7 IDM\/1000 patients-ann\u00e9e) avec le LDL le plus bas (&lt;2.6 mmol\/l) et le DFGe (15-59 ml\/mn) le plus bas\u00a0 que chez ceux (3.1\/1000 IDM\/1000 patients-ann\u00e9e) avec le cholest\u00e9rol le plus haut (&gt;4.9 mmol\/l) mais une fonction r\u00e9nale normale (&gt;90 ml\/mn). Apr\u00e8s ajustement ceci disparait. Les auteurs ont r\u00e9alis\u00e9 une int\u00e9ressante analyse statistique pour voir l&rsquo;effet de l&rsquo;augmentation du cholest\u00e9rol sur le risque d&rsquo;IDM entre diff\u00e9rents groupes de patient avec des DFG variables. C&rsquo;est LE r\u00e9sultat.<\/p>\n<p><a href=\"https:\/\/perruchenautomne.eu\/wordpress\/wp-content\/uploads\/2013\/06\/figurepapier.jpg\"><img loading=\"lazy\" decoding=\"async\" class=\"aligncenter size-full wp-image-1578\" alt=\"figurepapier\" src=\"https:\/\/perruchenautomne.eu\/wordpress\/wp-content\/uploads\/2013\/06\/figurepapier.jpg\" width=\"1075\" height=\"723\" srcset=\"https:\/\/perruchenautomne.eu\/wordpress\/wp-content\/uploads\/2013\/06\/figurepapier.jpg 1075w, https:\/\/perruchenautomne.eu\/wordpress\/wp-content\/uploads\/2013\/06\/figurepapier-300x201.jpg 300w, https:\/\/perruchenautomne.eu\/wordpress\/wp-content\/uploads\/2013\/06\/figurepapier-1024x688.jpg 1024w\" sizes=\"auto, (max-width: 1075px) 100vw, 1075px\" \/><\/a><\/p>\n<p>Chez le patient sans IRC l&rsquo;augmentation du risque de pr\u00e9senter un IDM croit de fa\u00e7on exponentielle avec celle du cholest\u00e9rol, chez ceux avec une IRC cette augmentation est seulement lin\u00e9aire. La conclusion des auteurs est que le poids du cholest\u00e9rol sur le risque cardio-vasculaire est plus faible chez le patient insuffisant r\u00e9nal chronique que chez le patient sans IRC. Le LDL-cholest\u00e9rol est un mauvais marqueur du risque CV chez l&rsquo;insuffisant r\u00e9nal chronique.<\/p>\n<p>Ce beau travail observationnel explique en partie l&rsquo;absence de b\u00e9n\u00e9fice du traitement dans les essais. Je vous rappelle qu&rsquo;ici nous ne parlons que du LDL-C et de l&rsquo;IDM et en aucun cas de la mortalit\u00e9. J&rsquo;aimerai avoir ces chiffres&#8230; Mon petit doigt me dit qu&rsquo;on va les voir sortir bient\u00f4t mais dans un meilleur journal que JASN&#8230; Juste dans la figure, regardez bien dans la population g\u00e9n\u00e9rale, l&rsquo;aspect de la courbe&#8230;<\/p>\n<p>J&rsquo;esp\u00e8re vous avoir convaincu que s&rsquo;acharner \u00e0 lutter contre l&rsquo;hypercholest\u00e9rol\u00e9mie chez l&rsquo;IRC n&rsquo;est pas un combat qui devrait trop mobiliser nos forces surtout en pr\u00e9vention primaire.\u00a0\u00a0 C&rsquo;est un facteur de risque cardio-vasculaire ind\u00e9niable mais dont le poids n&rsquo;a rien \u00e0 voir avec celui observ\u00e9 dans la population g\u00e9n\u00e9rale.<\/p>\n","protected":false},"excerpt":{"rendered":"<p>L&rsquo;insuffisance r\u00e9nale chronique est un facteur de risque cardiovasculaire comme la prot\u00e9inurie. Ceci ne fait plus de doute. La principale cause de d\u00e9c\u00e8s chez l&rsquo;insuffisant r\u00e9nal chronique sont les maladies cardiovasculaires. Le sur-risque est tr\u00e8s important. Ceci est bien illustr\u00e9 &hellip; <a href=\"https:\/\/perruchenautomne.eu\/wordpress\/2013\/06\/10\/pas-si-simple-le-risque-cardio-vasculaire-chez-le-patient-avec-une-insuffisance-renale-chronique\/\">Continuer la lecture <span class=\"meta-nav\">&rarr;<\/span><\/a><\/p>\n","protected":false},"author":1,"featured_media":0,"comment_status":"open","ping_status":"open","sticky":false,"template":"","format":"standard","meta":{"jetpack_post_was_ever_published":false,"_jetpack_newsletter_access":"","_jetpack_dont_email_post_to_subs":false,"_jetpack_newsletter_tier_id":0,"_jetpack_memberships_contains_paywalled_content":false,"_jetpack_memberships_contains_paid_content":false,"footnotes":"","jetpack_publicize_message":"","jetpack_publicize_feature_enabled":true,"jetpack_social_post_already_shared":true,"jetpack_social_options":{"image_generator_settings":{"template":"highway","default_image_id":0,"font":"","enabled":false},"version":2}},"categories":[13,14],"tags":[664,663,662,351],"class_list":["post-1573","post","type-post","status-publish","format-standard","hentry","category-medecine-2","category-nephrologie","tag-alberta","tag-cholesterol","tag-infarctus-du-myocarde","tag-insuffisance-renale-chronique"],"jetpack_publicize_connections":[],"jetpack_featured_media_url":"","jetpack_shortlink":"https:\/\/wp.me\/p1l1zM-pn","jetpack_sharing_enabled":true,"jetpack-related-posts":[],"_links":{"self":[{"href":"https:\/\/perruchenautomne.eu\/wordpress\/wp-json\/wp\/v2\/posts\/1573","targetHints":{"allow":["GET"]}}],"collection":[{"href":"https:\/\/perruchenautomne.eu\/wordpress\/wp-json\/wp\/v2\/posts"}],"about":[{"href":"https:\/\/perruchenautomne.eu\/wordpress\/wp-json\/wp\/v2\/types\/post"}],"author":[{"embeddable":true,"href":"https:\/\/perruchenautomne.eu\/wordpress\/wp-json\/wp\/v2\/users\/1"}],"replies":[{"embeddable":true,"href":"https:\/\/perruchenautomne.eu\/wordpress\/wp-json\/wp\/v2\/comments?post=1573"}],"version-history":[{"count":3,"href":"https:\/\/perruchenautomne.eu\/wordpress\/wp-json\/wp\/v2\/posts\/1573\/revisions"}],"predecessor-version":[{"id":1579,"href":"https:\/\/perruchenautomne.eu\/wordpress\/wp-json\/wp\/v2\/posts\/1573\/revisions\/1579"}],"wp:attachment":[{"href":"https:\/\/perruchenautomne.eu\/wordpress\/wp-json\/wp\/v2\/media?parent=1573"}],"wp:term":[{"taxonomy":"category","embeddable":true,"href":"https:\/\/perruchenautomne.eu\/wordpress\/wp-json\/wp\/v2\/categories?post=1573"},{"taxonomy":"post_tag","embeddable":true,"href":"https:\/\/perruchenautomne.eu\/wordpress\/wp-json\/wp\/v2\/tags?post=1573"}],"curies":[{"name":"wp","href":"https:\/\/api.w.org\/{rel}","templated":true}]}}