{"id":1644,"date":"2013-07-17T07:12:51","date_gmt":"2013-07-17T06:12:51","guid":{"rendered":"https:\/\/perruchenautomne.eu\/wordpress\/?p=1644"},"modified":"2013-07-17T07:12:51","modified_gmt":"2013-07-17T06:12:51","slug":"resistance","status":"publish","type":"post","link":"https:\/\/perruchenautomne.eu\/wordpress\/2013\/07\/17\/resistance\/","title":{"rendered":"R\u00e9sistance"},"content":{"rendered":"<p>Une courte note d\u00e9dicac\u00e9e \u00e0 <a href=\"https:\/\/twitter.com\/Fluorette\">Fluorette<\/a>, elle m&rsquo;en a donn\u00e9 l&rsquo;id\u00e9e hier. Je lui offre avec plaisir ces mots qu&rsquo;elle pourra envoyer \u00e0 \u00ab\u00a0ses amis\u00a0\u00bb, les Black Panthers de Civitas, quand ils utilisent \u00e0 tort et \u00e0 travers le mot de <a href=\"http:\/\/fr.wikipedia.org\/wiki\/Resistance\">\u00ab\u00a0r\u00e9sistance\u00a0\u00bb<\/a>.<\/p>\n<p>Les lundis de l&rsquo;histoire \u00e9tait consacr\u00e9s \u00e0 une biographie de <a href=\"http:\/\/fr.wikipedia.org\/wiki\/Charlotte_Delbo\">Charlotte Delbo<\/a>. Elle incarne l\u2019esprit de r\u00e9sistance, r\u00e9sistance au nazisme, \u00e0 la guerre d\u2019Alg\u00e9rie. \u00c9coutez <a href=\"http:\/\/www.franceculture.fr\/emission-les-lundis-de-l-histoire-charlotte-delbo-1913-1985-et-la-memoire-d-auschwitz-2013-07-15\">l&rsquo;\u00e9mission de michelle Perrot<\/a> pour d\u00e9couvrir cette femme qui ne pourra vous laisser indiff\u00e9rent et pour comprendre ce qu&rsquo;est r\u00e9sister. Repartir en France en 1941 alors que tu es Am\u00e9rique du Sud pour entrer en clandestinit\u00e9, c&rsquo;est autre chose que manifester en mocassins \u00e0 Paris en 2013. Elle sera d\u00e9port\u00e9e \u00e0 <a href=\"http:\/\/www.auschwitz.org.pl\/\">Auschwitz<\/a>.<\/p>\n<p>Je vous propose un extrait du po\u00e8me introductif de son \u0153uvre \u00ab\u00a0Aucun de nous ne reviendra\u00a0\u00bb:<\/p>\n<blockquote><p><span style=\"font-family: Century Gothic;\"><span style=\"font-size: xx-small;\">Il y a ceux qui viennent de Varsovie avec de grands ch\u00e2les et des baluchons nou\u00e9s.<br \/>\nIl y a ceux qui viennent de Zagreb, les femmes avec des mouchoirs sur la t\u00eate.<br \/>\nIl y a ceux qui viennent du Danube avec des tricots faits \u00e0 la main dans des laines multicolores.<br \/>\nIl y a ceux qui viennent de Gr\u00e8ce, ils ont emport\u00e9 des olives noires et du rahat-lokoum.<br \/>\nIl y a ceux qui viennent de Monte Carlo, ils \u00e9taient au casino.<br \/>\nIl y a des mari\u00e9s, les parents et les invit\u00e9s.<br \/>\nIl y a les fillettes d\u2019un pensionnat avec leurs jupes pliss\u00e9es toutes pareilles, leurs chapeaux \u00e0 ruban bleu qui flotte. \u2026<br \/>\n[]<br \/>\nIl y a une m\u00e8re \u2026<br \/>\n[]<br \/>\nIl y a une petite fille qui tient sa poup\u00e9e sur son c\u0153ur, on asphyxie aussi les poup\u00e9es.<\/span><\/span><\/p><\/blockquote>\n<p>Et il n&rsquo;y a rien \u00e0 rajouter.<\/p>\n","protected":false},"excerpt":{"rendered":"<p>Une courte note d\u00e9dicac\u00e9e \u00e0 Fluorette, elle m&rsquo;en a donn\u00e9 l&rsquo;id\u00e9e hier. Je lui offre avec plaisir ces mots qu&rsquo;elle pourra envoyer \u00e0 \u00ab\u00a0ses amis\u00a0\u00bb, les Black Panthers de Civitas, quand ils utilisent \u00e0 tort et \u00e0 travers le mot &hellip; <a href=\"https:\/\/perruchenautomne.eu\/wordpress\/2013\/07\/17\/resistance\/\">Continuer la lecture <span class=\"meta-nav\">&rarr;<\/span><\/a><\/p>\n","protected":false},"author":1,"featured_media":0,"comment_status":"open","ping_status":"open","sticky":false,"template":"","format":"standard","meta":{"jetpack_post_was_ever_published":false,"_jetpack_newsletter_access":"","_jetpack_dont_email_post_to_subs":false,"_jetpack_newsletter_tier_id":0,"_jetpack_memberships_contains_paywalled_content":false,"_jetpack_memberships_contains_paid_content":false,"footnotes":"","jetpack_publicize_message":"","jetpack_publicize_feature_enabled":true,"jetpack_social_post_already_shared":true,"jetpack_social_options":{"image_generator_settings":{"template":"highway","default_image_id":0,"font":"","enabled":false},"version":2}},"categories":[95,47,34],"tags":[698,695,7,697,696,48],"class_list":["post-1644","post","type-post","status-publish","format-standard","hentry","category-blog","category-histoire-2","category-litterature","tag-auschwitz","tag-delbo","tag-histoire","tag-incarnation","tag-les-lundis-de-lhistoire","tag-resistance"],"jetpack_publicize_connections":[],"jetpack_featured_media_url":"","jetpack_shortlink":"https:\/\/wp.me\/p1l1zM-qw","jetpack_sharing_enabled":true,"jetpack-related-posts":[],"_links":{"self":[{"href":"https:\/\/perruchenautomne.eu\/wordpress\/wp-json\/wp\/v2\/posts\/1644","targetHints":{"allow":["GET"]}}],"collection":[{"href":"https:\/\/perruchenautomne.eu\/wordpress\/wp-json\/wp\/v2\/posts"}],"about":[{"href":"https:\/\/perruchenautomne.eu\/wordpress\/wp-json\/wp\/v2\/types\/post"}],"author":[{"embeddable":true,"href":"https:\/\/perruchenautomne.eu\/wordpress\/wp-json\/wp\/v2\/users\/1"}],"replies":[{"embeddable":true,"href":"https:\/\/perruchenautomne.eu\/wordpress\/wp-json\/wp\/v2\/comments?post=1644"}],"version-history":[{"count":1,"href":"https:\/\/perruchenautomne.eu\/wordpress\/wp-json\/wp\/v2\/posts\/1644\/revisions"}],"predecessor-version":[{"id":1645,"href":"https:\/\/perruchenautomne.eu\/wordpress\/wp-json\/wp\/v2\/posts\/1644\/revisions\/1645"}],"wp:attachment":[{"href":"https:\/\/perruchenautomne.eu\/wordpress\/wp-json\/wp\/v2\/media?parent=1644"}],"wp:term":[{"taxonomy":"category","embeddable":true,"href":"https:\/\/perruchenautomne.eu\/wordpress\/wp-json\/wp\/v2\/categories?post=1644"},{"taxonomy":"post_tag","embeddable":true,"href":"https:\/\/perruchenautomne.eu\/wordpress\/wp-json\/wp\/v2\/tags?post=1644"}],"curies":[{"name":"wp","href":"https:\/\/api.w.org\/{rel}","templated":true}]}}