{"id":1653,"date":"2013-08-04T07:05:04","date_gmt":"2013-08-04T06:05:04","guid":{"rendered":"https:\/\/perruchenautomne.eu\/wordpress\/?p=1653"},"modified":"2013-08-04T07:05:04","modified_gmt":"2013-08-04T06:05:04","slug":"je-renaitrai-danise-koltz","status":"publish","type":"post","link":"https:\/\/perruchenautomne.eu\/wordpress\/2013\/08\/04\/je-renaitrai-danise-koltz\/","title":{"rendered":"\u00ab\u00a0Je rena\u00eetrai\u00a0\u00bb d&rsquo;Anise Koltz"},"content":{"rendered":"<p>La po\u00e9sie a des fulgurances, des \u00e9vidences que n&rsquo;aura jamais la prose. Je viens de d\u00e9couvrir un immense po\u00e8te, <a href=\"http:\/\/www.arfuyen.fr\/html\/ficheauteur.asp?id_aut=1069\">Anise Koltz<\/a>. Je viens de d\u00e9couvrir un des plus beaux et \u00e9mouvants recueils de po\u00e9sie que je n&rsquo;ai jamais lu, \u00ab\u00a0Je rena\u00eetrai\u00a0\u00bb.<\/p>\n<p>Des po\u00e8mes sur l&rsquo;\u00e9criture, la nature, l&rsquo;amour, la mort, la vie&#8230;<\/p>\n<p>La citation comme pr\u00e9face est un programme:<\/p>\n<blockquote>\n<div>\u00abLa po\u00e9sie est un r\u00eave<br \/>\nfait \u00e0 l&rsquo;ombre de la raison\u00bb<br \/>\nTomass Cesa<\/div>\n<\/blockquote>\n<p>Angoisse de la mort, amour de la vie dans des po\u00e8mes brefs, cisel\u00e9s comme des diamants. Les images s&rsquo;imposent \u00e0 nous, s&rsquo;incrustent, les mots raisonnent, vous commencez par lire un po\u00e8me, deux, trois et vous avez fini le recueil. Vous n&rsquo;avez qu&rsquo;une envie l&rsquo;ouvrir \u00e0 nouveau pour vous enivrer de la beaut\u00e9 simple de cette langue \u00e9l\u00e9gante.<\/p>\n<p>Ici on touche \u00e0 l&rsquo;essence de la po\u00e9sie, \u00e0 l&rsquo;essence de l&rsquo;\u00eatre, pas de chichi, pas de circonvolutions, du brut, pas de d\u00e9tours, droit au but. Il y a comme une urgence \u00e0 dire, \u00e0 faire trace, \u00e0 semer une graine dans notre cerveau. J&rsquo;aime ces po\u00e8mes, ils me parlent comme si ils n&rsquo;avaient \u00e9t\u00e9 \u00e9crit que pour moi.<\/p>\n<p>Cette \u00e9criture dans son d\u00e9pouillement est exceptionnelle, on se dit \u00e7a doit \u00eatre facile car c&rsquo;est facile \u00e0 lire. Cette simplicit\u00e9 est si difficile \u00e0 atteindre. Comme des ha\u00efkus qui n&rsquo;en sont pas. Elle a quelques mots splendides sur la richesse du silence, d\u00e9couvrez les.<\/p>\n<p>Je ne peux que vous dire: \u00ab\u00a0Lisez\u00a0\u00bb.<\/p>\n<blockquote>\n<div><strong>Le temps n&rsquo;appartient qu&rsquo;au temps<\/strong><\/div>\n<div>mais il m&rsquo;arrive<br \/>\nque je me sente plus mortelle<br \/>\nun jour<br \/>\nqu&rsquo;un autre<\/div>\n<div><\/div>\n<div><strong>Les \u00e9toiles<\/strong><\/div>\n<div>Le ciel est devenu<\/div>\n<div>un ab\u00eeme de clart\u00e9<\/div>\n<div>Toutes les \u00e9toiles<\/div>\n<div>des juifs gaz\u00e9s<\/div>\n<div>sont \u00e9pingl\u00e9s au firmament<\/div>\n<div><\/div>\n<div><strong>Le d\u00e9sert<\/strong><\/div>\n<div>Le d\u00e9sert<\/div>\n<div>un sablier<\/div>\n<div>que nous avons oubli\u00e9<\/div>\n<div>de retourner<\/div>\n<div><\/div>\n<div>\n<div><strong>Dans mon corps<\/strong><\/div>\n<div>Dans mon corps de location<\/div>\n<div>la mort na\u00eet<\/div>\n<div>de ma vie<\/div>\n<div><\/div>\n<div><strong>La page<\/strong><\/div>\n<div>La caravane de mes mots<\/div>\n<div>traverse la page<\/div>\n<div>d\u00e9sert blanc<\/div>\n<div>sans rep\u00e8res<\/div>\n<div>sans points d&rsquo;eau<\/div>\n<div><\/div>\n<div>\n<div><strong>Je suis poursuivie par la mort<\/strong><\/div>\n<div>D&rsquo; elle provenait la lumi\u00e8re invisible<\/div>\n<div>dont j&rsquo; apercevais le reflet<\/div>\n<div>et qui me guidait d\u00e8s l&rsquo; enfance<\/div>\n<div><\/div>\n<div>\n<div><strong>La po\u00e9sie<\/strong><\/div>\n<div>La po\u00e9sie<\/div>\n<div>est la toxicomanie<\/div>\n<div>de la parole<\/div>\n<div><\/div>\n<\/div>\n<\/div>\n<\/div>\n<\/blockquote>\n<div><\/div>\n","protected":false},"excerpt":{"rendered":"<p>La po\u00e9sie a des fulgurances, des \u00e9vidences que n&rsquo;aura jamais la prose. Je viens de d\u00e9couvrir un immense po\u00e8te, Anise Koltz. Je viens de d\u00e9couvrir un des plus beaux et \u00e9mouvants recueils de po\u00e9sie que je n&rsquo;ai jamais lu, \u00ab\u00a0Je &hellip; <a href=\"https:\/\/perruchenautomne.eu\/wordpress\/2013\/08\/04\/je-renaitrai-danise-koltz\/\">Continuer la lecture <span class=\"meta-nav\">&rarr;<\/span><\/a><\/p>\n","protected":false},"author":1,"featured_media":0,"comment_status":"open","ping_status":"open","sticky":false,"template":"","format":"standard","meta":{"jetpack_post_was_ever_published":false,"_jetpack_newsletter_access":"","_jetpack_dont_email_post_to_subs":false,"_jetpack_newsletter_tier_id":0,"_jetpack_memberships_contains_paywalled_content":false,"_jetpack_memberships_contains_paid_content":false,"footnotes":"","jetpack_publicize_message":"","jetpack_publicize_feature_enabled":true,"jetpack_social_post_already_shared":true,"jetpack_social_options":{"image_generator_settings":{"template":"highway","default_image_id":0,"font":"","enabled":false},"version":2}},"categories":[34],"tags":[701,702,111],"class_list":["post-1653","post","type-post","status-publish","format-standard","hentry","category-litterature","tag-anise-koltz","tag-je-renaitrai","tag-poesie"],"jetpack_publicize_connections":[],"jetpack_featured_media_url":"","jetpack_shortlink":"https:\/\/wp.me\/p1l1zM-qF","jetpack_sharing_enabled":true,"jetpack-related-posts":[],"_links":{"self":[{"href":"https:\/\/perruchenautomne.eu\/wordpress\/wp-json\/wp\/v2\/posts\/1653","targetHints":{"allow":["GET"]}}],"collection":[{"href":"https:\/\/perruchenautomne.eu\/wordpress\/wp-json\/wp\/v2\/posts"}],"about":[{"href":"https:\/\/perruchenautomne.eu\/wordpress\/wp-json\/wp\/v2\/types\/post"}],"author":[{"embeddable":true,"href":"https:\/\/perruchenautomne.eu\/wordpress\/wp-json\/wp\/v2\/users\/1"}],"replies":[{"embeddable":true,"href":"https:\/\/perruchenautomne.eu\/wordpress\/wp-json\/wp\/v2\/comments?post=1653"}],"version-history":[{"count":3,"href":"https:\/\/perruchenautomne.eu\/wordpress\/wp-json\/wp\/v2\/posts\/1653\/revisions"}],"predecessor-version":[{"id":1656,"href":"https:\/\/perruchenautomne.eu\/wordpress\/wp-json\/wp\/v2\/posts\/1653\/revisions\/1656"}],"wp:attachment":[{"href":"https:\/\/perruchenautomne.eu\/wordpress\/wp-json\/wp\/v2\/media?parent=1653"}],"wp:term":[{"taxonomy":"category","embeddable":true,"href":"https:\/\/perruchenautomne.eu\/wordpress\/wp-json\/wp\/v2\/categories?post=1653"},{"taxonomy":"post_tag","embeddable":true,"href":"https:\/\/perruchenautomne.eu\/wordpress\/wp-json\/wp\/v2\/tags?post=1653"}],"curies":[{"name":"wp","href":"https:\/\/api.w.org\/{rel}","templated":true}]}}