{"id":1695,"date":"2013-09-23T09:50:39","date_gmt":"2013-09-23T08:50:39","guid":{"rendered":"https:\/\/perruchenautomne.eu\/wordpress\/?p=1695"},"modified":"2013-09-23T09:50:39","modified_gmt":"2013-09-23T08:50:39","slug":"soutien-et-suggestion-a-privesdemg","status":"publish","type":"post","link":"https:\/\/perruchenautomne.eu\/wordpress\/2013\/09\/23\/soutien-et-suggestion-a-privesdemg\/","title":{"rendered":"Soutien et suggestion \u00e0 #Priv\u00e9sdeMG"},"content":{"rendered":"<p>Un groupe de m\u00e9decins g\u00e9n\u00e9ralistes avait lanc\u00e9 l&rsquo;ann\u00e9e derni\u00e8re une initiative que je trouvais int\u00e9ressante. J&rsquo;ai <a href=\"https:\/\/perruchenautomne.eu\/wordpress\/?p=1035\">d\u00e9j\u00e0 expliqu\u00e9 pourquoi<\/a> et je ne reviendrai pas dessus, car les propositions sont <a href=\"http:\/\/www.clubdesmedecinsblogueurs.com\/PrivesDeMG\/\">les m\u00eames<\/a>.<\/p>\n<p>J&rsquo;aimerai juste sugg\u00e9rer une revendication aux initiateurs de ce mouvement. Leur souhait est d&rsquo;obtenir un label universitaire pour faire un v\u00e9ritable enseignement de soins primaires dans des structures d\u00e9di\u00e9es. Pour que ceci marche, il ne faut pas qu&rsquo;interpeller le ministre de la sant\u00e9 mais aussi le ministre de l&rsquo;enseignement sup\u00e9rieur.<\/p>\n<p>Si j&rsquo;\u00e9tais m\u00e9decin g\u00e9n\u00e9raliste, convaincu de la sp\u00e9cificit\u00e9 de ma sp\u00e9cialit\u00e9, j&rsquo;exigerai qu&rsquo;une sous section, M\u00e9decine G\u00e9n\u00e9rale ou M\u00e9decine de soins primaires ou M\u00e9decine Familiale, sp\u00e9cifique du <a href=\"http:\/\/www.cpcnu.fr\/;jsessionid=1B9C06C9952610AB942BD8220D48EEB3\">Conseil National des Universit\u00e9s (CNU)<\/a> soit cr\u00e9\u00e9e. Vous me direz: \u00ab\u00a0qu&rsquo;est ce que le CNU?\u00a0\u00bb C&rsquo;est l&rsquo;instance nationale comp\u00e9tente \u00e0 l&rsquo;\u00e9gard du <strong>recrutement<\/strong> et du suivi de la carri\u00e8re des professeurs des universit\u00e9s et des ma\u00eetres de conf\u00e9rences. Toute universitaire, dans quelques disciplines que ce soit obtient une qualification devant son CNU selon des modalit\u00e9s qui sont variables d&rsquo;une section ou sous-section \u00e0 l&rsquo;autre. Actuellement, la m\u00e9decine g\u00e9n\u00e9rale est dans la <a href=\"http:\/\/www.cpcnu.fr\/web\/sous-section-5301\/presentation\">sous section 53.01<\/a>: M\u00e9decine interne ; g\u00e9riatrie et biologie du vieillissement ; m\u00e9decine g\u00e9n\u00e9rale ; addictologie (4 options). Comme vous pouvez le constatez cette sous section est une jolie auberge espagnole, o\u00f9 a \u00e9t\u00e9 rajout\u00e9 au fur et \u00e0 mesure des choses. Quand on connait la m\u00e9decine interne universitaire, on se demande comment les candidats MG sont \u00e9valu\u00e9s (<a href=\"http:\/\/www.cpcnu.fr\/web\/sous-section-5301\/recommandations-recrutement\">les crit\u00e8res sont l\u00e0<\/a>). Les <a href=\"http:\/\/www.cpcnu.fr\/web\/sous-section-5301\/membres-de-la-sous-section\">membres de la sous section<\/a>, en premi\u00e8re approximation, ne me semble pas avoir une app\u00e9tence particuli\u00e8re pour la m\u00e9decine de soins primaires. Il y a des internistes purs et durs (style Dr House) et des g\u00e9riatres. Il ne faut pas s&rsquo;\u00e9tonner de la difficult\u00e9 \u00e0 nommer des professeurs ou des maitres de conf\u00e9rence en MG.<\/p>\n<p>Il me semble que tant qu&rsquo;une sous section ne sera pas d\u00e9di\u00e9e \u00e0 la m\u00e9decine g\u00e9n\u00e9rale, la situation stagnera. En passant, vous retrouverez l&rsquo;addictologie dans 7 sous sections.<\/p>\n<p>J&rsquo;aime le mouvement #priv\u00e9sdeMG car il vient de la base fruit d&rsquo;une d\u00e9marche typiquement 2.0. L&rsquo;approche est excellente, mais en France on aime faire d\u00e9gouliner le savoir comme le caramel sur le Flamby. Pour faire avancer la situation de l&rsquo;enseignement de la MG en France, je suis convaincu qu&rsquo;il faut une sous section autonome de MG au CNU. Elle permettra un recrutement universitaire adapt\u00e9 au besoins de la sp\u00e9cialit\u00e9. Il existe bien une sous section pour la m\u00e9decine de reproduction.<\/p>\n<p>Au vu des propositions du jour du minist\u00e8re de la sant\u00e9 (g\u00e9n\u00e9ralisation du tiers payant et des compl\u00e9mentaires, m\u00e9decins lib\u00e9raux avec un salaire fixe garanti, territorialisation du soin), la m\u00e9decine lib\u00e9rale va disparaitre en France, cette apparition d&rsquo;un salariat de soins primaires permettra la cr\u00e9ation d&rsquo;un statut de PU-PMG (professeur des universit\u00e9s-praticien de m\u00e9decine g\u00e9n\u00e9rale) calqu\u00e9 sur celui des PU-PH sans grande difficult\u00e9. En passant, il est amusant de voir comme on se dirige sans oser le dire vers un syst\u00e8me \u00e0 l&rsquo;anglaise sauce fran\u00e7aise, c&rsquo;est \u00e0 dire en gardant le millefeuille (s\u00e9curit\u00e9 sociale, mutuelles, assureurs, ARS, CHG, CHU etc), plut\u00f4t <a href=\"http:\/\/www.nhs.uk\/Pages\/HomePage.aspx\">qu&rsquo;un NHS<\/a>.<\/p>\n<p>En attendant, cette mort \u00e0 l&rsquo;\u00e9touff\u00e9 de la m\u00e9decine lib\u00e9rale, r\u00e9clamer au minist\u00e8re de l&rsquo;enseignement sup\u00e9rieur une sous section du CNU-sant\u00e9 en m\u00e9decine g\u00e9n\u00e9rale me parait une bonne revendication.<\/p>\n<p>Ceci aura \u00e9t\u00e9 mon soutien, je le reconnais volontiers, un peu technique aux #priv\u00e9sdeMG.<\/p>\n","protected":false},"excerpt":{"rendered":"<p>Un groupe de m\u00e9decins g\u00e9n\u00e9ralistes avait lanc\u00e9 l&rsquo;ann\u00e9e derni\u00e8re une initiative que je trouvais int\u00e9ressante. J&rsquo;ai d\u00e9j\u00e0 expliqu\u00e9 pourquoi et je ne reviendrai pas dessus, car les propositions sont les m\u00eames. J&rsquo;aimerai juste sugg\u00e9rer une revendication aux initiateurs de ce &hellip; <a href=\"https:\/\/perruchenautomne.eu\/wordpress\/2013\/09\/23\/soutien-et-suggestion-a-privesdemg\/\">Continuer la lecture <span class=\"meta-nav\">&rarr;<\/span><\/a><\/p>\n","protected":false},"author":1,"featured_media":0,"comment_status":"open","ping_status":"open","sticky":false,"template":"","format":"standard","meta":{"jetpack_post_was_ever_published":false,"_jetpack_newsletter_access":"","_jetpack_dont_email_post_to_subs":false,"_jetpack_newsletter_tier_id":0,"_jetpack_memberships_contains_paywalled_content":false,"_jetpack_memberships_contains_paid_content":false,"footnotes":"","jetpack_publicize_message":"","jetpack_publicize_feature_enabled":true,"jetpack_social_post_already_shared":true,"jetpack_social_options":{"image_generator_settings":{"template":"highway","default_image_id":0,"font":"","enabled":false},"version":2}},"categories":[13,11],"tags":[717,716],"class_list":["post-1695","post","type-post","status-publish","format-standard","hentry","category-medecine-2","category-medecine-humeur","tag-cnu","tag-privesdemg"],"jetpack_publicize_connections":[],"jetpack_featured_media_url":"","jetpack_shortlink":"https:\/\/wp.me\/p1l1zM-rl","jetpack_sharing_enabled":true,"jetpack-related-posts":[],"_links":{"self":[{"href":"https:\/\/perruchenautomne.eu\/wordpress\/wp-json\/wp\/v2\/posts\/1695","targetHints":{"allow":["GET"]}}],"collection":[{"href":"https:\/\/perruchenautomne.eu\/wordpress\/wp-json\/wp\/v2\/posts"}],"about":[{"href":"https:\/\/perruchenautomne.eu\/wordpress\/wp-json\/wp\/v2\/types\/post"}],"author":[{"embeddable":true,"href":"https:\/\/perruchenautomne.eu\/wordpress\/wp-json\/wp\/v2\/users\/1"}],"replies":[{"embeddable":true,"href":"https:\/\/perruchenautomne.eu\/wordpress\/wp-json\/wp\/v2\/comments?post=1695"}],"version-history":[{"count":2,"href":"https:\/\/perruchenautomne.eu\/wordpress\/wp-json\/wp\/v2\/posts\/1695\/revisions"}],"predecessor-version":[{"id":1697,"href":"https:\/\/perruchenautomne.eu\/wordpress\/wp-json\/wp\/v2\/posts\/1695\/revisions\/1697"}],"wp:attachment":[{"href":"https:\/\/perruchenautomne.eu\/wordpress\/wp-json\/wp\/v2\/media?parent=1695"}],"wp:term":[{"taxonomy":"category","embeddable":true,"href":"https:\/\/perruchenautomne.eu\/wordpress\/wp-json\/wp\/v2\/categories?post=1695"},{"taxonomy":"post_tag","embeddable":true,"href":"https:\/\/perruchenautomne.eu\/wordpress\/wp-json\/wp\/v2\/tags?post=1695"}],"curies":[{"name":"wp","href":"https:\/\/api.w.org\/{rel}","templated":true}]}}