{"id":1709,"date":"2013-10-28T21:45:38","date_gmt":"2013-10-28T20:45:38","guid":{"rendered":"https:\/\/perruchenautomne.eu\/wordpress\/?p=1709"},"modified":"2013-10-29T07:19:47","modified_gmt":"2013-10-29T06:19:47","slug":"dans-les-rues-italiennes","status":"publish","type":"post","link":"https:\/\/perruchenautomne.eu\/wordpress\/2013\/10\/28\/dans-les-rues-italiennes\/","title":{"rendered":"Dans les rues italiennes&#8230;"},"content":{"rendered":"<p>J&rsquo;aime me promener dans les villes.Les d\u00e9couvertes au d\u00e9tour d&rsquo;un angle de rue en disent plus sur notre soci\u00e9t\u00e9 qu&rsquo;un long discours. Voici trois petits clich\u00e9s pris dans trois lieux du d\u00e9but de mes vacances automnales.<\/p>\n<p>Brescia est une ville qui rec\u00e8le des petits tr\u00e9sors de street art. Je vous propose, cette vierge aur\u00e9ol\u00e9 de n\u00e9on sous la garde de ses cam\u00e9ras de surveillance.<\/p>\n<p><a href=\"https:\/\/perruchenautomne.eu\/wordpress\/wp-content\/uploads\/2013\/10\/street-art-in-brescia.jpg\"><img loading=\"lazy\" decoding=\"async\" class=\"aligncenter size-full wp-image-1710\" alt=\"street art in brescia\" src=\"https:\/\/perruchenautomne.eu\/wordpress\/wp-content\/uploads\/2013\/10\/street-art-in-brescia.jpg\" width=\"4367\" height=\"3074\" srcset=\"https:\/\/perruchenautomne.eu\/wordpress\/wp-content\/uploads\/2013\/10\/street-art-in-brescia.jpg 4367w, https:\/\/perruchenautomne.eu\/wordpress\/wp-content\/uploads\/2013\/10\/street-art-in-brescia-300x211.jpg 300w, https:\/\/perruchenautomne.eu\/wordpress\/wp-content\/uploads\/2013\/10\/street-art-in-brescia-1024x720.jpg 1024w\" sizes=\"auto, (max-width: 4367px) 100vw, 4367px\" \/><\/a>La seconde est une magnifique mosa\u00efque dans une \u00e9glise de Murano. Du floor-art, <a href=\"http:\/\/www.streetartnews.net\/2013\/10\/street-art-invasions-nyc-invader.html\">Invader<\/a> n&rsquo;a rien invent\u00e9.<\/p>\n<p><a href=\"https:\/\/perruchenautomne.eu\/wordpress\/wp-content\/uploads\/2013\/10\/floor-art-religieux-murano.jpg\"><img loading=\"lazy\" decoding=\"async\" class=\"aligncenter size-full wp-image-1712\" alt=\"floor art religieux murano\" src=\"https:\/\/perruchenautomne.eu\/wordpress\/wp-content\/uploads\/2013\/10\/floor-art-religieux-murano.jpg\" width=\"3718\" height=\"2458\" srcset=\"https:\/\/perruchenautomne.eu\/wordpress\/wp-content\/uploads\/2013\/10\/floor-art-religieux-murano.jpg 3718w, https:\/\/perruchenautomne.eu\/wordpress\/wp-content\/uploads\/2013\/10\/floor-art-religieux-murano-300x198.jpg 300w, https:\/\/perruchenautomne.eu\/wordpress\/wp-content\/uploads\/2013\/10\/floor-art-religieux-murano-1024x676.jpg 1024w\" sizes=\"auto, (max-width: 3718px) 100vw, 3718px\" \/><\/a>Certaines personnes font parfois des choses \u00e9tonnantes avec leurs nains de jardin, ici une Blanche-neige les accompagnait. J&rsquo;aimerai savoir si l&rsquo;auteur est un homme ou une femme. Dans les deux cas, ceci en dit pas mal sur la place faite aux femmes au XXI\u00e9 si\u00e8cle en occident.<\/p>\n<p><a href=\"https:\/\/perruchenautomne.eu\/wordpress\/wp-content\/uploads\/2013\/10\/dwarf-art-murano.jpg\"><img loading=\"lazy\" decoding=\"async\" class=\"aligncenter size-full wp-image-1711\" alt=\"dwarf art murano\" src=\"https:\/\/perruchenautomne.eu\/wordpress\/wp-content\/uploads\/2013\/10\/dwarf-art-murano.jpg\" width=\"3120\" height=\"4856\" srcset=\"https:\/\/perruchenautomne.eu\/wordpress\/wp-content\/uploads\/2013\/10\/dwarf-art-murano.jpg 3120w, https:\/\/perruchenautomne.eu\/wordpress\/wp-content\/uploads\/2013\/10\/dwarf-art-murano-192x300.jpg 192w, https:\/\/perruchenautomne.eu\/wordpress\/wp-content\/uploads\/2013\/10\/dwarf-art-murano-657x1024.jpg 657w\" sizes=\"auto, (max-width: 3120px) 100vw, 3120px\" \/><\/a>Je vous \u00e9pargne les nains qui eux \u00e9taient en libert\u00e9&#8230;<\/p>\n","protected":false},"excerpt":{"rendered":"<p>J&rsquo;aime me promener dans les villes.Les d\u00e9couvertes au d\u00e9tour d&rsquo;un angle de rue en disent plus sur notre soci\u00e9t\u00e9 qu&rsquo;un long discours. Voici trois petits clich\u00e9s pris dans trois lieux du d\u00e9but de mes vacances automnales. Brescia est une ville &hellip; <a href=\"https:\/\/perruchenautomne.eu\/wordpress\/2013\/10\/28\/dans-les-rues-italiennes\/\">Continuer la lecture <span class=\"meta-nav\">&rarr;<\/span><\/a><\/p>\n","protected":false},"author":1,"featured_media":0,"comment_status":"open","ping_status":"open","sticky":false,"template":"","format":"standard","meta":{"jetpack_post_was_ever_published":false,"_jetpack_newsletter_access":"","_jetpack_dont_email_post_to_subs":false,"_jetpack_newsletter_tier_id":0,"_jetpack_memberships_contains_paywalled_content":false,"_jetpack_memberships_contains_paid_content":false,"footnotes":"","jetpack_publicize_message":"","jetpack_publicize_feature_enabled":true,"jetpack_social_post_already_shared":true,"jetpack_social_options":{"image_generator_settings":{"template":"highway","default_image_id":0,"font":"","enabled":false},"version":2}},"categories":[235],"tags":[724,729,728,726,727,723,431,725],"class_list":["post-1709","post","type-post","status-publish","format-standard","hentry","category-voyage","tag-blanche-neige","tag-brescia","tag-burano","tag-eglise","tag-murano","tag-neon","tag-street-art","tag-vierge"],"jetpack_publicize_connections":[],"jetpack_featured_media_url":"","jetpack_shortlink":"https:\/\/wp.me\/p1l1zM-rz","jetpack_sharing_enabled":true,"jetpack-related-posts":[],"_links":{"self":[{"href":"https:\/\/perruchenautomne.eu\/wordpress\/wp-json\/wp\/v2\/posts\/1709","targetHints":{"allow":["GET"]}}],"collection":[{"href":"https:\/\/perruchenautomne.eu\/wordpress\/wp-json\/wp\/v2\/posts"}],"about":[{"href":"https:\/\/perruchenautomne.eu\/wordpress\/wp-json\/wp\/v2\/types\/post"}],"author":[{"embeddable":true,"href":"https:\/\/perruchenautomne.eu\/wordpress\/wp-json\/wp\/v2\/users\/1"}],"replies":[{"embeddable":true,"href":"https:\/\/perruchenautomne.eu\/wordpress\/wp-json\/wp\/v2\/comments?post=1709"}],"version-history":[{"count":2,"href":"https:\/\/perruchenautomne.eu\/wordpress\/wp-json\/wp\/v2\/posts\/1709\/revisions"}],"predecessor-version":[{"id":1715,"href":"https:\/\/perruchenautomne.eu\/wordpress\/wp-json\/wp\/v2\/posts\/1709\/revisions\/1715"}],"wp:attachment":[{"href":"https:\/\/perruchenautomne.eu\/wordpress\/wp-json\/wp\/v2\/media?parent=1709"}],"wp:term":[{"taxonomy":"category","embeddable":true,"href":"https:\/\/perruchenautomne.eu\/wordpress\/wp-json\/wp\/v2\/categories?post=1709"},{"taxonomy":"post_tag","embeddable":true,"href":"https:\/\/perruchenautomne.eu\/wordpress\/wp-json\/wp\/v2\/tags?post=1709"}],"curies":[{"name":"wp","href":"https:\/\/api.w.org\/{rel}","templated":true}]}}