{"id":1976,"date":"2014-02-12T18:10:56","date_gmt":"2014-02-12T17:10:56","guid":{"rendered":"https:\/\/perruchenautomne.eu\/wordpress\/?p=1976"},"modified":"2014-02-12T18:10:56","modified_gmt":"2014-02-12T17:10:56","slug":"un-peu-de-publicite-pour-une-bonne-initiative","status":"publish","type":"post","link":"https:\/\/perruchenautomne.eu\/wordpress\/2014\/02\/12\/un-peu-de-publicite-pour-une-bonne-initiative\/","title":{"rendered":"Un peu de publicit\u00e9 pour une bonne initiative"},"content":{"rendered":"<p>L&rsquo;INSERM, pour ces <a href=\"http:\/\/www.inserm.fr\/50-ans\">cinquante ans,<\/a> organise plusieurs manifestations. Il y a une tr\u00e8s bonne initiative: \u00ab\u00a0Les <a href=\"http:\/\/chercheurs-malades.fr\/pro\/fiche\/quest.jsp;jsessionid=biXoX3KkXy!lUHuS1pDjGyat.gl2\">chercheurs accueillent les malades\u00a0\u00bb<\/a>. Le 21 mars, quelques jours apr\u00e8s <a href=\"http:\/\/www.worldkidneyday.org\/\">le world kidney day<\/a> et la <a href=\"http:\/\/www.semainedurein.fr\/\">semaine du rein<\/a>, il y aura une journ\u00e9e les Chercheurs accueillent les malades atteints de <a href=\"http:\/\/maladiesrenales.chercheurs-malades.fr\/pro\/fiche\/quest.jsp;jsessionid=B8VbCexTZgQ5HLHr75NfoMPh.gl3\">n\u00e9phropathies<\/a>. Il y a une <a href=\"http:\/\/maladiesrenales.chercheurs-malades.fr\/pro\/fiche\/quest.jsp;jsessionid=B8VbCexTZgQ5HLHr75NfoMPh.gl3?pg=1000095167\">vingtaine de laboratoires impliqu\u00e9s dont les travaux portent sur toutes les maladies r\u00e9nales<\/a>, vous remarquerez que la r\u00e9partition est largement inspir\u00e9e d&rsquo;une vision jacobine de la r\u00e9publique.<\/p>\n<p><img loading=\"lazy\" decoding=\"async\" class=\"alignnone\" alt=\"\" src=\"http:\/\/maladiesrenales.chercheurs-malades.fr\/uploads\/event_member\/97983\/a3rein02.jpg\" width=\"505\" height=\"715\" \/><\/p>\n<p>Si vous \u00eates atteints d&rsquo;une maladie r\u00e9nale chronique, que vous voulez \u00e9changer avec des chercheurs et visiter leur lieu de travail. C&rsquo;est l&rsquo;occasion, ils vous accueilleront tous avec plaisir, profitez en.<\/p>\n<p>Je vous signale aussi un colloque \u00e0 <a href=\"http:\/\/www.fondation-du-rein.org\/journee-mondiale-du-rein\/colloque-de-la-journee-mondiale-du-rein.html\">l&rsquo;all\u00e9chant programme<\/a>, le 13 mars, sur le vieillissement et le rein, th\u00e8me de la journ\u00e9e mondiale du rein.<\/p>\n<p>Le mois de mars 2014 sera le mois du rein, \u00e0 se demander si les rognonologues ne sont pas fous.<\/p>\n<p><a href=\"http:\/\/en.wikipedia.org\/wiki\/Tr%C3%A8s_Riches_Heures_du_duc_de_Berry\"><img loading=\"lazy\" decoding=\"async\" class=\"alignnone\" alt=\"\" src=\"http:\/\/upload.wikimedia.org\/wikipedia\/commons\/7\/7a\/Les_Tr%C3%A8s_Riches_Heures_du_duc_de_Berry_mars.jpg\" width=\"412\" height=\"665\" \/><\/a><\/p>\n<p>&nbsp;<\/p>\n","protected":false},"excerpt":{"rendered":"<p>L&rsquo;INSERM, pour ces cinquante ans, organise plusieurs manifestations. Il y a une tr\u00e8s bonne initiative: \u00ab\u00a0Les chercheurs accueillent les malades\u00a0\u00bb. Le 21 mars, quelques jours apr\u00e8s le world kidney day et la semaine du rein, il y aura une journ\u00e9e &hellip; <a href=\"https:\/\/perruchenautomne.eu\/wordpress\/2014\/02\/12\/un-peu-de-publicite-pour-une-bonne-initiative\/\">Continuer la lecture <span class=\"meta-nav\">&rarr;<\/span><\/a><\/p>\n","protected":false},"author":1,"featured_media":0,"comment_status":"open","ping_status":"open","sticky":false,"template":"","format":"standard","meta":{"jetpack_post_was_ever_published":false,"_jetpack_newsletter_access":"","_jetpack_dont_email_post_to_subs":false,"_jetpack_newsletter_tier_id":0,"_jetpack_memberships_contains_paywalled_content":false,"_jetpack_memberships_contains_paid_content":false,"footnotes":"","jetpack_publicize_message":"","jetpack_publicize_feature_enabled":true,"jetpack_social_post_already_shared":true,"jetpack_social_options":{"image_generator_settings":{"template":"highway","default_image_id":0,"font":"","enabled":false},"version":2}},"categories":[13,14],"tags":[819,818,822,823,821,820],"class_list":["post-1976","post","type-post","status-publish","format-standard","hentry","category-medecine-2","category-nephrologie","tag-50-ans","tag-inserm","tag-kidney-day","tag-malades","tag-mars","tag-recherche"],"jetpack_publicize_connections":[],"jetpack_featured_media_url":"","jetpack_shortlink":"https:\/\/wp.me\/p1l1zM-vS","jetpack_sharing_enabled":true,"jetpack-related-posts":[],"_links":{"self":[{"href":"https:\/\/perruchenautomne.eu\/wordpress\/wp-json\/wp\/v2\/posts\/1976","targetHints":{"allow":["GET"]}}],"collection":[{"href":"https:\/\/perruchenautomne.eu\/wordpress\/wp-json\/wp\/v2\/posts"}],"about":[{"href":"https:\/\/perruchenautomne.eu\/wordpress\/wp-json\/wp\/v2\/types\/post"}],"author":[{"embeddable":true,"href":"https:\/\/perruchenautomne.eu\/wordpress\/wp-json\/wp\/v2\/users\/1"}],"replies":[{"embeddable":true,"href":"https:\/\/perruchenautomne.eu\/wordpress\/wp-json\/wp\/v2\/comments?post=1976"}],"version-history":[{"count":3,"href":"https:\/\/perruchenautomne.eu\/wordpress\/wp-json\/wp\/v2\/posts\/1976\/revisions"}],"predecessor-version":[{"id":1979,"href":"https:\/\/perruchenautomne.eu\/wordpress\/wp-json\/wp\/v2\/posts\/1976\/revisions\/1979"}],"wp:attachment":[{"href":"https:\/\/perruchenautomne.eu\/wordpress\/wp-json\/wp\/v2\/media?parent=1976"}],"wp:term":[{"taxonomy":"category","embeddable":true,"href":"https:\/\/perruchenautomne.eu\/wordpress\/wp-json\/wp\/v2\/categories?post=1976"},{"taxonomy":"post_tag","embeddable":true,"href":"https:\/\/perruchenautomne.eu\/wordpress\/wp-json\/wp\/v2\/tags?post=1976"}],"curies":[{"name":"wp","href":"https:\/\/api.w.org\/{rel}","templated":true}]}}