{"id":2110,"date":"2014-03-19T22:23:56","date_gmt":"2014-03-19T21:23:56","guid":{"rendered":"https:\/\/perruchenautomne.eu\/wordpress\/?p=2110"},"modified":"2014-03-19T22:23:56","modified_gmt":"2014-03-19T21:23:56","slug":"une-vie-contre-une-autre-de-sonia-combe","status":"publish","type":"post","link":"https:\/\/perruchenautomne.eu\/wordpress\/2014\/03\/19\/une-vie-contre-une-autre-de-sonia-combe\/","title":{"rendered":"\u00ab\u00a0Une vie contre une autre\u00a0\u00bb de Sonia Combe"},"content":{"rendered":"<p>Voici un livre d&rsquo;histoire \u00e0 mettre entre toutes les mains. Un tr\u00e8s bel exercice de d\u00e9construction de tous les raccourcis et manipulations qui pervertissent l&rsquo;histoire quand elle doit rentrer dans le cadre politique du moment. L&rsquo;approche scientifique, le retour aux sources, toujours la source, permet d&rsquo;y voir plus clair et r\u00e9tablit une part de v\u00e9rit\u00e9 par del\u00e0 les mythes. Ce livre fait aimer la science, rien que pour cela il faut le lire.<\/p>\n<p>Le sujet, comment survivre dans un camps de concentration et la place des \u00e9changes de prisonniers dans les strat\u00e9gies de survie.<\/p>\n<p>Le texte est d&rsquo;une immense richesse, facile \u00e0 lire et parfois passionnant comme un roman. Si vous lisez le prologue, vous ne l\u00e2cherez plus le livre, vous voudrez savoir comment il est possible qu&rsquo;un enfant juif de 3 ans survive \u00e0 Buchenwald.<\/p>\n<p><a href=\"https:\/\/perruchenautomne.eu\/wordpress\/?p=1503\">Buchenwald n&rsquo;est pas un camp comme les autres<\/a>. Les Kapo sont des politiques et non des droits communs. Ceci fait une grande diff\u00e9rence. Ce livre montre l&rsquo;importance des communistes dans la gestion du camp, ces hommes qui pour certains ont v\u00e9cu pendant 7 ans dans cet enfer.<\/p>\n<p>L&rsquo;auteur met tr\u00e8s bien place la dimension exceptionnelle de l&rsquo;exp\u00e9rience concentrationnaire. C&rsquo;est ce qui m&rsquo;a passionn\u00e9, le comportement d&rsquo;hommes face \u00e0 une situation d\u2019exception. La place des m\u00e9decins comme faiseurs de survivants est aussi passionnante. Le camp est un lieu o\u00f9 les savoirs pratiques permettent la survie.<\/p>\n<p>L&rsquo;ouvrage est divis\u00e9 en deux parties, la premi\u00e8re, description du camp et de la vie en ce lieu et la deuxi\u00e8me, comment les mythes se construisent au gr\u00e9 des besoins politiques et comment ces hommes d\u00e9j\u00e0 victimes, le deviendront une deuxi\u00e8me fois, puis une troisi\u00e8me fois dans la m\u00e9moire d\u00e9cid\u00e9ment tr\u00e8s s\u00e9lective des allemands.<\/p>\n<p>Cette lecture renforce mon id\u00e9e qu&rsquo;il est impossible de savoir ce ne nous ferions dans une situation exceptionnelle, \u00e0 quoi serions nous pr\u00eat pour survivre. Il est pour moi impossible de juger le comportement de ces hommes, leurs vies \u00e9taient en jeu. Ce qui fait la grandeur de ces r\u00e9sistants de l&rsquo;int\u00e9rieur est d&rsquo;avoir parfois pris des risques pour les autres au nom de conviction politique fortes. Que l&rsquo;on partage ou pas les id\u00e9es communistes, on reste admiratif devant une telle d\u00e9termination,\u00a0 un sang froid de tous les instants et l&rsquo;absence de peur de mettre les mains dans la merde. Une le\u00e7on de courage et de vie.<\/p>\n<p>Ce livre est \u00e9mouvant, tr\u00e8s \u00e9mouvant. L&rsquo;autre th\u00e9matique qui a retenu mon attention est bien sur la question de la culpabilit\u00e9 du survivant. Il s&rsquo;agit peut \u00eatre en fait de honte simplement. Le chapitre \u00ab\u00a0Le sentiment de culpabilit\u00e9: un \u00ab\u00a0psychomontre\u00a0\u00bb\u00a0\u00bb est vraiment passionnant dans toutes les dimensions, qu&rsquo;il aborde. La chance, la capacit\u00e9 \u00e0 ne pas se faire remarquer du SS, faut il privil\u00e9gier la culture ou la nature pour survivre? Et cette terrible r\u00e9alit\u00e9, si ce n&rsquo;est pas toi ce sera un autre&#8230; Le d\u00e9sir de vivre est une chose fascinante, il ne faut jamais le n\u00e9gliger. L&rsquo;exp\u00e9rience concentrationnaire montre la force de l&rsquo;\u00e9lan vital en chacun de nous malgr\u00e9 des conditions hallucinantes.<\/p>\n<p>Je n&rsquo;ai que de l&#8217;empathie pour ces survivants dont certains furent probablement de fieff\u00e9s salopards mais que ferais je dans un tel cauchemar? Qui suis je pour juger tranquillement assis derri\u00e8re mon \u00e9cran? Oui dans le jugement il faut de l&rsquo;humilit\u00e9 car nous ne pouvons pas savoir ce que nous ferions avec nos beaux sentiments dans cette machine \u00e0 deshumaniser. Les vrais coupables furent les personnes qui eurent l&rsquo;id\u00e9e perverse de construire ces horreurs et qui les firent fonctionner \u00e0 plein r\u00e9gime.<\/p>\n<p>Une lecture pr\u00e9cieuse que j&rsquo;ai d\u00e9couvert dans <a href=\"http:\/\/www.franceculture.fr\/emission-la-fabrique-de-l-histoire-histoireactualites-du-vendredi-31-janvier-2014-2014-01-31\">la fabrique de l&rsquo;histoire<\/a>, merci Monsieur Laurentin.<\/p>\n","protected":false},"excerpt":{"rendered":"<p>Voici un livre d&rsquo;histoire \u00e0 mettre entre toutes les mains. Un tr\u00e8s bel exercice de d\u00e9construction de tous les raccourcis et manipulations qui pervertissent l&rsquo;histoire quand elle doit rentrer dans le cadre politique du moment. L&rsquo;approche scientifique, le retour aux &hellip; <a href=\"https:\/\/perruchenautomne.eu\/wordpress\/2014\/03\/19\/une-vie-contre-une-autre-de-sonia-combe\/\">Continuer la lecture <span class=\"meta-nav\">&rarr;<\/span><\/a><\/p>\n","protected":false},"author":1,"featured_media":0,"comment_status":"open","ping_status":"open","sticky":false,"template":"","format":"standard","meta":{"jetpack_post_was_ever_published":false,"_jetpack_newsletter_access":"","_jetpack_dont_email_post_to_subs":false,"_jetpack_newsletter_tier_id":0,"_jetpack_memberships_contains_paywalled_content":false,"_jetpack_memberships_contains_paid_content":false,"footnotes":"","jetpack_publicize_message":"","jetpack_publicize_feature_enabled":true,"jetpack_social_post_already_shared":true,"jetpack_social_options":{"image_generator_settings":{"template":"highway","default_image_id":0,"font":"","enabled":false},"version":2}},"categories":[47,34],"tags":[642,857,858,41,860,859],"class_list":["post-2110","post","type-post","status-publish","format-standard","hentry","category-histoire-2","category-litterature","tag-buchenwald","tag-camp-de-concentration","tag-communistes","tag-juif","tag-nazi","tag-ss"],"jetpack_publicize_connections":[],"jetpack_featured_media_url":"","jetpack_shortlink":"https:\/\/wp.me\/p1l1zM-y2","jetpack_sharing_enabled":true,"jetpack-related-posts":[],"_links":{"self":[{"href":"https:\/\/perruchenautomne.eu\/wordpress\/wp-json\/wp\/v2\/posts\/2110","targetHints":{"allow":["GET"]}}],"collection":[{"href":"https:\/\/perruchenautomne.eu\/wordpress\/wp-json\/wp\/v2\/posts"}],"about":[{"href":"https:\/\/perruchenautomne.eu\/wordpress\/wp-json\/wp\/v2\/types\/post"}],"author":[{"embeddable":true,"href":"https:\/\/perruchenautomne.eu\/wordpress\/wp-json\/wp\/v2\/users\/1"}],"replies":[{"embeddable":true,"href":"https:\/\/perruchenautomne.eu\/wordpress\/wp-json\/wp\/v2\/comments?post=2110"}],"version-history":[{"count":3,"href":"https:\/\/perruchenautomne.eu\/wordpress\/wp-json\/wp\/v2\/posts\/2110\/revisions"}],"predecessor-version":[{"id":2126,"href":"https:\/\/perruchenautomne.eu\/wordpress\/wp-json\/wp\/v2\/posts\/2110\/revisions\/2126"}],"wp:attachment":[{"href":"https:\/\/perruchenautomne.eu\/wordpress\/wp-json\/wp\/v2\/media?parent=2110"}],"wp:term":[{"taxonomy":"category","embeddable":true,"href":"https:\/\/perruchenautomne.eu\/wordpress\/wp-json\/wp\/v2\/categories?post=2110"},{"taxonomy":"post_tag","embeddable":true,"href":"https:\/\/perruchenautomne.eu\/wordpress\/wp-json\/wp\/v2\/tags?post=2110"}],"curies":[{"name":"wp","href":"https:\/\/api.w.org\/{rel}","templated":true}]}}