{"id":2285,"date":"2014-04-17T09:32:13","date_gmt":"2014-04-17T08:32:13","guid":{"rendered":"https:\/\/perruchenautomne.eu\/wordpress\/?p=2285"},"modified":"2014-04-17T09:32:13","modified_gmt":"2014-04-17T08:32:13","slug":"de-la-perception-des-benefices-du-depistage-du-cancer-du-sein","status":"publish","type":"post","link":"https:\/\/perruchenautomne.eu\/wordpress\/2014\/04\/17\/de-la-perception-des-benefices-du-depistage-du-cancer-du-sein\/","title":{"rendered":"De la perception des b\u00e9n\u00e9fices du d\u00e9pistage du cancer du sein"},"content":{"rendered":"<p>Il faut lire cet <a href=\"http:\/\/www.nejm.org\/doi\/full\/10.1056\/NEJMp1401875?query=TOC\">article du NEJM<\/a> sur le faible int\u00e9r\u00eat du d\u00e9pistage du cancer du sein par un organisme ind\u00e9pendant suisse. La figure (francis\u00e9e) que je reproduis ici est la donn\u00e9e qui m&rsquo;a le plus impressionn\u00e9e. Elle compare la perception de femmes de 50 ans de l&rsquo;int\u00e9r\u00eat du d\u00e9pistage par mammographie tous les deux ans sur la survie \u00e0 10 ans \u00e0 la r\u00e9alit\u00e9.<\/p>\n<p><a href=\"https:\/\/perruchenautomne.eu\/wordpress\/wp-content\/uploads\/2014\/04\/mammo-perception.jpg\"><img loading=\"lazy\" decoding=\"async\" class=\"aligncenter size-full wp-image-2287\" alt=\"mammo perception\" src=\"https:\/\/perruchenautomne.eu\/wordpress\/wp-content\/uploads\/2014\/04\/mammo-perception.jpg\" width=\"960\" height=\"720\" srcset=\"https:\/\/perruchenautomne.eu\/wordpress\/wp-content\/uploads\/2014\/04\/mammo-perception.jpg 960w, https:\/\/perruchenautomne.eu\/wordpress\/wp-content\/uploads\/2014\/04\/mammo-perception-300x225.jpg 300w\" sizes=\"auto, (max-width: 960px) 100vw, 960px\" \/><\/a>Cette figure r\u00e9sume la difficult\u00e9 de l&rsquo;information en sant\u00e9. Elle est un beau reflet de l&rsquo;efficacit\u00e9 de la d\u00e9sinformation sur les b\u00e9n\u00e9fices du d\u00e9pistage. Elle montre comment l&rsquo;opinion publique est manipul\u00e9e par des approches reposant sur irrationalit\u00e9 de la peur et non guid\u00e9e par la tentative d&rsquo;introduction de la raison dans la r\u00e9flexion qu&rsquo;est la science.<\/p>\n<p>Certains veulent que la m\u00e9decine reste un art, je pr\u00e9f\u00e8re quand elle devient une science pour guider les choix. Utiliser des donn\u00e9es de qualit\u00e9 pour aider le mieux possible la personne malade \u00e0 choisir, en mettant nos pr\u00e9jug\u00e9s le plus \u00e0 distance possible. Soignants, nous devrions tous avoir cette approche. Elle est difficile, mais nos patients le valent bien.<\/p>\n<p>Surtout, surtout, perdre cette sale habitude de terroristes, d&rsquo;utiliser la peur dans le soin. Pas facile&#8230;<\/p>\n","protected":false},"excerpt":{"rendered":"<p>Il faut lire cet article du NEJM sur le faible int\u00e9r\u00eat du d\u00e9pistage du cancer du sein par un organisme ind\u00e9pendant suisse. La figure (francis\u00e9e) que je reproduis ici est la donn\u00e9e qui m&rsquo;a le plus impressionn\u00e9e. Elle compare la &hellip; <a href=\"https:\/\/perruchenautomne.eu\/wordpress\/2014\/04\/17\/de-la-perception-des-benefices-du-depistage-du-cancer-du-sein\/\">Continuer la lecture <span class=\"meta-nav\">&rarr;<\/span><\/a><\/p>\n","protected":false},"author":1,"featured_media":0,"comment_status":"open","ping_status":"open","sticky":false,"template":"","format":"standard","meta":{"jetpack_post_was_ever_published":false,"_jetpack_newsletter_access":"","_jetpack_dont_email_post_to_subs":false,"_jetpack_newsletter_tier_id":0,"_jetpack_memberships_contains_paywalled_content":false,"_jetpack_memberships_contains_paid_content":false,"footnotes":"","jetpack_publicize_message":"","jetpack_publicize_feature_enabled":true,"jetpack_social_post_already_shared":true,"jetpack_social_options":{"image_generator_settings":{"template":"highway","default_image_id":0,"font":"","enabled":false},"version":2}},"categories":[13,11,61],"tags":[878,879,410,880,881,882],"class_list":["post-2285","post","type-post","status-publish","format-standard","hentry","category-medecine-2","category-medecine-humeur","category-science","tag-cancer-du-sein","tag-information","tag-nejm","tag-perception","tag-peur","tag-rationnalite"],"jetpack_publicize_connections":[],"jetpack_featured_media_url":"","jetpack_shortlink":"https:\/\/wp.me\/p1l1zM-AR","jetpack_sharing_enabled":true,"jetpack-related-posts":[],"_links":{"self":[{"href":"https:\/\/perruchenautomne.eu\/wordpress\/wp-json\/wp\/v2\/posts\/2285","targetHints":{"allow":["GET"]}}],"collection":[{"href":"https:\/\/perruchenautomne.eu\/wordpress\/wp-json\/wp\/v2\/posts"}],"about":[{"href":"https:\/\/perruchenautomne.eu\/wordpress\/wp-json\/wp\/v2\/types\/post"}],"author":[{"embeddable":true,"href":"https:\/\/perruchenautomne.eu\/wordpress\/wp-json\/wp\/v2\/users\/1"}],"replies":[{"embeddable":true,"href":"https:\/\/perruchenautomne.eu\/wordpress\/wp-json\/wp\/v2\/comments?post=2285"}],"version-history":[{"count":2,"href":"https:\/\/perruchenautomne.eu\/wordpress\/wp-json\/wp\/v2\/posts\/2285\/revisions"}],"predecessor-version":[{"id":2288,"href":"https:\/\/perruchenautomne.eu\/wordpress\/wp-json\/wp\/v2\/posts\/2285\/revisions\/2288"}],"wp:attachment":[{"href":"https:\/\/perruchenautomne.eu\/wordpress\/wp-json\/wp\/v2\/media?parent=2285"}],"wp:term":[{"taxonomy":"category","embeddable":true,"href":"https:\/\/perruchenautomne.eu\/wordpress\/wp-json\/wp\/v2\/categories?post=2285"},{"taxonomy":"post_tag","embeddable":true,"href":"https:\/\/perruchenautomne.eu\/wordpress\/wp-json\/wp\/v2\/tags?post=2285"}],"curies":[{"name":"wp","href":"https:\/\/api.w.org\/{rel}","templated":true}]}}