{"id":2458,"date":"2014-06-20T17:27:01","date_gmt":"2014-06-20T16:27:01","guid":{"rendered":"https:\/\/perruchenautomne.eu\/wordpress\/?p=2458"},"modified":"2014-06-20T17:27:01","modified_gmt":"2014-06-20T16:27:01","slug":"rien-ne-sert-de-penser-faut-reflechir-avant-p-dac","status":"publish","type":"post","link":"https:\/\/perruchenautomne.eu\/wordpress\/2014\/06\/20\/rien-ne-sert-de-penser-faut-reflechir-avant-p-dac\/","title":{"rendered":"\u00ab\u00a0Rien ne sert de penser, faut r\u00e9fl\u00e9chir avant\u00a0\u00bb P. Dac"},"content":{"rendered":"<p>La logique de la prise en charge \u00e9trangers malades reste, apr\u00e8s de nombreuses ann\u00e9es, un myst\u00e8re.<br \/>\nCe matin, j&rsquo;ai vu en consultation un jeune homme avec une maladie r\u00e9nale chronique responsable d&rsquo;une alt\u00e9ration importante de la fonction r\u00e9nale (d\u00e9bit de filtration glom\u00e9rulaire: 26 ml\/mn). Il vient avec sa m\u00e8re. Nous l&rsquo;avons connu \u00e0 son arriv\u00e9e en France venant de son pays d&rsquo;origine, il y a 3 ans. Il avait dialys\u00e9, nous l&rsquo;avons biopsi\u00e9, fait un diagnostic et le traitement lui a permis de r\u00e9cup\u00e9rer une fonction r\u00e9nale correcte. L&rsquo;ensemble du traitement initial a \u00e9t\u00e9 pay\u00e9 par la famille. Il est rest\u00e9. Il avait confiance dans l&rsquo;\u00e9quipe soignante. Nous l&rsquo;avons suivi avec difficult\u00e9, barri\u00e8re de la langue, symptomatologie originale pour parler de son mal \u00eatre. Il a b\u00e9n\u00e9fici\u00e9, au bout de trois mois, d&rsquo;une prise en charge par l&rsquo;\u00e9tat fran\u00e7ais, facilitant les soins. Il \u00e9tait pour lui et sa famille hors de questions qu&rsquo;il retourne dans son pays d&rsquo;origine. Sa maladie initiale est \u00e9teinte, mais les s\u00e9quelles r\u00e9nales me font penser qu&rsquo;il aura besoin d&rsquo;un traitement de suppl\u00e9ance d&rsquo;ici quelques mois ou ann\u00e9es. Actuellement, le meilleur traitement de l&rsquo;insuffisance r\u00e9nale chronique terminale est la transplantation r\u00e9nale. Je suis convaincu que la r\u00e9aliser en pr\u00e9emptif sans passer par la case dialyse est le meilleur choix.<br \/>\nAujourd&rsquo;hui, il a un peu d\u00e9grad\u00e9 sa fonction r\u00e9nale, je trouve que c&rsquo;est le bon moment pour parler de transplantation. Je fais mon petit la\u00efus habituel et je pr\u00e9vois de r\u00e9aliser le bilan pr\u00e9-greffe assez rapidement, quand un doute m&rsquo;\u00e9treint. Pour\u00a0 \u00eatre inscrit sur la liste des receveurs, il faut des papiers en r\u00e8gle, c&rsquo;est la loi.<\/p>\n<blockquote><p>\u00ab\u00a0Et au fait au niveau des papiers, vous en \u00eates o\u00f9?\u00a0\u00bb<br \/>\n\u00ab\u00a0Je n&rsquo;ai rien, je suis toujours en situation irr\u00e9guli\u00e8re, j&rsquo;ai juste mon passeport. La demande \u00e0 la pr\u00e9fecture a \u00e9t\u00e9 rejet\u00e9e.\u00a0\u00bb<\/p><\/blockquote>\n<p>Il est impossible de l&rsquo;inscrire, inutile de faire le bilan. Il ne pourra pas \u00eatre transplant\u00e9 en France et dans son pays encore moins.<\/p>\n<p>Voici o\u00f9 nous en sommes, depuis trois ans je le vois en consultation, hospitalis\u00e9 deux fois, achetant des m\u00e9dicaments qui lui sont rembours\u00e9s, vivant dans ce pays, faisant de gros effort pour maitriser la langue, il prend des cours de fran\u00e7ais et les progr\u00e8s sont tr\u00e8s importants, permettant depuis quelques mois de parler des choses importantes comme, comment vivre \u00e0 20 ans avec une maladie r\u00e9nale chronique, comment faire le deuil de la pleine sant\u00e9, et il est toujours en situation irr\u00e9guli\u00e8re.<\/p>\n<p>Il suffit d&rsquo;un contr\u00f4le d&rsquo;identit\u00e9 pour qu&rsquo;il soit reconduit \u00e0 la fronti\u00e8re, loin de sa famille qui habite ici avec ses autres fr\u00e8res qui ont la nationalit\u00e9 fran\u00e7aise. Lui par le hasard des circonstances ayant toujours le mauvais passeport. La France a pay\u00e9 pour les soins de ce jeune homme depuis trois ans, lui a donn\u00e9 un statut, celui de malade, sans lui donner, celui de citoyen.<\/p>\n<p>Franchement, je n&rsquo;y comprend rien. Il ne partira pas, il reviendra m\u00eame si on le met dehors. Il ne demande qu&rsquo;\u00e0 faire des \u00e9tudes, travailler, mener une vie normale pour d\u00e9passer cette sale maladie qu&rsquo;est l&rsquo;insuffisance r\u00e9nale chronique. Alors en plus de devoir se battre contre la maladie, ou plut\u00f4t de devoir composer avec elle, il doit vivre avec cette angoisse de la capture, de la reconduite, d&rsquo;un nouveau d\u00e9racinement. Il remercie la France des soins apport\u00e9s depuis toutes ces ann\u00e9es. Il voudrait juste maintenant participer \u00e0 la communaut\u00e9 nationale qui lui a donn\u00e9 la chance de vivre, pas comme un poids malade, mais comme un citoyen riche de ses droits et de ses devoirs.<\/p>\n<p><a href=\"https:\/\/perruchenautomne.eu\/wordpress\/wp-content\/uploads\/2014\/06\/im1.jpg\"><img loading=\"lazy\" decoding=\"async\" class=\"aligncenter size-full wp-image-2461\" src=\"https:\/\/perruchenautomne.eu\/wordpress\/wp-content\/uploads\/2014\/06\/im1.jpg\" alt=\"im1\" width=\"300\" height=\"473\" srcset=\"https:\/\/perruchenautomne.eu\/wordpress\/wp-content\/uploads\/2014\/06\/im1.jpg 300w, https:\/\/perruchenautomne.eu\/wordpress\/wp-content\/uploads\/2014\/06\/im1-190x300.jpg 190w\" sizes=\"auto, (max-width: 300px) 100vw, 300px\" \/><\/a><br \/>\nLe plus idiot dans cette non accessibilit\u00e9 \u00e0 la transplantation est qu&rsquo;un jour, il aura besoin de dialyser. Avec sa situation actuelle, il pourra acc\u00e9der \u00e0 ce traitement qui est plus on\u00e9reux que la transplantation (une ann\u00e9e d&rsquo;h\u00e9modialyse: 89000 \u20ac, une ann\u00e9e de dialyse p\u00e9riton\u00e9ale: 64000\u20ac, premi\u00e8re ann\u00e9e de transplantation: 86000 et les ann\u00e9es suivantes: 20000\u20ac). Il pourra dialyser 10 ans, 20 ans en France en situation irr\u00e9guli\u00e8re, mais il ne pourra jamais \u00eatre transplanter du rein. Comment expliquer cette absurdit\u00e9, comment y voir une quelconque logique. Il y a quelques choses de d\u00e9primant dans cette situation ubuesque. On pr\u00e9f\u00e8re payer un traitement on\u00e9reux et lourd entrainant une perte de chance en terme d\u2019esp\u00e9rance de vie et je ne parle pas de la qualit\u00e9, plut\u00f4t que d&rsquo;investir sur une transplantation en pensant que ce jeune homme pourrait apporter un plus \u00e0 la France. Je suis triste.<br \/>\nNous faisons miroiter un acc\u00e8s au soin qui ne va pas jusqu&rsquo;au bout. Nous faisons seulement la moiti\u00e9 du chemin comme toujours, nous n&rsquo;osons pas aller au bout de notre logique. Pourquoi commencer si ce n&rsquo;est pas pour finir? Je n&rsquo;arrive pas \u00e0 saisir. Pourquoi donner le droit d&rsquo;\u00eatre soigner \u00e0 des personnes, si ce n&rsquo;est pas pour aussi leur donner le droit de travailler? La reprise d&rsquo;une activit\u00e9 professionnelle est capitale pour que nos patients si lourdement malades retrouvent de l&rsquo;estime d&rsquo;eux m\u00eame, retrouvent un semblant de normalit\u00e9. Il est horrible d&rsquo;enfermer des individus dans cette cage de la maladie, sans espoir d&rsquo;en sortir.<br \/>\nIl faudra un jour aller jusqu&rsquo;au bout d&rsquo;une logique ou d&rsquo;une autre. L&rsquo;entre deux n&rsquo;est pas satisfaisant. Refusons de soigner d\u00e8s le d\u00e9but, n&rsquo;accordons aucun droit ou alors donnons tous les droits pour que ces hommes et ces femmes souffrants puissent pleinement exprimer leur potentiel d&rsquo;\u00eatre humain.<br \/>\nIl ne s&rsquo;agit pas d&rsquo;un d\u00e9bat m\u00e9dical, mais d&rsquo;un d\u00e9bat de soci\u00e9t\u00e9. C&rsquo;est de la politique, de la vraie.<\/p>\n<p>En attendant, je vais \u00e9crire des certificats m\u00e9dicaux et faire travailler ma super assistante sociale pour que la situation \u00e9volue. Mon espoir est tr\u00e8s limit\u00e9, mais au moins j&rsquo;aurai fait tout ce qui est en mon pouvoir, bien faible en v\u00e9rit\u00e9.<\/p>\n<p>Je crois que j&rsquo;aimerai \u00eatre un Eulipion.<\/p>\n<p><iframe loading=\"lazy\" src=\"https:\/\/w.soundcloud.com\/player\/?url=https%3A\/\/api.soundcloud.com\/tracks\/113645703&amp;auto_play=false&amp;hide_related=false&amp;show_comments=true&amp;show_user=true&amp;show_reposts=false&amp;visual=true\" width=\"100%\" height=\"450\" frameborder=\"no\" scrolling=\"no\"><\/iframe><\/p>\n","protected":false},"excerpt":{"rendered":"<p>La logique de la prise en charge \u00e9trangers malades reste, apr\u00e8s de nombreuses ann\u00e9es, un myst\u00e8re. Ce matin, j&rsquo;ai vu en consultation un jeune homme avec une maladie r\u00e9nale chronique responsable d&rsquo;une alt\u00e9ration importante de la fonction r\u00e9nale (d\u00e9bit de &hellip; <a href=\"https:\/\/perruchenautomne.eu\/wordpress\/2014\/06\/20\/rien-ne-sert-de-penser-faut-reflechir-avant-p-dac\/\">Continuer la lecture <span class=\"meta-nav\">&rarr;<\/span><\/a><\/p>\n","protected":false},"author":1,"featured_media":0,"comment_status":"open","ping_status":"open","sticky":false,"template":"","format":"standard","meta":{"jetpack_post_was_ever_published":false,"_jetpack_newsletter_access":"","_jetpack_dont_email_post_to_subs":false,"_jetpack_newsletter_tier_id":0,"_jetpack_memberships_contains_paywalled_content":false,"_jetpack_memberships_contains_paid_content":false,"footnotes":"","jetpack_publicize_message":"","jetpack_publicize_feature_enabled":true,"jetpack_social_post_already_shared":true,"jetpack_social_options":{"image_generator_settings":{"template":"highway","default_image_id":0,"font":"","enabled":false},"version":2}},"categories":[3,11,14],"tags":[1026,1025,1023,1027,1024,1022],"class_list":["post-2458","post","type-post","status-publish","format-standard","hentry","category-histoires-de-patients","category-medecine-humeur","category-nephrologie","tag-droit","tag-eulipion","tag-logique","tag-patient","tag-pierre-dac","tag-prise-en-charge"],"jetpack_publicize_connections":[],"jetpack_featured_media_url":"","jetpack_shortlink":"https:\/\/wp.me\/p1l1zM-DE","jetpack_sharing_enabled":true,"jetpack-related-posts":[],"_links":{"self":[{"href":"https:\/\/perruchenautomne.eu\/wordpress\/wp-json\/wp\/v2\/posts\/2458","targetHints":{"allow":["GET"]}}],"collection":[{"href":"https:\/\/perruchenautomne.eu\/wordpress\/wp-json\/wp\/v2\/posts"}],"about":[{"href":"https:\/\/perruchenautomne.eu\/wordpress\/wp-json\/wp\/v2\/types\/post"}],"author":[{"embeddable":true,"href":"https:\/\/perruchenautomne.eu\/wordpress\/wp-json\/wp\/v2\/users\/1"}],"replies":[{"embeddable":true,"href":"https:\/\/perruchenautomne.eu\/wordpress\/wp-json\/wp\/v2\/comments?post=2458"}],"version-history":[{"count":4,"href":"https:\/\/perruchenautomne.eu\/wordpress\/wp-json\/wp\/v2\/posts\/2458\/revisions"}],"predecessor-version":[{"id":2463,"href":"https:\/\/perruchenautomne.eu\/wordpress\/wp-json\/wp\/v2\/posts\/2458\/revisions\/2463"}],"wp:attachment":[{"href":"https:\/\/perruchenautomne.eu\/wordpress\/wp-json\/wp\/v2\/media?parent=2458"}],"wp:term":[{"taxonomy":"category","embeddable":true,"href":"https:\/\/perruchenautomne.eu\/wordpress\/wp-json\/wp\/v2\/categories?post=2458"},{"taxonomy":"post_tag","embeddable":true,"href":"https:\/\/perruchenautomne.eu\/wordpress\/wp-json\/wp\/v2\/tags?post=2458"}],"curies":[{"name":"wp","href":"https:\/\/api.w.org\/{rel}","templated":true}]}}