{"id":2474,"date":"2014-06-26T16:56:08","date_gmt":"2014-06-26T15:56:08","guid":{"rendered":"https:\/\/perruchenautomne.eu\/wordpress\/?p=2474"},"modified":"2014-06-26T16:56:08","modified_gmt":"2014-06-26T15:56:08","slug":"je-ne-voulais-pas-ecrire-cette-note","status":"publish","type":"post","link":"https:\/\/perruchenautomne.eu\/wordpress\/2014\/06\/26\/je-ne-voulais-pas-ecrire-cette-note\/","title":{"rendered":"Je ne voulais pas \u00e9crire cette note"},"content":{"rendered":"<p>Je ne voulais pas \u00e9crire cette note, mais \u00e0 force qu&rsquo;on me titille sur le sujet, je craque. Je me demande si ce n&rsquo;est pas la <a href=\"http:\/\/abonnes.lemonde.fr\/sante\/article\/2014\/06\/26\/kouchner-veut-bannir-le-terme-euthanasie_4446012_1651302.html\">d\u00e9claration mythique<\/a> de notre ancien ministre, french doctor, porteur de sac de riz, et accessoirement ancien grand tenant de la d\u00e9mocratie sanitaire et des droits des patients.<\/p>\n<p>Ma g\u00e9n\u00e9ration a \u00e9t\u00e9 nourrie d&rsquo;un mod\u00e8le oppos\u00e9 \u00e0 celui du m\u00e9decin paternaliste. On nous a appris \u00e0 vouloir tuer ce p\u00e8re fouettard m\u00e9decin. On nous a appris la d\u00e9cision coll\u00e9giale, la discussion avec le patient, l&rsquo;entourage. On nous a appris \u00e0 expliquer, expliquer et encore expliquer. La loi sur le droit des malades est venu couronner et l\u00e9gitimer ce mouvement. Je pensais que la profession avait int\u00e9gr\u00e9 l&rsquo;importance du partage pour sortir de la position du m\u00e9decin tout puissant, figure divine, imposant ses oukases. Je croyais b\u00eatement que la soci\u00e9t\u00e9 avait aussi int\u00e9gr\u00e9 cette \u00e9volution majeure de la pens\u00e9e m\u00e9dicale.<\/p>\n<p>Et patatras, voici l&rsquo;affaire dites \u00ab\u00a0Bonnemaison\u00a0\u00bb. L&rsquo;<a href=\"http:\/\/prdchroniques.blog.lemonde.fr\/2014\/06\/11\/nicolas-bonnemaison-leuthanasie-nest-pas-mon-combat\/\">euthanasie n&rsquo;est pas son combat<\/a> ni le mien, \u00e7a tombe bien. Par contre, ses mots sont terribles, il veut prot\u00e9ger contre eux-m\u00eame les personnes, famille, \u00e9quipe soignante, en prenant les d\u00e9cisions seul et en agissant seul. Ce point est celui qui me d\u00e9range le plus. Il va \u00e0 l&rsquo;encontre de tout ce en quoi je crois dans la pratique m\u00e9dicale. L&rsquo;importance de la parole, de l&rsquo;explication, de la p\u00e9dagogie faites aux patients, \u00e0 sa famille et aux soignants. L&rsquo;importance du dialogue, car parfois on se trompe et la confrontation permet de r\u00e9tablir une situation. J&rsquo;ai du lutter contre ma tendance naturelle \u00e0 croire que j&rsquo;ai raison et \u00e0 la prise de d\u00e9cision individuelle, sur de ma science. C&rsquo;est le fruit d&rsquo;une \u00e9ducation par mes maitres \u00e0 qui je dois rendre hommage. Que lui reproche la seule famille partie civile? <a href=\"http:\/\/prdchroniques.blog.lemonde.fr\/2014\/06\/12\/le-fils-dune-patiente-decedee-a-lex-docteur-bonnemaison-jaurais-voulu-que-vous-men-parliez\/\">L&rsquo;absence d&rsquo;\u00e9change<\/a>.<\/p>\n<p>Rien n&rsquo;est plus beau et important que le partage. Important car il prot\u00e8ge aussi le praticien du burn out. Beau car l&rsquo;autre est une richesse. Partager les exp\u00e9riences difficiles, partager la d\u00e9cision, se forcer \u00e0 expliquer ses choix permet de prendre du recul, de mieux y r\u00e9fl\u00e9chir. L&rsquo;absence d&rsquo;\u00e9change est mortif\u00e8re.<\/p>\n<p>Ce praticien a trahi une approche bas\u00e9e sur le dialogue. Alors quand je lis que M <a href=\"http:\/\/prdchroniques.blog.lemonde.fr\/2014\/06\/20\/au-proces-bonnemaison-les-certitudes-de-bernard-kouchner-lhumilite-de-michele-delaunay\/\">Kouchener<\/a> le d\u00e9fend, je ne comprends plus. Quand je lis qu&rsquo;on applaudit au verdict, je me dis que nous avons fait fausse route en promouvant cette approche. Est ce ceci que les patients et leurs familles attendent de nous? Des prises de d\u00e9cisions sur une impulsion, des passages \u00e0 l&rsquo;acte sans discussion, sans dialogue, sans d\u00e9cision partag\u00e9e, dans le silence. Est ce ceci vers quoi nous devons retourner? Vers cette m\u00e9decine paternaliste qui d\u00e9cide ce qui est bon pour le patient sans tenir compte de ses souhaits, sans \u00e9coute et sans explications?<\/p>\n<blockquote><p>\u00ab\u00a0C&rsquo;est bon pour vous, surtout ne r\u00e9fl\u00e9chissez pas, je suis le maitre de votre destin!\u00a0\u00bb<\/p><\/blockquote>\n<p>Ce jugement me laisse un \u00e9trange gout dans la bouche, un peu amer. Que devons nous dire \u00e0 nos \u00e9tudiants? Faites comme le Dr Bonnemaison, cowboy solitaire. Ou faut il continuer \u00e0 porter ce message de la cogestion de la d\u00e9cision entre soignants et patient.<\/p>\n<p>Franchement, je ne sais plus.<\/p>\n<p>&nbsp;<\/p>\n","protected":false},"excerpt":{"rendered":"<p>Je ne voulais pas \u00e9crire cette note, mais \u00e0 force qu&rsquo;on me titille sur le sujet, je craque. Je me demande si ce n&rsquo;est pas la d\u00e9claration mythique de notre ancien ministre, french doctor, porteur de sac de riz, et &hellip; <a href=\"https:\/\/perruchenautomne.eu\/wordpress\/2014\/06\/26\/je-ne-voulais-pas-ecrire-cette-note\/\">Continuer la lecture <span class=\"meta-nav\">&rarr;<\/span><\/a><\/p>\n","protected":false},"author":1,"featured_media":0,"comment_status":"open","ping_status":"open","sticky":false,"template":"","format":"standard","meta":{"jetpack_post_was_ever_published":false,"_jetpack_newsletter_access":"","_jetpack_dont_email_post_to_subs":false,"_jetpack_newsletter_tier_id":0,"_jetpack_memberships_contains_paywalled_content":false,"_jetpack_memberships_contains_paid_content":false,"footnotes":"","jetpack_publicize_message":"","jetpack_publicize_feature_enabled":true,"jetpack_social_post_already_shared":true,"jetpack_social_options":{"image_generator_settings":{"template":"highway","default_image_id":0,"font":"","enabled":false},"version":2}},"categories":[11],"tags":[1037,1038,1039,1040],"class_list":["post-2474","post","type-post","status-publish","format-standard","hentry","category-medecine-humeur","tag-bonnemaison","tag-decision","tag-partage","tag-silence"],"jetpack_publicize_connections":[],"jetpack_featured_media_url":"","jetpack_shortlink":"https:\/\/wp.me\/p1l1zM-DU","jetpack_sharing_enabled":true,"jetpack-related-posts":[],"_links":{"self":[{"href":"https:\/\/perruchenautomne.eu\/wordpress\/wp-json\/wp\/v2\/posts\/2474","targetHints":{"allow":["GET"]}}],"collection":[{"href":"https:\/\/perruchenautomne.eu\/wordpress\/wp-json\/wp\/v2\/posts"}],"about":[{"href":"https:\/\/perruchenautomne.eu\/wordpress\/wp-json\/wp\/v2\/types\/post"}],"author":[{"embeddable":true,"href":"https:\/\/perruchenautomne.eu\/wordpress\/wp-json\/wp\/v2\/users\/1"}],"replies":[{"embeddable":true,"href":"https:\/\/perruchenautomne.eu\/wordpress\/wp-json\/wp\/v2\/comments?post=2474"}],"version-history":[{"count":1,"href":"https:\/\/perruchenautomne.eu\/wordpress\/wp-json\/wp\/v2\/posts\/2474\/revisions"}],"predecessor-version":[{"id":2475,"href":"https:\/\/perruchenautomne.eu\/wordpress\/wp-json\/wp\/v2\/posts\/2474\/revisions\/2475"}],"wp:attachment":[{"href":"https:\/\/perruchenautomne.eu\/wordpress\/wp-json\/wp\/v2\/media?parent=2474"}],"wp:term":[{"taxonomy":"category","embeddable":true,"href":"https:\/\/perruchenautomne.eu\/wordpress\/wp-json\/wp\/v2\/categories?post=2474"},{"taxonomy":"post_tag","embeddable":true,"href":"https:\/\/perruchenautomne.eu\/wordpress\/wp-json\/wp\/v2\/tags?post=2474"}],"curies":[{"name":"wp","href":"https:\/\/api.w.org\/{rel}","templated":true}]}}