{"id":2644,"date":"2014-08-24T09:00:05","date_gmt":"2014-08-24T08:00:05","guid":{"rendered":"https:\/\/perruchenautomne.eu\/wordpress\/?p=2644"},"modified":"2014-08-23T17:26:05","modified_gmt":"2014-08-23T16:26:05","slug":"comment-twitter-ma-aide-a-la-deconnexion","status":"publish","type":"post","link":"https:\/\/perruchenautomne.eu\/wordpress\/2014\/08\/24\/comment-twitter-ma-aide-a-la-deconnexion\/","title":{"rendered":"Comment twitter m&rsquo;a aid\u00e9 \u00e0 la d\u00e9connexion"},"content":{"rendered":"<p><a href=\"https:\/\/perruchenautomne.eu\/wordpress\/wp-content\/uploads\/2014\/08\/christ2014.jpg\"><img loading=\"lazy\" decoding=\"async\" class=\"aligncenter size-full wp-image-2647\" src=\"https:\/\/perruchenautomne.eu\/wordpress\/wp-content\/uploads\/2014\/08\/christ2014.jpg\" alt=\"christ2014\" width=\"650\" height=\"1025\" srcset=\"https:\/\/perruchenautomne.eu\/wordpress\/wp-content\/uploads\/2014\/08\/christ2014.jpg 650w, https:\/\/perruchenautomne.eu\/wordpress\/wp-content\/uploads\/2014\/08\/christ2014-190x300.jpg 190w, https:\/\/perruchenautomne.eu\/wordpress\/wp-content\/uploads\/2014\/08\/christ2014-649x1024.jpg 649w\" sizes=\"auto, (max-width: 650px) 100vw, 650px\" \/><\/a>J&rsquo;aurai pu passer des vacances connect\u00e9es, \u00e0 suivre f\u00e9brilement l&rsquo;activit\u00e9 de twitter, des blogs, etc. J&rsquo;\u00e9tais bien parti pour. Le WiFi g\u00e9n\u00e9ralis\u00e9 m\u00eame de pi\u00e8tre qualit\u00e9 permet le maintien de la connexion. Heureusement, j&rsquo;ai eu la bonne id\u00e9e de tweeter \u00e7a.<\/p>\n<blockquote class=\"twitter-tweet\" lang=\"en\"><p>Obligation de service des internes passage de 11 \u00e0 8 demies journ\u00e9es, garde de nuit=2 1\/2 journ\u00e9es. Ce qui veut dire en pratique<\/p>\n<p>\u2014 Perruche automnale (@PUautomne) <a href=\"https:\/\/twitter.com\/PUautomne\/statuses\/496176262818570240\">August 4, 2014<\/a><\/p><\/blockquote>\n<blockquote class=\"twitter-tweet\" lang=\"en\"><p>Pour les services \u00e0 garde nous aurons un interne du lundi au mercredi et un autre du jeudi au samedi. On invente la semaine de 3 jours. \u2014 Perruche automnale (@PUautomne) <a href=\"https:\/\/twitter.com\/PUautomne\/statuses\/496176817272016896\">August 4, 2014<\/a><\/p><\/blockquote>\n<p><script src=\"\/\/platform.twitter.com\/widgets.js\" async=\"\" charset=\"utf-8\"><\/script><\/p>\n<blockquote class=\"twitter-tweet\" lang=\"en\"><p>\nPour m\u00e9moire aux USA le temps de travail d&rsquo;un interne est limit\u00e9 \u00e0 80 heures. L&rsquo;interne fran\u00e7ais est vraiment brillant pour avoir besoin de<\/p>\n<p>\u2014 Perruche automnale (@PUautomne) <a href=\"https:\/\/twitter.com\/PUautomne\/statuses\/496177168574332928\">August 4, 2014<\/a>\n<\/p><\/blockquote>\n<p><script src=\"\/\/platform.twitter.com\/widgets.js\" async=\"\" charset=\"utf-8\"><\/script><\/p>\n<p>Ces tweets m&rsquo;ont valu un retour comme attendu fort am\u00e8ne et sympathique. J&rsquo;ai mollement r\u00e9pondu et puis j&rsquo;ai laiss\u00e9 tomb\u00e9. Il \u00e9tait\u00a0 plus int\u00e9ressant de profiter de ma petite famille, de ces instants ensemble, loin de la pression du travail. J&rsquo;en avais pr\u00e9vu, je n&rsquo;ai rien fait, sauf regarder quelques mails. J&rsquo;ai surtout lu, march\u00e9, nag\u00e9. J&rsquo;ai r\u00e9ussi \u00e0 lire tout ce qui \u00e9tait pr\u00e9vu et m\u00eame un peu plus.<\/p>\n<p>J&rsquo;ai pass\u00e9 d&rsquo;excellentes vacances loin de twitter, des blogs, avec Kafka, Melville, Mann et quelques autres.<\/p>\n<p><a href=\"https:\/\/perruchenautomne.eu\/wordpress\/wp-content\/uploads\/2014\/08\/montagne2014.jpg\"><img loading=\"lazy\" decoding=\"async\" class=\"aligncenter size-full wp-image-2650\" src=\"https:\/\/perruchenautomne.eu\/wordpress\/wp-content\/uploads\/2014\/08\/montagne2014.jpg\" alt=\"montagne2014\" width=\"800\" height=\"198\" srcset=\"https:\/\/perruchenautomne.eu\/wordpress\/wp-content\/uploads\/2014\/08\/montagne2014.jpg 800w, https:\/\/perruchenautomne.eu\/wordpress\/wp-content\/uploads\/2014\/08\/montagne2014-300x74.jpg 300w\" sizes=\"auto, (max-width: 800px) 100vw, 800px\" \/><\/a>La t\u00eate dans les montagnes et les pieds dans l&rsquo;adriatique.<\/p>\n<p><a href=\"https:\/\/perruchenautomne.eu\/wordpress\/wp-content\/uploads\/2014\/08\/lido2014.jpg\"><img loading=\"lazy\" decoding=\"async\" class=\"aligncenter size-full wp-image-2649\" src=\"https:\/\/perruchenautomne.eu\/wordpress\/wp-content\/uploads\/2014\/08\/lido2014.jpg\" alt=\"lido2014\" width=\"800\" height=\"181\" srcset=\"https:\/\/perruchenautomne.eu\/wordpress\/wp-content\/uploads\/2014\/08\/lido2014.jpg 800w, https:\/\/perruchenautomne.eu\/wordpress\/wp-content\/uploads\/2014\/08\/lido2014-300x67.jpg 300w\" sizes=\"auto, (max-width: 800px) 100vw, 800px\" \/><\/a>Je remercie chaleureusement les personnes qui ont r\u00e9pondu de fa\u00e7on lapidaire et d\u00e9sagr\u00e9able ou retweet\u00e9 les r\u00e9ponses \u00e0 ces tweets. Ils m&rsquo;ont permis de fa\u00e7on bien involontaire de profiter de ces quelques semaines de paix, loin des r\u00e9seaux, avant une rentr\u00e9e qui s&rsquo;annonce charg\u00e9e.<\/p>\n<p><a href=\"https:\/\/perruchenautomne.eu\/wordpress\/wp-content\/uploads\/2014\/08\/lagune-2014.jpg\"><img loading=\"lazy\" decoding=\"async\" class=\"aligncenter size-full wp-image-2648\" src=\"https:\/\/perruchenautomne.eu\/wordpress\/wp-content\/uploads\/2014\/08\/lagune-2014.jpg\" alt=\"lagune 2014\" width=\"650\" height=\"366\" srcset=\"https:\/\/perruchenautomne.eu\/wordpress\/wp-content\/uploads\/2014\/08\/lagune-2014.jpg 650w, https:\/\/perruchenautomne.eu\/wordpress\/wp-content\/uploads\/2014\/08\/lagune-2014-300x168.jpg 300w\" sizes=\"auto, (max-width: 650px) 100vw, 650px\" \/><\/a><\/p>\n<p>Note \u00e9crite avec l&rsquo;aide de BFE<\/p>\n<audio class=\"wp-audio-shortcode\" id=\"audio-2644-1\" preload=\"none\" style=\"width: 100%;\" controls=\"controls\"><source type=\"audio\/mpeg\" src=\"https:\/\/perruchenautomne.eu\/wordpress\/wp-content\/uploads\/2014\/08\/02-The-Creator-Has-a-Master-Plan.mp3?_=1\" \/><a href=\"https:\/\/perruchenautomne.eu\/wordpress\/wp-content\/uploads\/2014\/08\/02-The-Creator-Has-a-Master-Plan.mp3\">https:\/\/perruchenautomne.eu\/wordpress\/wp-content\/uploads\/2014\/08\/02-The-Creator-Has-a-Master-Plan.mp3<\/a><\/audio>\n<p>&nbsp;<\/p>\n","protected":false},"excerpt":{"rendered":"<p>J&rsquo;aurai pu passer des vacances connect\u00e9es, \u00e0 suivre f\u00e9brilement l&rsquo;activit\u00e9 de twitter, des blogs, etc. J&rsquo;\u00e9tais bien parti pour. Le WiFi g\u00e9n\u00e9ralis\u00e9 m\u00eame de pi\u00e8tre qualit\u00e9 permet le maintien de la connexion. Heureusement, j&rsquo;ai eu la bonne id\u00e9e de tweeter &hellip; <a href=\"https:\/\/perruchenautomne.eu\/wordpress\/2014\/08\/24\/comment-twitter-ma-aide-a-la-deconnexion\/\">Continuer la lecture <span class=\"meta-nav\">&rarr;<\/span><\/a><\/p>\n","protected":false},"author":1,"featured_media":0,"comment_status":"open","ping_status":"open","sticky":false,"template":"","format":"standard","meta":{"jetpack_post_was_ever_published":false,"_jetpack_newsletter_access":"","_jetpack_dont_email_post_to_subs":false,"_jetpack_newsletter_tier_id":0,"_jetpack_memberships_contains_paywalled_content":false,"_jetpack_memberships_contains_paid_content":false,"footnotes":"","jetpack_publicize_message":"","jetpack_publicize_feature_enabled":true,"jetpack_social_post_already_shared":true,"jetpack_social_options":{"image_generator_settings":{"template":"highway","default_image_id":0,"font":"","enabled":false},"version":2}},"categories":[95,235],"tags":[1156,1155,1157,457,236,290],"class_list":["post-2644","post","type-post","status-publish","format-standard","hentry","category-blog","category-voyage","tag-lido","tag-montagne","tag-reseau","tag-twitter","tag-vacances","tag-venise"],"jetpack_publicize_connections":[],"jetpack_featured_media_url":"","jetpack_shortlink":"https:\/\/wp.me\/p1l1zM-GE","jetpack_sharing_enabled":true,"jetpack-related-posts":[],"_links":{"self":[{"href":"https:\/\/perruchenautomne.eu\/wordpress\/wp-json\/wp\/v2\/posts\/2644","targetHints":{"allow":["GET"]}}],"collection":[{"href":"https:\/\/perruchenautomne.eu\/wordpress\/wp-json\/wp\/v2\/posts"}],"about":[{"href":"https:\/\/perruchenautomne.eu\/wordpress\/wp-json\/wp\/v2\/types\/post"}],"author":[{"embeddable":true,"href":"https:\/\/perruchenautomne.eu\/wordpress\/wp-json\/wp\/v2\/users\/1"}],"replies":[{"embeddable":true,"href":"https:\/\/perruchenautomne.eu\/wordpress\/wp-json\/wp\/v2\/comments?post=2644"}],"version-history":[{"count":5,"href":"https:\/\/perruchenautomne.eu\/wordpress\/wp-json\/wp\/v2\/posts\/2644\/revisions"}],"predecessor-version":[{"id":2654,"href":"https:\/\/perruchenautomne.eu\/wordpress\/wp-json\/wp\/v2\/posts\/2644\/revisions\/2654"}],"wp:attachment":[{"href":"https:\/\/perruchenautomne.eu\/wordpress\/wp-json\/wp\/v2\/media?parent=2644"}],"wp:term":[{"taxonomy":"category","embeddable":true,"href":"https:\/\/perruchenautomne.eu\/wordpress\/wp-json\/wp\/v2\/categories?post=2644"},{"taxonomy":"post_tag","embeddable":true,"href":"https:\/\/perruchenautomne.eu\/wordpress\/wp-json\/wp\/v2\/tags?post=2644"}],"curies":[{"name":"wp","href":"https:\/\/api.w.org\/{rel}","templated":true}]}}