{"id":2668,"date":"2014-09-03T08:11:17","date_gmt":"2014-09-03T07:11:17","guid":{"rendered":"https:\/\/perruchenautomne.eu\/wordpress\/?p=2668"},"modified":"2014-09-03T08:11:17","modified_gmt":"2014-09-03T07:11:17","slug":"a-la-recherche-de-vivian-maier-de-john-maloof","status":"publish","type":"post","link":"https:\/\/perruchenautomne.eu\/wordpress\/2014\/09\/03\/a-la-recherche-de-vivian-maier-de-john-maloof\/","title":{"rendered":"\u00ab\u00a0A la recherche de Vivian Maier\u00a0\u00bb de John Maloof"},"content":{"rendered":"<p>Je ne vais jamais au cin\u00e9ma, ou tr\u00e8s rarement. Je suis all\u00e9 voir un documentaire hier, tirer par ma femme, avec pour argument \u00ab\u00a0\u00e7a parle de photos\u00a0\u00bb. J&rsquo;aime bien la photographie, m\u00eame si je n&rsquo;y comprends pas grand chose.<\/p>\n<p>Vous avez forc\u00e9ment vu des images de <a href=\"http:\/\/www.vivianmaier.com\/\">Vivian Maier<\/a> si vous regardez des blogs de photographies. Je ne vais pas vous raconter sa vie qui est le sujet <a href=\"http:\/\/www.vivianmaier.com\/film-finding-vivian-maier\/\">du documentaire<\/a>.<\/p>\n<p>Je vais juste vous conseiller d&rsquo;aller le voir pour deux raisons. La premi\u00e8re est artistique, c&rsquo;est un grand \u0153il. Elle a un talent pour saisir l&rsquo;instant exceptionnel. D\u00e9couvrez <a href=\"http:\/\/www.vivianmaier.com\/gallery\/street-1\/\">ses images<\/a> et vous comprendrez. Les voir sur grand \u00e9cran est tr\u00e8s agr\u00e9able. La deuxi\u00e8me est professionnelle. Ce film est un formidable moment de s\u00e9miologie. Il est indispensable pour tout \u00e9tudiant d\u00e9sirant comprendre un pan de la maladie mentale de le voir. La description s\u00e9miologique par les t\u00e9moins de la vie de Vivian Maier est prodigieuse. En sortant de l\u00e0 vous connaitrez une pathologie psychiatrique.<\/p>\n<p>Le film illustre encore une fois qu&rsquo;il ne sert pas \u00e0 grand chose de connaitre la vie d&rsquo;un artiste pour appr\u00e9ciez son \u0153uvre. Il est amusant de voir les photographes professionnelles parler de son empathie, de son \u00e9motion, alors que je suis convaincu que la force \u00e9motionnelle des photos de vivian Maier vient d&rsquo;autre chose, d&rsquo;une sensibilit\u00e9 tr\u00e8s particuli\u00e8re ou de son absence. Pour moi, elle \u00e9tait une pellicule photographique. Elle saisissait de fa\u00e7on intelligente, technique, mais sans forc\u00e9ment y mettre ce que nous y mettons comme \u00e9motion. Son \u00e9tranget\u00e9, sublim\u00e9e par le talent, fait la puissance \u00e9vocatrice de ses clich\u00e9s.<\/p>\n<p>Le travail de John Maloof est fascinant et on ne peut que le remercier de nous avoir fait d\u00e9couvrir l&rsquo;artiste et la femme.<\/p>\n<p>&nbsp;<\/p>\n","protected":false},"excerpt":{"rendered":"<p>Je ne vais jamais au cin\u00e9ma, ou tr\u00e8s rarement. Je suis all\u00e9 voir un documentaire hier, tirer par ma femme, avec pour argument \u00ab\u00a0\u00e7a parle de photos\u00a0\u00bb. J&rsquo;aime bien la photographie, m\u00eame si je n&rsquo;y comprends pas grand chose. Vous &hellip; <a href=\"https:\/\/perruchenautomne.eu\/wordpress\/2014\/09\/03\/a-la-recherche-de-vivian-maier-de-john-maloof\/\">Continuer la lecture <span class=\"meta-nav\">&rarr;<\/span><\/a><\/p>\n","protected":false},"author":1,"featured_media":0,"comment_status":"open","ping_status":"open","sticky":false,"template":"","format":"standard","meta":{"jetpack_post_was_ever_published":false,"_jetpack_newsletter_access":"","_jetpack_dont_email_post_to_subs":false,"_jetpack_newsletter_tier_id":0,"_jetpack_memberships_contains_paywalled_content":false,"_jetpack_memberships_contains_paid_content":false,"footnotes":"","jetpack_publicize_message":"","jetpack_publicize_feature_enabled":true,"jetpack_social_post_already_shared":true,"jetpack_social_options":{"image_generator_settings":{"template":"highway","default_image_id":0,"font":"","enabled":false},"version":2}},"categories":[1],"tags":[1163,1162,901,1161],"class_list":["post-2668","post","type-post","status-publish","format-standard","hentry","category-non-classe","tag-documentaire","tag-photographie","tag-psychiatrie","tag-vivian-maier"],"jetpack_publicize_connections":[],"jetpack_featured_media_url":"","jetpack_shortlink":"https:\/\/wp.me\/p1l1zM-H2","jetpack_sharing_enabled":true,"jetpack-related-posts":[],"_links":{"self":[{"href":"https:\/\/perruchenautomne.eu\/wordpress\/wp-json\/wp\/v2\/posts\/2668","targetHints":{"allow":["GET"]}}],"collection":[{"href":"https:\/\/perruchenautomne.eu\/wordpress\/wp-json\/wp\/v2\/posts"}],"about":[{"href":"https:\/\/perruchenautomne.eu\/wordpress\/wp-json\/wp\/v2\/types\/post"}],"author":[{"embeddable":true,"href":"https:\/\/perruchenautomne.eu\/wordpress\/wp-json\/wp\/v2\/users\/1"}],"replies":[{"embeddable":true,"href":"https:\/\/perruchenautomne.eu\/wordpress\/wp-json\/wp\/v2\/comments?post=2668"}],"version-history":[{"count":3,"href":"https:\/\/perruchenautomne.eu\/wordpress\/wp-json\/wp\/v2\/posts\/2668\/revisions"}],"predecessor-version":[{"id":2671,"href":"https:\/\/perruchenautomne.eu\/wordpress\/wp-json\/wp\/v2\/posts\/2668\/revisions\/2671"}],"wp:attachment":[{"href":"https:\/\/perruchenautomne.eu\/wordpress\/wp-json\/wp\/v2\/media?parent=2668"}],"wp:term":[{"taxonomy":"category","embeddable":true,"href":"https:\/\/perruchenautomne.eu\/wordpress\/wp-json\/wp\/v2\/categories?post=2668"},{"taxonomy":"post_tag","embeddable":true,"href":"https:\/\/perruchenautomne.eu\/wordpress\/wp-json\/wp\/v2\/tags?post=2668"}],"curies":[{"name":"wp","href":"https:\/\/api.w.org\/{rel}","templated":true}]}}