{"id":2783,"date":"2014-10-27T21:15:56","date_gmt":"2014-10-27T20:15:56","guid":{"rendered":"https:\/\/perruchenautomne.eu\/wordpress\/?p=2783"},"modified":"2014-10-27T21:15:56","modified_gmt":"2014-10-27T20:15:56","slug":"luniversite-du-rein","status":"publish","type":"post","link":"https:\/\/perruchenautomne.eu\/wordpress\/2014\/10\/27\/luniversite-du-rein\/","title":{"rendered":"L&rsquo;Universit\u00e9 du Rein"},"content":{"rendered":"<p>Le patient-expert est en train d&rsquo;\u00e9merger comme un nouvel acteur du soin. Certains le regrettent, certains l&rsquo;attendent comme le messie. Sa formation, sa place, ses actions sont encore \u00e0 d\u00e9finir. Il est \u00e9vident qu&rsquo;avoir \u00e9t\u00e9 malade ne suffit pas \u00e0 faire de vous un patient expert. Il faut, \u00e0 mon avis, une r\u00e9flectivit\u00e9 sur soi, une mise \u00e0 distance de son exp\u00e9rience qui ne sont pas si simple \u00e0 atteindre. Il faut accepter l&rsquo;autre avec la m\u00eame maladie mais un v\u00e9cu parfois diam\u00e9tralement oppos\u00e9. Ce n&rsquo;est pas si facile. J&rsquo;ai le sentiment que des rudiments de <a href=\"http:\/\/ipso-marty.org\/index.php\">psycho-somatique<\/a> pourraient apporter beaucoup \u00e0 ces futurs soignants.<\/p>\n<p>Aix-Marseille Universit\u00e9 sous l&rsquo;impulsion de son pr\u00e9sident, le Pr Yvon Berland, convaincu de l&rsquo;importance de ce patient pas comme les autres, s&rsquo;est lanc\u00e9 dans la formation avec <a href=\"http:\/\/medecine.univ-amu.fr\/fr\/diplome\/ceu-deducation-therapeutique-patients-experts\">son Universit\u00e9 des Patients<\/a>.\u00a0 L&rsquo;exp\u00e9rience a d\u00e9but\u00e9 l&rsquo;ann\u00e9e derni\u00e8re et a \u00e9t\u00e9 tr\u00e8s appr\u00e9ci\u00e9 de ces \u00e9tudiants d&rsquo;un nouveau type.<\/p>\n<p>Aix-Marseille Universit\u00e9 dans une originale collaboration entre le CHU et les \u00e9quipes de n\u00e9phrologues lib\u00e9raux de la r\u00e9gion marseillaise poursuit l&rsquo;exp\u00e9rience en proposant l&rsquo;Universit\u00e9 du Rein. L&rsquo;objectif est de fournir \u00e0 des patients, \u00e0 leurs proches, mais aussi \u00e0 des professionnels de sant\u00e9 un cycle de formation sur les maladies r\u00e9nales chroniques. Six dates sont retenues avec trois conf\u00e9rences de 30 minutes suivies de 15 minutes de discussion, jouant ainsi le pari de l&rsquo;interaction et de la participation. Le programme et les modalit\u00e9s d&rsquo;inscription sont dans ce document: <a href=\"https:\/\/perruchenautomne.eu\/wordpress\/wp-content\/uploads\/2014\/10\/Universite-du-rein-2015-annonce-public-V2.pdf\">Universit\u00e9 du rein 2015 annonce public V2<\/a>. Il est sera possible d&rsquo;assister en auditeurs libres ou de s&rsquo;inscrire \u00e0 la facult\u00e9 de m\u00e9decine pour b\u00e9n\u00e9ficier de la reconnaissance de cette Formation Universitaire Courte. Les orateurs pour cette premi\u00e8re \u00e9dition ne sont que des n\u00e9phrologues connaissant bien leurs sujets. Nous pouvons esp\u00e9rer que dans les ann\u00e9es futures nous verrons des patients-experts transmettre leur savoir.<\/p>\n<p>Le troisi\u00e8me cycle de conf\u00e9rence aura lieu lors de la <a href=\"http:\/\/www.worldkidneyday.org\/\">journ\u00e9e mondiale du rein<\/a> 2015 se coordonnant avec une <a href=\"http:\/\/cjnephro.com\/\">initiative des jeunes n\u00e9phrologue<\/a>s, T&rsquo;REIN.<\/p>\n<p>Aix-Marseille Universit\u00e9 en collaboration avec l&rsquo;Assistance Publique-Hopitaux de Marseille confirme son dynamisme dans la transmission des savoirs \u00e0 tous les publics.<\/p>\n","protected":false},"excerpt":{"rendered":"<p>Le patient-expert est en train d&rsquo;\u00e9merger comme un nouvel acteur du soin. Certains le regrettent, certains l&rsquo;attendent comme le messie. Sa formation, sa place, ses actions sont encore \u00e0 d\u00e9finir. Il est \u00e9vident qu&rsquo;avoir \u00e9t\u00e9 malade ne suffit pas \u00e0 &hellip; <a href=\"https:\/\/perruchenautomne.eu\/wordpress\/2014\/10\/27\/luniversite-du-rein\/\">Continuer la lecture <span class=\"meta-nav\">&rarr;<\/span><\/a><\/p>\n","protected":false},"author":1,"featured_media":0,"comment_status":"open","ping_status":"open","sticky":false,"template":"","format":"standard","meta":{"jetpack_post_was_ever_published":false,"_jetpack_newsletter_access":"","_jetpack_dont_email_post_to_subs":false,"_jetpack_newsletter_tier_id":0,"_jetpack_memberships_contains_paywalled_content":false,"_jetpack_memberships_contains_paid_content":false,"footnotes":"","jetpack_publicize_message":"","jetpack_publicize_feature_enabled":true,"jetpack_social_post_already_shared":true,"jetpack_social_options":{"image_generator_settings":{"template":"highway","default_image_id":0,"font":"","enabled":false},"version":2}},"categories":[13,14],"tags":[1235,1234,146,161,903,1237,1236],"class_list":["post-2783","post","type-post","status-publish","format-standard","hentry","category-medecine-2","category-nephrologie","tag-aix-marseille-universite","tag-amu","tag-formation","tag-nephrologie-2","tag-patient-expert","tag-trein","tag-universite-du-rein"],"jetpack_publicize_connections":[],"jetpack_featured_media_url":"","jetpack_shortlink":"https:\/\/wp.me\/p1l1zM-IT","jetpack_sharing_enabled":true,"jetpack-related-posts":[],"_links":{"self":[{"href":"https:\/\/perruchenautomne.eu\/wordpress\/wp-json\/wp\/v2\/posts\/2783","targetHints":{"allow":["GET"]}}],"collection":[{"href":"https:\/\/perruchenautomne.eu\/wordpress\/wp-json\/wp\/v2\/posts"}],"about":[{"href":"https:\/\/perruchenautomne.eu\/wordpress\/wp-json\/wp\/v2\/types\/post"}],"author":[{"embeddable":true,"href":"https:\/\/perruchenautomne.eu\/wordpress\/wp-json\/wp\/v2\/users\/1"}],"replies":[{"embeddable":true,"href":"https:\/\/perruchenautomne.eu\/wordpress\/wp-json\/wp\/v2\/comments?post=2783"}],"version-history":[{"count":2,"href":"https:\/\/perruchenautomne.eu\/wordpress\/wp-json\/wp\/v2\/posts\/2783\/revisions"}],"predecessor-version":[{"id":2786,"href":"https:\/\/perruchenautomne.eu\/wordpress\/wp-json\/wp\/v2\/posts\/2783\/revisions\/2786"}],"wp:attachment":[{"href":"https:\/\/perruchenautomne.eu\/wordpress\/wp-json\/wp\/v2\/media?parent=2783"}],"wp:term":[{"taxonomy":"category","embeddable":true,"href":"https:\/\/perruchenautomne.eu\/wordpress\/wp-json\/wp\/v2\/categories?post=2783"},{"taxonomy":"post_tag","embeddable":true,"href":"https:\/\/perruchenautomne.eu\/wordpress\/wp-json\/wp\/v2\/tags?post=2783"}],"curies":[{"name":"wp","href":"https:\/\/api.w.org\/{rel}","templated":true}]}}