{"id":2792,"date":"2014-11-01T11:30:39","date_gmt":"2014-11-01T10:30:39","guid":{"rendered":"https:\/\/perruchenautomne.eu\/wordpress\/?p=2792"},"modified":"2017-07-05T16:58:26","modified_gmt":"2017-07-05T15:58:26","slug":"faut-il-que-je-passe-de-la-perruche-automnale-au-mandarin-reac","status":"publish","type":"post","link":"https:\/\/perruchenautomne.eu\/wordpress\/2014\/11\/01\/faut-il-que-je-passe-de-la-perruche-automnale-au-mandarin-reac\/","title":{"rendered":"Faut il que je passe de la perruche automnale au mandarin r\u00e9ac?"},"content":{"rendered":"<p>Voici une grave question. Honn\u00eatement je changerai bien le nom de ce blog pour mandarin arch\u00e9o-r\u00e9ac (MAR), ce qui me retient est la complexit\u00e9 du truc. Je resterai donc une perruche jabotante, pour ne pas dire radotante ce qui va bien avec le mandarinat. Disons le tout de suite le terme de r\u00e9actionnaire est tellement mis \u00e0 toutes les sauces que je ne sais plus ce qu&rsquo;il veut dire. Je vous conseille la lecture de ce petit article du\u00a0 <a href=\"http:\/\/abonnes.lemonde.fr\/m-actu\/article\/2014\/10\/31\/le-reac-est-partout_4515138_4497186.html#xtor=EPR-32280631-[Mlemagazinedumonde]-20141031-[titres_haut]\">monde sur le sujet<\/a>.<\/p>\n<p>Pourquoi se poser cette question? J&rsquo;ai appris gr\u00e2ce \u00e0 l&rsquo;ISNI que j&rsquo;\u00e9tais un sale r\u00e9actionnaire, oppresseur du prol\u00e9tariat internesque. Je ne reviendrai pas sur les \u00e9changes de tweets qui on conduit \u00e0 ce diagnostic sans appel. Je mets les preuves de mon immense faute.<\/p>\n<p><a href=\"https:\/\/perruchenautomne.eu\/wordpress\/wp-content\/uploads\/2014\/10\/reac1.png\"><img loading=\"lazy\" decoding=\"async\" class=\"aligncenter size-full wp-image-2794\" src=\"https:\/\/perruchenautomne.eu\/wordpress\/wp-content\/uploads\/2014\/10\/reac1.png\" alt=\"reac1\" width=\"657\" height=\"717\" srcset=\"https:\/\/perruchenautomne.eu\/wordpress\/wp-content\/uploads\/2014\/10\/reac1.png 657w, https:\/\/perruchenautomne.eu\/wordpress\/wp-content\/uploads\/2014\/10\/reac1-274x300.png 274w\" sizes=\"auto, (max-width: 657px) 100vw, 657px\" \/><\/a> <a href=\"https:\/\/perruchenautomne.eu\/wordpress\/wp-content\/uploads\/2014\/10\/reac2.png\"><img loading=\"lazy\" decoding=\"async\" class=\"aligncenter size-full wp-image-2795\" src=\"https:\/\/perruchenautomne.eu\/wordpress\/wp-content\/uploads\/2014\/10\/reac2.png\" alt=\"reac2\" width=\"652\" height=\"711\" srcset=\"https:\/\/perruchenautomne.eu\/wordpress\/wp-content\/uploads\/2014\/10\/reac2.png 652w, https:\/\/perruchenautomne.eu\/wordpress\/wp-content\/uploads\/2014\/10\/reac2-275x300.png 275w\" sizes=\"auto, (max-width: 652px) 100vw, 652px\" \/><\/a> Perruche en Automne est un blog de mandarin r\u00e9actionnaire. Je suis d\u00e9sol\u00e9 pour tout ceux qui pensaient le contraire. Je m&rsquo;incline devant la d\u00e9monstration faite par l&rsquo;ISNI. Je le confesse bien volontiers, le service o\u00f9 je travaille ne pratique pas le repos de s\u00e9curit\u00e9 pour les internes, en plus ils travaillent le samedi matin, comme tous les m\u00e9decins du service d&rsquo;ailleurs. J&rsquo;ai aussi appris que les internes du service \u00e9taient dans une grande d\u00e9tresse morale. Ces \u00e9changes furent un choc salutaire pour moi. Manifestement, nous nous occupons mal des internes, qui souffrent dans notre service d&rsquo;esclavagistes mafieux patent\u00e9s. Soit, je prends acte, nous n&rsquo;en faisons pas assez pour les internes. Il va falloir am\u00e9liorer ce fait. J&rsquo;esp\u00e8re que dans quelques jours le bureau de ce syndicat en parlera de vive voix avec mon chef de service pour que nous \u00e9voluions vers plus de justice sociale sous la f\u00e9rule ISNIenne.<\/p>\n<p>J&rsquo;ai d\u00e9couvre la suite des \u00e9changes plus tard.<\/p>\n<p><a href=\"https:\/\/perruchenautomne.eu\/wordpress\/wp-content\/uploads\/2014\/10\/reac3.png\"><img loading=\"lazy\" decoding=\"async\" class=\"aligncenter size-full wp-image-2796\" src=\"https:\/\/perruchenautomne.eu\/wordpress\/wp-content\/uploads\/2014\/10\/reac3.png\" alt=\"reac3\" width=\"704\" height=\"717\" srcset=\"https:\/\/perruchenautomne.eu\/wordpress\/wp-content\/uploads\/2014\/10\/reac3.png 704w, https:\/\/perruchenautomne.eu\/wordpress\/wp-content\/uploads\/2014\/10\/reac3-294x300.png 294w\" sizes=\"auto, (max-width: 704px) 100vw, 704px\" \/><\/a><\/p>\n<p><a href=\"https:\/\/perruchenautomne.eu\/wordpress\/wp-content\/uploads\/2014\/10\/reac4.png\"><img loading=\"lazy\" decoding=\"async\" class=\"aligncenter size-full wp-image-2797\" src=\"https:\/\/perruchenautomne.eu\/wordpress\/wp-content\/uploads\/2014\/10\/reac4.png\" alt=\"reac4\" width=\"444\" height=\"697\" srcset=\"https:\/\/perruchenautomne.eu\/wordpress\/wp-content\/uploads\/2014\/10\/reac4.png 444w, https:\/\/perruchenautomne.eu\/wordpress\/wp-content\/uploads\/2014\/10\/reac4-191x300.png 191w\" sizes=\"auto, (max-width: 444px) 100vw, 444px\" \/><\/a><\/p>\n<p>Les derniers tweets m\u2019ont renvoy\u00e9 \u00e0 mon histoire. Que les choses soient claires, je ne nie pas la souffrance au travail, je ne nie pas l\u2019existence des grands m\u00e9chants loups, harceleurs, pervers-narcissiques ou hyper-narcissiques comme on les appelle au gr\u00e9 des modes et du temps. Je ne nie pas le fait que le milieu professionnel puisse ne pas \u00eatre bienveillant. Nous aimerions tous vivre dans un monde plus juste, plus \u00e9quitable, o\u00f9 nous nous respecterions tous sans invective, ni jugement h\u00e2tif, sans menace, ni d\u00e9lation. Ce n&rsquo;est pas le cas, on peut le regretter, on peut vouloir que les choses changent, tant mieux.<\/p>\n<p>Je suis probablement na\u00eff mais je ne crois pas que le milieu professionnel soit volontairement malveillants. Il peut le devenir pris dans sa routine de \u00ab\u00a0gens qui ne vont pas trop mal\u00a0\u00bb, quand une personne pour une raison ou un autre d\u00e9croche de la \u00ab\u00a0normalit\u00e9\u00a0\u00bb du \u00ab\u00a0pas trop mal\u00a0\u00bb. Il faudrait, \u00e0 mon humble avis de non sp\u00e9cialiste pour ne pas dire de b\u00e9otien, que les effets du travail soient int\u00e9gr\u00e9s dans le parcours de vie de l&rsquo;individu. Le monde du travail est dur, le monde m\u00e9dical est dur, soigner des personnes malades est une des choses les plus difficiles psychiquement que je connaisse. L\u2019investissement n\u00e9cessaire laisse parfois peu de place \u00e0 une r\u00e9flexion sur soi, surtout si en plus elle est douloureuse et que ce n&rsquo;est pas une habitude. L&rsquo;introspection a du\u00a0 bon. Alors, il est tentant, facile, humain, de dire que tout est la faute du travail. Si \u00e7a allait mieux sur le lieu de travail, si on avait plus de temps, moins de ci, plus de \u00e7a, un chef diff\u00e9rent, un coll\u00e8gue plus ci, moins l\u00e0, tout serait parfait et nous irions formidablement bien. Ce n&rsquo;est probablement pas faux, mais\u00a0 pas totalement juste. Le travail est responsable, mais j&rsquo;ai l&rsquo;impression, que bien souvent il n&rsquo;est qu&rsquo;un r\u00e9v\u00e9lateur. Certains patients, transplant\u00e9s du rein, d\u00e9couvrent que la transplantation du rein n\u2019est que le meilleur traitement de l\u2019insuffisance r\u00e9nale chronique. Avoir un nouveau rein, ne vous fera pas retrouver vos 20 ans, ne rendra pas votre femme plus d\u00e9sirable, ne donnera pas meilleur caract\u00e8re \u00e0 votre mari, ne vous fera pas retrouver vos cl\u00e9s de voiture le matin. Il ne vous permettra, de ne plus dialyser, d\u2019avoir une meilleure qualit\u00e9 de vie, mais il ne r\u00e9glera pas les probl\u00e8mes qui ne l\u2019ont pas \u00e9t\u00e9 avant comme par miracle. Parfois la transplantation accentuera certains probl\u00e8mes car \u00e9tant mieux dans son corps, n&rsquo;ayant plus le paravent de la dialyse, il faut affronter des choses endormies. Il y a aussi les m\u00e9dicaments qui modifient certaines \u00e9motions, ne le nions pas. Alors oui, il faut \u00eatre vigilant sur les conditions de travail, mais ce n&rsquo;est pas en r\u00e9duisant mon temps de travail que mon fils renaitra.<\/p>\n<p>J\u2019ai d\u00e9j\u00e0 racont\u00e9 les <a href=\"https:\/\/perruchenautomne.eu\/wordpress\/?page_id=44\">circonstances de la mort de mon fils<\/a>. J\u2019ai continu\u00e9 mon activit\u00e9 professionnel, je ne me suis pas arr\u00eat\u00e9. C\u2019\u00e9tait difficile, insupportable, mais indispensable pour ne pas compl\u00e9tement sombrer. J\u2019ai eu le sentiment que mon milieu professionnel \u00e9tait maltraitant. Est ce que l&rsquo;interne de mercredi \u00e9tait un monstre? Je ne le crois pas. On ne pr\u00eatait pas assez attention \u00e0 ma souffrance, on ne m\u2019\u00e9pargnait rien, personne ne faisait attention \u00e0 moi. J\u2019ai failli partir 10 fois, 20 fois de ce service. <a href=\"https:\/\/perruchenautomne.eu\/wordpress\/?p=549\">J\u2019\u00e9tais \u00e0 deux doigts de tout plaquer<\/a>. J\u2019ai su que je d\u00e9pla\u00e7ais le probl\u00e8me. Les gens n\u2019\u00e9taient pas plus m\u00e9chants, ni plus gentils, ils \u00e9taient comme ils avaient toujours \u00e9t\u00e9. La vie continue alors que ton monde s&rsquo;effondre. Tu voudrais tant que tout bascule, sombre avec toi pour ne plus \u00eatre seul.<\/p>\n<p>Votre vie s\u2019arr\u00eate mais la vie des autres continue et vous n\u2019y pouvez rien. Vous \u00eates l\u00e0 avec votre faille. La moindre agression, et dieu sait que le monde du travail est agressif surtout \u00e0 l\u2019h\u00f4pital, qui habituellement \u00e9tait g\u00e9rable, devient insupportable car vous \u00eates \u00e9clat\u00e9, d\u00e9truit. Alors oui, les conditions de travail deviennent p\u00e9nibles, mais elles ne sont pas le n\u0153ud du probl\u00e8me, elles ne sont que des \u00e9l\u00e9ments pr\u00e9cipitants, aggravants. Heureusement que ma situation \u00e9tait \u00e9vidente et que j&rsquo;ai pu l&rsquo;analyser. Il \u00e9tait tr\u00e8s tentant de plonger dans le \u00ab\u00a0on me harc\u00e8le\u00a0\u00bb, j&rsquo;ai failli y c\u00e9der, surtout un an ou deux apr\u00e8s la mort d&rsquo;Oscar. Quand les gens ont oubli\u00e9 alors que vous vivez toujours <a href=\"https:\/\/perruchenautomne.eu\/wordpress\/?p=457\">au pr\u00e9sent de l&rsquo;indicatif, l&rsquo;absence<\/a>.<\/p>\n<p>Le lieu de travail ne peut \u00eatre un lieu de th\u00e9rapie. Parfois il l\u2019est mais ceci ne devrait pas. Le m\u00e9lange est mauvais, trop pr\u00e9caire, trop d\u00e9pendant des personnes, de l\u2019entourage et de leur propres histoires.<\/p>\n<p>Soigner est dur. Voir la mort est une exp\u00e9rience limite qui renvoie <a href=\"https:\/\/perruchenautomne.eu\/wordpress\/?p=2495\">\u00e0 des peurs terribles<\/a>, ancestrales. Je me souviens du nom, de l&rsquo;endroit, des circonstances du premier patient que j&rsquo;ai r\u00e9anim\u00e9 seul et qui est mort. Exp\u00e9rience traumatisante mais impossible \u00e0 ne pas vivre, il faut juste \u00eatre capable d&rsquo;en faire quelque chose, en parlant. Les nouvelles g\u00e9n\u00e9rations d\u2019internes, d\u2019externes, bien souvent n\u2019ont pas connu l\u2019exp\u00e9rience du deuil, cette petite mort du nous \u00e0 travers la mort de l\u2019autre. Cette angoisse terrible qui nous \u00e9treint quand un proche meurt, l\u2019absence bien sur, mais aussi la peur de notre propre fin. Il est plus facile d\u2019apprendre le deuil dans la famille. Il y a un cadre, un rituel, l&rsquo;amour qui prot\u00e8ge, l&rsquo;accompagnement, le fait de ne pas \u00eatre seul \u00e0 vivre cette exp\u00e9rience. Il faut bien sur que la famille ne soit pas trop dysfonctionnelle.<\/p>\n<p>Dans le monde m\u00e9dical, c\u2019est autrement plus dur de faire l&rsquo;exp\u00e9rience de ce premier mort. La mort est l\u00e0. Les diff\u00e9rents soignants ont construit autour de \u00e7a pour le supporter, parfois sans le savoir. La force de l&rsquo;habitude est \u00e0 ne pas n\u00e9gliger, comme je l&rsquo;avait <a href=\"https:\/\/perruchenautomne.eu\/wordpress\/?p=1657\">\u00e9crit l\u00e0<\/a>. Il y a l\u00e0 un vrai travail \u00e0 faire sur, comment accompagner les jeunes soignants face \u00e0 ces premiers morts. J&rsquo;ai le sentiment qu&rsquo;il y a un chantier passionnant pour ceux qui souhaiteront s&rsquo;en emparer. La m\u00e9decine est un boulot tellement prenant qu\u2019il est difficile de ne pas vivre avec un peu tout le temps, de ne pas \u00eatre contamin\u00e9. Il faut trouver des espaces de paroles, la famille, les amis, les coll\u00e8gues, des groupes de paroles, un psychologue, un psychiatre pour d\u00e9nouer les fils et \u00e9viter que ce choc de la rencontre avec la maladie, ma mort ne se transforme en drame. Parler de soi, r\u00e9fl\u00e9chir sur soi encore et encore pour que ce soit supportable et pas trop destructeur.<\/p>\n<p>Il est bien de se pr\u00e9occuper des conditions de travail, de limiter les heures de travail, d&rsquo;assurer le temps de formation th\u00e9orique, mais il ne faut pas que ceci masque la r\u00e9alit\u00e9 profonde et \u00e0 mon sens que nous n\u00e9gligeons trop. La m\u00e9decine est un m\u00e9tier difficile. On ne le r\u00e9p\u00e9tera jamais assez <a href=\"https:\/\/perruchenautomne.eu\/wordpress\/?p=403\">ce n\u2019est pas un m\u00e9tier comme les autres<\/a>.Un m\u00e9tier fabuleux mais un m\u00e9tier qui nous renvoie, soignants, \u00e0 une angoisse originelle de l&rsquo;humanit\u00e9, celle de notre fin.<\/p>\n<p>Le contact avec l\u2019homme malade, souffrant, mourant n\u2019est pas anodin, banal, et de moins en moins courant en dehors du domaine m\u00e9dical, en particulier dans les pays occidentaux. Nier cette dimension particuli\u00e8re de l\u2019exp\u00e9rience m\u00e9dicale, c&rsquo;est rater quelque chose. Oui, je suis un vieux r\u00e9ac car je crois que ce m\u00e9tier est le plus passionnant, le plus excitant, le plus formidable qui existe, mais qu\u2019il est difficile, exigeant, demandant le meilleur de nous m\u00eame. Toujours vouloir se d\u00e9passer, \u00eatre meilleur juste pour celui que nous avons en face, qui nous confie sa vie. Le temps de formation est court et il y a tant \u00e0 apprendre, tant \u00e0 maitriser pour commencer \u00e0 prendre du plaisir. Car soigner peut \u00eatre une v\u00e9ritable source de plaisir. Alors oui, il faut sacrifier de son temps, renoncer \u00e0 plein de choses, \u00e0 une vie \u00ab\u00a0normale\u00a0\u00bb. La pr\u00e9paration de l&rsquo;ECN, n&rsquo;est que le d\u00e9but de l&rsquo;histoire, pas la fin. <a href=\"http:\/\/kystes.blog.lemonde.fr\/2010\/04\/17\/decompression\/\">Comme mon maitre<\/a> m&rsquo;avait dit que la nomination comme professeur n&rsquo;\u00e9tait que le d\u00e9but d&rsquo;autre chose, avec encore plus de travail. Il n&rsquo;avait pas tort comme souvent&#8230; Devenir m\u00e9decin est une activit\u00e9 tr\u00e8s consommatrice de temps et d\u2019\u00e9nergie, qui de mon exp\u00e9rience, ne peut pas se faire en 35 heures, mais j&rsquo;ai des limites intellectuelles que je conc\u00e8de bien volontiers. Devenir m\u00e9decin est l&rsquo;activit\u00e9 d&rsquo;une vie. J&rsquo;apprends toujours, j&rsquo;apprends encore des patients, des \u00e9tudiants, des internes, de la vie m\u00e9dicale. C&rsquo;est un processus sans fin se nourrissant de tout. Il peut paraitre angoissant, il est la richesse de ce m\u00e9tier fascinant et passionnant qu&rsquo;est le soin.<\/p>\n<p>Cette note est le fruit de mon exp\u00e9rience de vie. Elle refl\u00e8te mon opinion et elle est profond\u00e9ment individuelle. Elle n&rsquo;est en rien une v\u00e9rit\u00e9. Ce n&rsquo;est qu&rsquo;un angle de vue sur l&rsquo;activit\u00e9 m\u00e9dicale. Je crois que la m\u00e9decine est une activit\u00e9 globale, embrassant tous les champs du savoir et de l&rsquo;exp\u00e9rience humaine. Je comprends tout \u00e0 fait qu&rsquo;on ne partage pas cette vision.<\/p>\n","protected":false},"excerpt":{"rendered":"<p>Voici une grave question. Honn\u00eatement je changerai bien le nom de ce blog pour mandarin arch\u00e9o-r\u00e9ac (MAR), ce qui me retient est la complexit\u00e9 du truc. Je resterai donc une perruche jabotante, pour ne pas dire radotante ce qui va &hellip; <a href=\"https:\/\/perruchenautomne.eu\/wordpress\/2014\/11\/01\/faut-il-que-je-passe-de-la-perruche-automnale-au-mandarin-reac\/\">Continuer la lecture <span class=\"meta-nav\">&rarr;<\/span><\/a><\/p>\n","protected":false},"author":1,"featured_media":0,"comment_status":"open","ping_status":"open","sticky":false,"template":"","format":"standard","meta":{"jetpack_post_was_ever_published":false,"_jetpack_newsletter_access":"","_jetpack_dont_email_post_to_subs":false,"_jetpack_newsletter_tier_id":0,"_jetpack_memberships_contains_paywalled_content":false,"_jetpack_memberships_contains_paid_content":false,"footnotes":"","jetpack_publicize_message":"","jetpack_publicize_feature_enabled":true,"jetpack_social_post_already_shared":true,"jetpack_social_options":{"image_generator_settings":{"template":"highway","default_image_id":0,"font":"","enabled":false},"version":2}},"categories":[13,18],"tags":[],"class_list":["post-2792","post","type-post","status-publish","format-standard","hentry","category-medecine-2","category-o"],"jetpack_publicize_connections":[],"jetpack_featured_media_url":"","jetpack_shortlink":"https:\/\/wp.me\/p1l1zM-J2","jetpack_sharing_enabled":true,"jetpack-related-posts":[],"_links":{"self":[{"href":"https:\/\/perruchenautomne.eu\/wordpress\/wp-json\/wp\/v2\/posts\/2792","targetHints":{"allow":["GET"]}}],"collection":[{"href":"https:\/\/perruchenautomne.eu\/wordpress\/wp-json\/wp\/v2\/posts"}],"about":[{"href":"https:\/\/perruchenautomne.eu\/wordpress\/wp-json\/wp\/v2\/types\/post"}],"author":[{"embeddable":true,"href":"https:\/\/perruchenautomne.eu\/wordpress\/wp-json\/wp\/v2\/users\/1"}],"replies":[{"embeddable":true,"href":"https:\/\/perruchenautomne.eu\/wordpress\/wp-json\/wp\/v2\/comments?post=2792"}],"version-history":[{"count":12,"href":"https:\/\/perruchenautomne.eu\/wordpress\/wp-json\/wp\/v2\/posts\/2792\/revisions"}],"predecessor-version":[{"id":2811,"href":"https:\/\/perruchenautomne.eu\/wordpress\/wp-json\/wp\/v2\/posts\/2792\/revisions\/2811"}],"wp:attachment":[{"href":"https:\/\/perruchenautomne.eu\/wordpress\/wp-json\/wp\/v2\/media?parent=2792"}],"wp:term":[{"taxonomy":"category","embeddable":true,"href":"https:\/\/perruchenautomne.eu\/wordpress\/wp-json\/wp\/v2\/categories?post=2792"},{"taxonomy":"post_tag","embeddable":true,"href":"https:\/\/perruchenautomne.eu\/wordpress\/wp-json\/wp\/v2\/tags?post=2792"}],"curies":[{"name":"wp","href":"https:\/\/api.w.org\/{rel}","templated":true}]}}