{"id":3107,"date":"2015-02-23T12:11:46","date_gmt":"2015-02-23T11:11:46","guid":{"rendered":"https:\/\/perruchenautomne.eu\/wordpress\/?p=3107"},"modified":"2015-02-26T15:03:54","modified_gmt":"2015-02-26T14:03:54","slug":"note-piegee","status":"publish","type":"post","link":"https:\/\/perruchenautomne.eu\/wordpress\/2015\/02\/23\/note-piegee\/","title":{"rendered":"Note pi\u00e9g\u00e9e"},"content":{"rendered":"<p>J&rsquo;aime la radio et depuis mon stage post doctoral, surtout France Culture.<\/p>\n<p>Je vous conseille d&rsquo;\u00e9couter cette <a href=\"http:\/\/www.franceculture.fr\/emission-les-nouveaux-chemins-de-la-connaissance-l%E2%80%99ame-russe-14-pouchkine-2015-02-16\">\u00e9mission d&rsquo;Ad\u00e8le Van Reeth<\/a>, la premi\u00e8re d&rsquo;une s\u00e9rie sur l\u2019\u00e2me russe. Elle porte bien \u00e9videment sur Pouchkine. L&rsquo;invit\u00e9 est Andr\u00e9 Markowicz pour parler du chef d\u2019\u0153uvre du premier po\u00e8te russe \u00ab\u00a0Eug\u00e8ne On\u00e9guine\u00a0\u00bb. Elle se d\u00e9roule, tout va bien, int\u00e9ressant, un peu convenu. J&rsquo;aime bien Markowicz car c&rsquo;est une sp\u00e9cialiste du silence, du blanc de r\u00e9flexion, ce qui \u00e0 la radio est toujours d\u00e9routant. Quand je l&rsquo;\u00e9coute, je pense \u00e0 <a href=\"http:\/\/fr.wikipedia.org\/wiki\/4%E2%80%B233%E2%80%B3\">John Cage<\/a>. Et puis \u00e0 la minute 32, il prend le pouvoir. Il ne veut pas r\u00e9pondre \u00e0 la question et pendant 5 minutes de gr\u00e2ce, il explique pourquoi l\u2019\u00e9criture est un acte fondamental du hors soi, de mise \u00e0 distance, de mis en musique de l&rsquo;alt\u00e9rit\u00e9. C&rsquo;est brillant, juste et tr\u00e8s \u00e9mouvant. Il explique, simplement, qu&rsquo;un grand \u00e9crivain est celui qui pr\u00eate sa plume \u00e0 la voix de ses h\u00e9ros. Il donne des timbres, des expressions originales, des lieux communs. Nous ne parlons qu&rsquo;avec des lieux communs. Et seule la lecture est capable de rendre ce jeu, ce travail sur les voix. La puissance de la litt\u00e9rature et des grands auteurs, Pouchkine, Proust, Borges, Tolkien, est de travailler sur le langage, sur la diversit\u00e9, \u00e0 travers l&rsquo;unicit\u00e9 de la langue, des langues. Merci, M Markowicz pour cette belle le\u00e7on, cette ode \u00e0 la litt\u00e9rature et \u00e0 la lecture.<\/p>\n<p>Vous aurez forc\u00e9ment envie de lire ou relire On\u00e9guine et tout Pouchekine apr\u00e8s cette \u00e9mission.<\/p>\n<p>Pour comprendre que la sant\u00e9 n&rsquo;est pas qu&rsquo;une affaire de m\u00e9decins, mais un jeu social, \u00e9conomique et intime, il faut \u00e9couter la passionnante s\u00e9rie d&rsquo;\u00e9missions des nouveaux chemins sur la sant\u00e9. Pour d\u00e9couvrir ou red\u00e9couvrir, <a href=\"http:\/\/www.franceculture.fr\/emission-les-nouveaux-chemins-de-la-connaissance-la-sante-14-montaigne-je-ne-me-tourmente-pas-d-etre\">Montaigne<\/a> et <a href=\"http:\/\/www.franceculture.fr\/emission-les-nouveaux-chemins-de-la-connaissance-la-sante-24-nietzsche-qu%E2%80%99est-ce-que-la-grande-sante\">Nietzsche<\/a> et dans la troisi\u00e8me \u00e9mission, <a href=\"http:\/\/www.franceculture.fr\/emission-les-nouveaux-chemins-de-la-connaissance-la-sante-44-peut-on-diagnostiquer-la-sante-mentale-\">l&rsquo;actualit\u00e9 de Foucault\/Canguilhem<\/a> (Foucault a <a href=\"http:\/\/ekladata.com\/a5J-kPD0FAZwSKkLJzNbvbFa1Jw\/Foucault-Michel-Les-Anormaux-1974-1975-.pdf\">tout dit sur l&rsquo;expert<\/a>, au del\u00e0 de la psychiatrie).<\/p>\n<blockquote><p>Ce caract\u00e8re ubuesque est, au contraire, li\u00e9 de fa\u00e7on tr\u00e8s positive au r\u00f4le d\u2019\u00e9changeur qu\u2019exerce l\u2019expertise p\u00e9nale. Il est directement li\u00e9 aux fonctions de cette expertise. Pour en revenir une derni\u00e8re fois \u00e0 Ubu (on le quittera l\u00e0), si l\u2019on admet \u2013 comme j\u2019ai essay\u00e9 de vous le montrer la derni\u00e8re fois \u2013 qu\u2019Ubu est l\u2019exercice du pouvoir \u00e0 travers la disqualification explicite de celui qui l\u2019exerce, si le grotesque politique est l\u2019annulation du d\u00e9tenteur du pouvoir par le rituel lui-m\u00eame qui manifeste ce pouvoir et ce d\u00e9tenteur, vous comprenez que l\u2019expert psychiatre ne peut en effet \u00eatre que le personnage m\u00eame d\u2019Ubu.<\/p><\/blockquote>\n<p>La sant\u00e9 ne peut suivre la <a href=\"http:\/\/www.who.int\/about\/definition\/fr\/print.html\">d\u00e9finition d\u00e9lirante de l&rsquo;OMS<\/a>. La sant\u00e9 clinique est une histoire individuelle. Le but du m\u00e9decin dans les maladies chroniques ne doit pas \u00eatre de chercher une gu\u00e9rison hypoth\u00e9tique, mais d&rsquo;accompagner la personne malade vers un nouvel \u00e9tat d&rsquo;\u00e9quilibre, diff\u00e9rent du pr\u00e9c\u00e9dent. La maladie est vectrice d&rsquo;une nouvelle identit\u00e9 qui g\u00e9n\u00e8re une angoisse dans notre soci\u00e9t\u00e9 obs\u00e9d\u00e9e par le moi unique alors que nous sommes multitudes. Je vous conseille la lecture de <a href=\"https:\/\/perruchenautomne.eu\/wordpress\/?p=1867\">Jean luc Nancy<\/a> et de <a href=\"https:\/\/perruchenautomne.eu\/wordpress\/?p=1014\">Michaux<\/a> qui a \u00e9crit les pages les plus lumineuses sur l&rsquo;identit\u00e9 et les transformations de celle ci dans la postface de \u00ab\u00a0Lointain int\u00e9rieur\u00a0\u00bb.<\/p>\n<p>Avec la d\u00e9finition de l&rsquo;OMS, je connais peu de gens en pleine sant\u00e9, je ne sais m\u00eame pas si ils en existent. Elle fait le lit de la m\u00e9dicalisation \u00e0 outrance de tous nos petits malheurs, et ce n&rsquo;est pas fini, malheureusement.<\/p>\n<p>Pour vous remettre, un peu de douceur gainsbourienne par Jacky Terrasson, en attendant son tr\u00e8s bon nouvel album (<a href=\"http:\/\/www.google.fr\/url?sa=t&amp;rct=j&amp;q=&amp;esrc=s&amp;source=web&amp;cd=5&amp;cad=rja&amp;uact=8&amp;ved=0CD4QFjAE&amp;url=http%3A%2F%2Fwww.francemusique.fr%2Femission%2Fopen-jazz%2F2014-2015%2Fjacky-terrasson-la-danse-au-bout-des-doigts-02-20-2015-18-02&amp;ei=wQrrVMu2IMKsUdn4g5gH&amp;usg=AFQjCNHrHgA1xFVO22VJqYBcj50gqlE7zA&amp;sig2=zTFK93DY18uSe5GCOvOT-Q&amp;bvm=bv.86475890,d.d24\">take this<\/a>).<br \/>\n<iframe loading=\"lazy\" src=\"https:\/\/www.youtube.com\/embed\/RRXiKnrN9U4\" width=\"420\" height=\"315\" frameborder=\"0\" allowfullscreen=\"allowfullscreen\"><\/iframe><\/p>\n<p>&nbsp;<\/p>\n","protected":false},"excerpt":{"rendered":"<p>J&rsquo;aime la radio et depuis mon stage post doctoral, surtout France Culture. Je vous conseille d&rsquo;\u00e9couter cette \u00e9mission d&rsquo;Ad\u00e8le Van Reeth, la premi\u00e8re d&rsquo;une s\u00e9rie sur l\u2019\u00e2me russe. Elle porte bien \u00e9videment sur Pouchkine. L&rsquo;invit\u00e9 est Andr\u00e9 Markowicz pour parler &hellip; <a href=\"https:\/\/perruchenautomne.eu\/wordpress\/2015\/02\/23\/note-piegee\/\">Continuer la lecture <span class=\"meta-nav\">&rarr;<\/span><\/a><\/p>\n","protected":false},"author":1,"featured_media":0,"comment_status":"open","ping_status":"open","sticky":false,"template":"","format":"standard","meta":{"jetpack_post_was_ever_published":false,"_jetpack_newsletter_access":"","_jetpack_dont_email_post_to_subs":false,"_jetpack_newsletter_tier_id":0,"_jetpack_memberships_contains_paywalled_content":false,"_jetpack_memberships_contains_paid_content":false,"footnotes":"","jetpack_publicize_message":"","jetpack_publicize_feature_enabled":true,"jetpack_social_post_already_shared":true,"jetpack_social_options":{"image_generator_settings":{"template":"highway","default_image_id":0,"font":"","enabled":false},"version":2}},"categories":[34,11],"tags":[1309,1312,1585,1306,1308,1307,1305,1313,1311,1310],"class_list":["post-3107","post","type-post","status-publish","format-standard","hentry","category-litterature","category-medecine-humeur","tag-foucault","tag-javanaise","tag-litterature","tag-markowicz","tag-montaigne","tag-nouveaux-chemins","tag-pouchkine","tag-sante","tag-terrasson","tag-ubu"],"jetpack_publicize_connections":[],"jetpack_featured_media_url":"","jetpack_shortlink":"https:\/\/wp.me\/p1l1zM-O7","jetpack_sharing_enabled":true,"jetpack-related-posts":[],"_links":{"self":[{"href":"https:\/\/perruchenautomne.eu\/wordpress\/wp-json\/wp\/v2\/posts\/3107","targetHints":{"allow":["GET"]}}],"collection":[{"href":"https:\/\/perruchenautomne.eu\/wordpress\/wp-json\/wp\/v2\/posts"}],"about":[{"href":"https:\/\/perruchenautomne.eu\/wordpress\/wp-json\/wp\/v2\/types\/post"}],"author":[{"embeddable":true,"href":"https:\/\/perruchenautomne.eu\/wordpress\/wp-json\/wp\/v2\/users\/1"}],"replies":[{"embeddable":true,"href":"https:\/\/perruchenautomne.eu\/wordpress\/wp-json\/wp\/v2\/comments?post=3107"}],"version-history":[{"count":7,"href":"https:\/\/perruchenautomne.eu\/wordpress\/wp-json\/wp\/v2\/posts\/3107\/revisions"}],"predecessor-version":[{"id":3114,"href":"https:\/\/perruchenautomne.eu\/wordpress\/wp-json\/wp\/v2\/posts\/3107\/revisions\/3114"}],"wp:attachment":[{"href":"https:\/\/perruchenautomne.eu\/wordpress\/wp-json\/wp\/v2\/media?parent=3107"}],"wp:term":[{"taxonomy":"category","embeddable":true,"href":"https:\/\/perruchenautomne.eu\/wordpress\/wp-json\/wp\/v2\/categories?post=3107"},{"taxonomy":"post_tag","embeddable":true,"href":"https:\/\/perruchenautomne.eu\/wordpress\/wp-json\/wp\/v2\/tags?post=3107"}],"curies":[{"name":"wp","href":"https:\/\/api.w.org\/{rel}","templated":true}]}}