{"id":3129,"date":"2015-03-08T11:38:36","date_gmt":"2015-03-08T10:38:36","guid":{"rendered":"https:\/\/perruchenautomne.eu\/wordpress\/?p=3129"},"modified":"2015-03-08T11:38:36","modified_gmt":"2015-03-08T10:38:36","slug":"pour-un-dimanche","status":"publish","type":"post","link":"https:\/\/perruchenautomne.eu\/wordpress\/2015\/03\/08\/pour-un-dimanche\/","title":{"rendered":"Pour un dimanche"},"content":{"rendered":"<p>Si vous ne savez pas quoi faire en ce dimanche, je vous conseille d&rsquo;\u00e9couter le tr\u00e8s stimulant <a href=\"http:\/\/www.franceculture.fr\/emission-la-conversation-scientifique-conversation-tous-azimuts-avec-gerard-berry-2015-03-07\">G\u00e9rard Berry en conversation avec \u00c9tienne Klein<\/a>. Quand deux amoureux des mots et des ambigu\u00eft\u00e9s du langage se donnent rendez vous c&rsquo;est tr\u00e8s agr\u00e9able. Au del\u00e0 du Witz, G\u00e9rard Berry est un scientifique sp\u00e9cialiste de la programmation informatique qui a des choses passionnantes \u00e0 nous apprendre. J&rsquo;avais \u00e9cout\u00e9 une premi\u00e8re fois dans <a href=\"http:\/\/www.franceculture.fr\/emission-une-saison-au-coll%C3%A8ge-de-france-entretien-avec-g%C3%A9rard-berry-2008-05-23.html\">place de la toile<\/a> ce grand savant. Dans cette conversation, il explique de fa\u00e7on simple et brillante que l&rsquo;information est au c\u0153ur de nos vies et les futurs enjeux de cette science. Apr\u00e8s vous aurez envie d&rsquo;aller plus loin en \u00e9coutant <a href=\"http:\/\/www.college-de-france.fr\/site\/gerard-berry\/pages-personnelles.htm\">ses conf\u00e9rences au coll\u00e8ge de France<\/a>. Pour des liens, vers les langages synchrones comme Esterel, <a href=\"http:\/\/binaire.blog.lemonde.fr\/2014\/09\/26\/gerard-berry-traqueur-de-bugs\/\">c&rsquo;est ici<\/a>. Si vous pr\u00e9f\u00e9rez vous int\u00e9resser \u00e0 ses fonctions de r\u00e9gent de d\u00e9formation au <a href=\"http:\/\/www.college-de-pataphysique.org\/college\/accueil.html\">coll\u00e8ge de Pataphysique<\/a>, voici le <a href=\"http:\/\/www-sop.inria.fr\/members\/Gerard.Berry\/Pataphysique\/BerryPoidsEtMesures.pdf\">texte sur les poids et mesures, franchement brillant<\/a>. Quand j&rsquo;\u00e9coute des math\u00e9maticiens, je regrette profond\u00e9ment de ne pas avoir \u00e9t\u00e9 plus s\u00e9rieux au lyc\u00e9e. J&rsquo;aurai aim\u00e9 qu&rsquo;on m&rsquo;explique l&rsquo;importance de cette science pour comprendre de fa\u00e7on formelle la complexit\u00e9 du monde. G\u00e9rard Berry donne envie d&rsquo;apprendre, de fouiner, de transmettre aussi. La science est une v\u00e9ritable aventure. Son discours sur l&rsquo;importance de la science dite fondamentale, lanc\u00e9 l&rsquo;air de rien est une vraie bombe contre la politique actuelle. Dans les projets de recherche, nous ne devons plus poser des questions <strong>fondamentales<\/strong> (pas de gros mots) pour l&rsquo;avanc\u00e9e de notre discipline, mais anticiper les r\u00e9ponses que nous aurons apr\u00e8s avoir fait les exp\u00e9riences. Ceci nie totalement l\u2019approche scientifique, si je connais le r\u00e9sultat \u00e0 quoi \u00e7a sert que je fasse la manip? Mais dans le m\u00eame temps si vous voulez refaire une \u00e9tude qui a d\u00e9j\u00e0 \u00e9t\u00e9 publi\u00e9e car vous pensez qu&rsquo;elle \u00e9tait moyenne ou \u00e9trange dans ses r\u00e9sultats, vous aurez beaucoup de mal \u00e0 convaincre un bailleur de fond de l&rsquo;importance de la r\u00e9plication ind\u00e9pendante. Nous sommes dans un syst\u00e8me qui veut du scoop, pr\u00e9visible, sans r\u00e9plication, la n\u00e9gation de la science. Ainsi, on arrive \u00e0 l&rsquo;aventure des STAP cells, <a href=\"http:\/\/link.springer.com\/article\/10.1007\/s11948-015-9628-2\">cas d&rsquo;\u00e9cole<\/a>, montrant les extr\u00eames limites du syst\u00e8me. Quand on entend comment <a href=\"http:\/\/www.franceculture.fr\/emission-ce-qui-nous-arrive-%20en-sciences\">Nicolas Martin<\/a> maltraite, souvent, la science sur France Culture tous les matins, mon optimisme d\u00e9bordant est frein\u00e9.<\/p>\n<figure class=\"post-content high-res\" data-photo-width=\"1044\">\n<div class=\"photo-wrapper\">\n<div class=\"photo-wrapper-inner\"><a href=\"http:\/\/mrzykmoriceau.tumblr.com\/post\/112981533396\"><img loading=\"lazy\" decoding=\"async\" class=\"\" src=\"http:\/\/36.media.tumblr.com\/57f9dfa0c4d11a50504a0613547bf3f3\/tumblr_nkupe8RSTq1sl87kjo1_1280.jpg\" alt=\"\" width=\"415\" height=\"597\" \/><\/a><\/div>\n<\/div>\n<\/figure>\n<p>Pour prolonger la discussion, vous devez lire la <a href=\"http:\/\/zilsel.hypotheses.org\/1713\">fantastique note de blog<\/a> de Carnet Zilsel sur le dernier canular\/imposture dont a \u00e9t\u00e9 victime une revue de sociologie fran\u00e7aise. Je l&rsquo;ai d\u00e9couvert gr\u00e2ce \u00e0 Baptiste Coulomb, dans <a href=\"http:\/\/coulmont.com\/blog\/2015\/03\/07\/sociologie-autolib\/\">sa note<\/a> vous retrouverez d&rsquo;autres exemples classiques de canulars (Proust, Perec, Fran\u00e7ois George, Sokal, et les autres). Ce qui est inqui\u00e9tant, c&rsquo;est que j&rsquo;en ai d\u00e9j\u00e0 lu une bonne moiti\u00e9. La note est, pour moi qui ne connait rien \u00e0 la sociologie, ni ne connait Maffesoli, passionnante. Elle rejoint et illustre magnifiquement les limites du syst\u00e8me scientifique actuel. Il est impressionnant de voir comment dans des champs tr\u00e8s \u00e9loign\u00e9s sur des continents diff\u00e9rents, il y a une convergence dans la production d&rsquo;une pseudo-science. Je pense alors au <a href=\"https:\/\/perruchenautomne.eu\/wordpress\/?p=1776\">guide de survie contre les m\u00e9decines alternatives <\/a>qui s&rsquo;adapterait assez bien \u00e0 la sociologie maffesolienne, si j&rsquo;ai tout compris.<\/p>\n<p>Sinon la semaine prochaine, le 12 mars 2015, c&rsquo;est <a href=\"http:\/\/www.worldkidneyday.org\/\">World Kidney Day<\/a>. La campagne (\u00ab\u00a0kidney health for all) de cette ann\u00e9e s&rsquo;articule autour d&rsquo;un th\u00e8me \u00ab\u00a0<a href=\"http:\/\/www.worldkidneyday.org\/get-involved\/drink-a-glass-of-water\/\">Drink a glass of water<\/a>\u00ab\u00a0. Sur la page, vous d\u00e9couvrirez tout les outils de notre formidable post-modernit\u00e9, les hashtags (#glassofwater , en fran\u00e7ais #verredeau), la page Facebook, et le concours de selfies. Comme si boire un verre d&rsquo;eau pouvait pr\u00e9venir les maladies r\u00e9nales chroniques, j&rsquo;ai <a title=\"Boire ou ne pas boire ? Telle est la question\u2026\" href=\"https:\/\/perruchenautomne.eu\/wordpress\/?p=2931\">d\u00e9j\u00e0 parl\u00e9 de \u00e7a<\/a>. Le rationnel supportant cette assertion est tellement faible que je me demande comment ceci peut \u00eatre mis en avant. Je vais jusqu&rsquo;en bas de la page et merveille, je d\u00e9couvre la r\u00e9ponse.<\/p>\n<p><a href=\"https:\/\/perruchenautomne.eu\/wordpress\/wp-content\/uploads\/2015\/03\/WKD_danone.png\"><img loading=\"lazy\" decoding=\"async\" class=\"aligncenter size-full wp-image-3131\" src=\"https:\/\/perruchenautomne.eu\/wordpress\/wp-content\/uploads\/2015\/03\/WKD_danone.png\" alt=\"WKD_danone\" width=\"1461\" height=\"430\" srcset=\"https:\/\/perruchenautomne.eu\/wordpress\/wp-content\/uploads\/2015\/03\/WKD_danone.png 1461w, https:\/\/perruchenautomne.eu\/wordpress\/wp-content\/uploads\/2015\/03\/WKD_danone-300x88.png 300w, https:\/\/perruchenautomne.eu\/wordpress\/wp-content\/uploads\/2015\/03\/WKD_danone-1024x301.png 1024w\" sizes=\"auto, (max-width: 1461px) 100vw, 1461px\" \/><\/a>Je suis convaincu que Danone est pr\u00eat \u00e0 distribuer gratuitement plein de petites bouteilles \u00e0 l&rsquo;humanit\u00e9 souffrante dans sa lutte altruiste contre les m\u00e9chants fabricants de sodas. Amusant non? Pour ceux que \u00e7a int\u00e9resse, une vision <a href=\"https:\/\/perruchenautomne.eu\/wordpress\/?p=1796\">critique de l&rsquo;article<\/a> qui soutient la pens\u00e9e hydrophile. Il est important de faire connaitre les maladies r\u00e9nales chroniques. Est ce une bonne id\u00e9e de le faire ainsi? J&rsquo;en suis peu convaincu.<\/p>\n<p>Je soutiens quand m\u00eame le World Kidney Day 2015 mais buvez \u00e0 votre soif sans plus.<\/p>\n<p>Le dessin vient de chez Mrzyk et Moriceau.<\/p>\n","protected":false},"excerpt":{"rendered":"<p>Si vous ne savez pas quoi faire en ce dimanche, je vous conseille d&rsquo;\u00e9couter le tr\u00e8s stimulant G\u00e9rard Berry en conversation avec \u00c9tienne Klein. Quand deux amoureux des mots et des ambigu\u00eft\u00e9s du langage se donnent rendez vous c&rsquo;est tr\u00e8s &hellip; <a href=\"https:\/\/perruchenautomne.eu\/wordpress\/2015\/03\/08\/pour-un-dimanche\/\">Continuer la lecture <span class=\"meta-nav\">&rarr;<\/span><\/a><\/p>\n","protected":false},"author":1,"featured_media":0,"comment_status":"open","ping_status":"open","sticky":false,"template":"","format":"standard","meta":{"jetpack_post_was_ever_published":false,"_jetpack_newsletter_access":"","_jetpack_dont_email_post_to_subs":false,"_jetpack_newsletter_tier_id":0,"_jetpack_memberships_contains_paywalled_content":false,"_jetpack_memberships_contains_paid_content":false,"footnotes":"","jetpack_publicize_message":"","jetpack_publicize_feature_enabled":true,"jetpack_social_post_already_shared":true,"jetpack_social_options":{"image_generator_settings":{"template":"highway","default_image_id":0,"font":"","enabled":false},"version":2}},"categories":[11,14,61],"tags":[1323,1325,459,1328,1330,1326,322,1329,1332,1327,1331,1324],"class_list":["post-3129","post","type-post","status-publish","format-standard","hentry","category-medecine-humeur","category-nephrologie","category-science","tag-berry","tag-danone","tag-eau","tag-informatique","tag-klein","tag-maffesoli","tag-maladie-renale-chronique","tag-pataphysique","tag-pseudo-science","tag-sociologie","tag-witz","tag-world-kidney-day"],"jetpack_publicize_connections":[],"jetpack_featured_media_url":"","jetpack_shortlink":"https:\/\/wp.me\/p1l1zM-Ot","jetpack_sharing_enabled":true,"jetpack-related-posts":[],"_links":{"self":[{"href":"https:\/\/perruchenautomne.eu\/wordpress\/wp-json\/wp\/v2\/posts\/3129","targetHints":{"allow":["GET"]}}],"collection":[{"href":"https:\/\/perruchenautomne.eu\/wordpress\/wp-json\/wp\/v2\/posts"}],"about":[{"href":"https:\/\/perruchenautomne.eu\/wordpress\/wp-json\/wp\/v2\/types\/post"}],"author":[{"embeddable":true,"href":"https:\/\/perruchenautomne.eu\/wordpress\/wp-json\/wp\/v2\/users\/1"}],"replies":[{"embeddable":true,"href":"https:\/\/perruchenautomne.eu\/wordpress\/wp-json\/wp\/v2\/comments?post=3129"}],"version-history":[{"count":2,"href":"https:\/\/perruchenautomne.eu\/wordpress\/wp-json\/wp\/v2\/posts\/3129\/revisions"}],"predecessor-version":[{"id":3132,"href":"https:\/\/perruchenautomne.eu\/wordpress\/wp-json\/wp\/v2\/posts\/3129\/revisions\/3132"}],"wp:attachment":[{"href":"https:\/\/perruchenautomne.eu\/wordpress\/wp-json\/wp\/v2\/media?parent=3129"}],"wp:term":[{"taxonomy":"category","embeddable":true,"href":"https:\/\/perruchenautomne.eu\/wordpress\/wp-json\/wp\/v2\/categories?post=3129"},{"taxonomy":"post_tag","embeddable":true,"href":"https:\/\/perruchenautomne.eu\/wordpress\/wp-json\/wp\/v2\/tags?post=3129"}],"curies":[{"name":"wp","href":"https:\/\/api.w.org\/{rel}","templated":true}]}}