{"id":3203,"date":"2015-03-17T10:01:30","date_gmt":"2015-03-17T09:01:30","guid":{"rendered":"https:\/\/perruchenautomne.eu\/wordpress\/?p=3203"},"modified":"2015-03-17T10:01:30","modified_gmt":"2015-03-17T09:01:30","slug":"tiers-payant-generalise-la-pedagogie-des-opposants-passe-mal","status":"publish","type":"post","link":"https:\/\/perruchenautomne.eu\/wordpress\/2015\/03\/17\/tiers-payant-generalise-la-pedagogie-des-opposants-passe-mal\/","title":{"rendered":"Tiers payant g\u00e9n\u00e9ralis\u00e9, la p\u00e9dagogie des opposants passe mal"},"content":{"rendered":"<p>Un dessin de <a href=\"http:\/\/xaviergorce.blog.lemonde.fr\/\">Xavier Gorce<\/a>, ce matin, qui illustre assez bien, soit le d\u00e9faut de p\u00e9dagogie des opposants, soit la mauvaise foi de l&rsquo;auteur.<\/p>\n<p><a href=\"https:\/\/perruchenautomne.eu\/wordpress\/wp-content\/uploads\/2015\/03\/unnamed.gif\"><img loading=\"lazy\" decoding=\"async\" class=\"aligncenter size-full wp-image-3204\" src=\"https:\/\/perruchenautomne.eu\/wordpress\/wp-content\/uploads\/2015\/03\/unnamed.gif\" alt=\"unnamed\" width=\"315\" height=\"340\" \/><\/a>Ce dessin, provocateur, pose des questions int\u00e9ressantes sur le concept de m\u00e9decine dite \u00ab\u00a0\u00a0\u00bblib\u00e9rale\u00a0\u00bb\u00a0\u00bb.<\/p>\n<p>Totale d\u00e9dicace \u00e0 tous les \u00ab\u00a0je suis Charlie\u00a0\u00bb qui n&rsquo;aiment pas la caricature.<\/p>\n","protected":false},"excerpt":{"rendered":"<p>Un dessin de Xavier Gorce, ce matin, qui illustre assez bien, soit le d\u00e9faut de p\u00e9dagogie des opposants, soit la mauvaise foi de l&rsquo;auteur. Ce dessin, provocateur, pose des questions int\u00e9ressantes sur le concept de m\u00e9decine dite \u00ab\u00a0\u00a0\u00bblib\u00e9rale\u00a0\u00bb\u00a0\u00bb. Totale d\u00e9dicace &hellip; <a href=\"https:\/\/perruchenautomne.eu\/wordpress\/2015\/03\/17\/tiers-payant-generalise-la-pedagogie-des-opposants-passe-mal\/\">Continuer la lecture <span class=\"meta-nav\">&rarr;<\/span><\/a><\/p>\n","protected":false},"author":1,"featured_media":0,"comment_status":"open","ping_status":"open","sticky":false,"template":"","format":"standard","meta":{"jetpack_post_was_ever_published":false,"_jetpack_newsletter_access":"","_jetpack_dont_email_post_to_subs":false,"_jetpack_newsletter_tier_id":0,"_jetpack_memberships_contains_paywalled_content":false,"_jetpack_memberships_contains_paid_content":false,"footnotes":"","jetpack_publicize_message":"","jetpack_publicize_feature_enabled":true,"jetpack_social_post_already_shared":true,"jetpack_social_options":{"image_generator_settings":{"template":"highway","default_image_id":0,"font":"","enabled":false},"version":2}},"categories":[11],"tags":[],"class_list":["post-3203","post","type-post","status-publish","format-standard","hentry","category-medecine-humeur"],"jetpack_publicize_connections":[],"jetpack_featured_media_url":"","jetpack_shortlink":"https:\/\/wp.me\/p1l1zM-PF","jetpack_sharing_enabled":true,"jetpack-related-posts":[],"_links":{"self":[{"href":"https:\/\/perruchenautomne.eu\/wordpress\/wp-json\/wp\/v2\/posts\/3203","targetHints":{"allow":["GET"]}}],"collection":[{"href":"https:\/\/perruchenautomne.eu\/wordpress\/wp-json\/wp\/v2\/posts"}],"about":[{"href":"https:\/\/perruchenautomne.eu\/wordpress\/wp-json\/wp\/v2\/types\/post"}],"author":[{"embeddable":true,"href":"https:\/\/perruchenautomne.eu\/wordpress\/wp-json\/wp\/v2\/users\/1"}],"replies":[{"embeddable":true,"href":"https:\/\/perruchenautomne.eu\/wordpress\/wp-json\/wp\/v2\/comments?post=3203"}],"version-history":[{"count":1,"href":"https:\/\/perruchenautomne.eu\/wordpress\/wp-json\/wp\/v2\/posts\/3203\/revisions"}],"predecessor-version":[{"id":3205,"href":"https:\/\/perruchenautomne.eu\/wordpress\/wp-json\/wp\/v2\/posts\/3203\/revisions\/3205"}],"wp:attachment":[{"href":"https:\/\/perruchenautomne.eu\/wordpress\/wp-json\/wp\/v2\/media?parent=3203"}],"wp:term":[{"taxonomy":"category","embeddable":true,"href":"https:\/\/perruchenautomne.eu\/wordpress\/wp-json\/wp\/v2\/categories?post=3203"},{"taxonomy":"post_tag","embeddable":true,"href":"https:\/\/perruchenautomne.eu\/wordpress\/wp-json\/wp\/v2\/tags?post=3203"}],"curies":[{"name":"wp","href":"https:\/\/api.w.org\/{rel}","templated":true}]}}