{"id":3219,"date":"2015-03-20T07:07:55","date_gmt":"2015-03-20T06:07:55","guid":{"rendered":"https:\/\/perruchenautomne.eu\/wordpress\/?p=3219"},"modified":"2015-03-19T23:15:11","modified_gmt":"2015-03-19T22:15:11","slug":"le-temps-par-un-medecin-malade","status":"publish","type":"post","link":"https:\/\/perruchenautomne.eu\/wordpress\/2015\/03\/20\/le-temps-par-un-medecin-malade\/","title":{"rendered":"Le temps par un m\u00e9decin malade"},"content":{"rendered":"<p>Le temps, la collision des temps diff\u00e9rents est une chose qui m&rsquo;a toujours fascin\u00e9 en m\u00e9decine et dans la vie.<\/p>\n<p>Regardez ce <a href=\"http:\/\/thehealthcareblog.com\/blog\/2015\/03\/16\/if-youre-thinking-of-quitting-medicine-watch-this-video\/\">tr\u00e8s \u00e9mouvant film<\/a> sur la perception du temps par Paul Kalanithi. Les m\u00e9decins malades ont parfois des choses int\u00e9ressantes \u00e0 dire.<br \/>\n<iframe loading=\"lazy\" src=\"https:\/\/www.youtube.com\/embed\/d5u753wQeyM\" width=\"560\" height=\"315\" frameborder=\"0\" allowfullscreen=\"allowfullscreen\"><\/iframe><\/p>\n<p>Paul est mort, il y a quelques jours.<\/p>\n<p>J&rsquo;avais lu son texte dans le<a href=\"http:\/\/www.nytimes.com\/2014\/01\/25\/opinion\/sunday\/how-long-have-i-got-left.html?_r=0\"> NYT<\/a> il y a plus d&rsquo;un an. Il a <a href=\"http:\/\/stanmed.stanford.edu\/2015spring\/before-i-go.html\">encore \u00e9crit<\/a> sur le temps qui passe, sur la vie qui fuit, sur l&rsquo;enfant qu&rsquo;il ne verra pas grandir. Le choc des temporalit\u00e9s, un truc atroce, quand on a l&rsquo;habitude de la vitesse du m\u00e9decin, que de d\u00e9couvrir la lenteur du\u00a0 malade. Cette terrible impression que rien n&rsquo;avance mais que la vie part dans les couloirs anonymes.<\/p>\n<p>RIP paul.<\/p>\n<p>&nbsp;<\/p>\n","protected":false},"excerpt":{"rendered":"<p>Le temps, la collision des temps diff\u00e9rents est une chose qui m&rsquo;a toujours fascin\u00e9 en m\u00e9decine et dans la vie. Regardez ce tr\u00e8s \u00e9mouvant film sur la perception du temps par Paul Kalanithi. Les m\u00e9decins malades ont parfois des choses &hellip; <a href=\"https:\/\/perruchenautomne.eu\/wordpress\/2015\/03\/20\/le-temps-par-un-medecin-malade\/\">Continuer la lecture <span class=\"meta-nav\">&rarr;<\/span><\/a><\/p>\n","protected":false},"author":1,"featured_media":0,"comment_status":"open","ping_status":"open","sticky":false,"template":"","format":"standard","meta":{"jetpack_post_was_ever_published":false,"_jetpack_newsletter_access":"","_jetpack_dont_email_post_to_subs":false,"_jetpack_newsletter_tier_id":0,"_jetpack_memberships_contains_paywalled_content":false,"_jetpack_memberships_contains_paid_content":false,"footnotes":"","jetpack_publicize_message":"","jetpack_publicize_feature_enabled":true,"jetpack_social_post_already_shared":true,"jetpack_social_options":{"image_generator_settings":{"template":"highway","default_image_id":0,"font":"","enabled":false},"version":2}},"categories":[11],"tags":[1358],"class_list":["post-3219","post","type-post","status-publish","format-standard","hentry","category-medecine-humeur","tag-le-temps"],"jetpack_publicize_connections":[],"jetpack_featured_media_url":"","jetpack_shortlink":"https:\/\/wp.me\/p1l1zM-PV","jetpack_sharing_enabled":true,"jetpack-related-posts":[],"_links":{"self":[{"href":"https:\/\/perruchenautomne.eu\/wordpress\/wp-json\/wp\/v2\/posts\/3219","targetHints":{"allow":["GET"]}}],"collection":[{"href":"https:\/\/perruchenautomne.eu\/wordpress\/wp-json\/wp\/v2\/posts"}],"about":[{"href":"https:\/\/perruchenautomne.eu\/wordpress\/wp-json\/wp\/v2\/types\/post"}],"author":[{"embeddable":true,"href":"https:\/\/perruchenautomne.eu\/wordpress\/wp-json\/wp\/v2\/users\/1"}],"replies":[{"embeddable":true,"href":"https:\/\/perruchenautomne.eu\/wordpress\/wp-json\/wp\/v2\/comments?post=3219"}],"version-history":[{"count":4,"href":"https:\/\/perruchenautomne.eu\/wordpress\/wp-json\/wp\/v2\/posts\/3219\/revisions"}],"predecessor-version":[{"id":3223,"href":"https:\/\/perruchenautomne.eu\/wordpress\/wp-json\/wp\/v2\/posts\/3219\/revisions\/3223"}],"wp:attachment":[{"href":"https:\/\/perruchenautomne.eu\/wordpress\/wp-json\/wp\/v2\/media?parent=3219"}],"wp:term":[{"taxonomy":"category","embeddable":true,"href":"https:\/\/perruchenautomne.eu\/wordpress\/wp-json\/wp\/v2\/categories?post=3219"},{"taxonomy":"post_tag","embeddable":true,"href":"https:\/\/perruchenautomne.eu\/wordpress\/wp-json\/wp\/v2\/tags?post=3219"}],"curies":[{"name":"wp","href":"https:\/\/api.w.org\/{rel}","templated":true}]}}