{"id":3301,"date":"2015-04-14T07:00:19","date_gmt":"2015-04-14T06:00:19","guid":{"rendered":"https:\/\/perruchenautomne.eu\/wordpress\/?p=3301"},"modified":"2015-04-14T07:00:38","modified_gmt":"2015-04-14T06:00:38","slug":"petite-ecoute-a-mediter","status":"publish","type":"post","link":"https:\/\/perruchenautomne.eu\/wordpress\/2015\/04\/14\/petite-ecoute-a-mediter\/","title":{"rendered":"Petite \u00e9coute \u00e0 m\u00e9diter"},"content":{"rendered":"<p>Si vous avez cinq minutes, je vous <a href=\"http:\/\/www.franceculture.fr\/emission-fictions-la-vie-moderne-europe-connexion-15-2015-04-13\">conseille \u00e7a<\/a>. C&rsquo;est ma fa\u00e7on de saluer le bref retour \u00e0 l&rsquo;antenne de mes \u00e9missions pr\u00e9f\u00e9r\u00e9es. En quelques minutes, vous comprendrez pas mal de choses sur l&rsquo;obsession actuelle de l&rsquo;unification et du contr\u00f4le, ici c&rsquo;est l&rsquo;exemple des semences, mais le mod\u00e8le peut \u00eatre \u00e9tendu \u00e0 d&rsquo;autres sujets.<\/p>\n<audio class=\"wp-audio-shortcode\" id=\"audio-3301-1\" preload=\"none\" style=\"width: 100%;\" controls=\"controls\"><source type=\"audio\/mpeg\" src=\"https:\/\/perruchenautomne.eu\/wordpress\/wp-content\/uploads\/2015\/04\/11475-13.04.2015-ITEMA_20743568-0.mp3?_=1\" \/><a href=\"https:\/\/perruchenautomne.eu\/wordpress\/wp-content\/uploads\/2015\/04\/11475-13.04.2015-ITEMA_20743568-0.mp3\">https:\/\/perruchenautomne.eu\/wordpress\/wp-content\/uploads\/2015\/04\/11475-13.04.2015-ITEMA_20743568-0.mp3<\/a><\/audio>\n<p>Sinon je remercie les gr\u00e9vistes de France Culture car ils me permettent d&rsquo;\u00e9cluser une bonne partie de la collection de podcasts qui dormait dans la m\u00e9moire de mon t\u00e9l\u00e9phone. Ils m&rsquo;ont oblig\u00e9 \u00e0 \u00e9couter une<a href=\"http:\/\/www.franceculture.fr\/emission-un-ete-de-lectures-bonnes-nouvelles-grands-comediens-34-2014-07-31\"> lecture d\u2019\u0153uvres de Virginia Woolf<\/a> que j&rsquo;aurai n\u00e9glig\u00e9. J&rsquo;ai achet\u00e9 le recueil dans la foul\u00e9e. Je crois que j&rsquo;en reparlerai.<\/p>\n<p>Alors, vive la gr\u00e8ve.<br \/>\n<iframe loading=\"lazy\" width=\"420\" height=\"315\" src=\"https:\/\/www.youtube.com\/embed\/8Uy8cyVWU2A\" frameborder=\"0\" allowfullscreen><\/iframe><\/p>\n","protected":false},"excerpt":{"rendered":"<p>Si vous avez cinq minutes, je vous conseille \u00e7a. C&rsquo;est ma fa\u00e7on de saluer le bref retour \u00e0 l&rsquo;antenne de mes \u00e9missions pr\u00e9f\u00e9r\u00e9es. En quelques minutes, vous comprendrez pas mal de choses sur l&rsquo;obsession actuelle de l&rsquo;unification et du contr\u00f4le, &hellip; <a href=\"https:\/\/perruchenautomne.eu\/wordpress\/2015\/04\/14\/petite-ecoute-a-mediter\/\">Continuer la lecture <span class=\"meta-nav\">&rarr;<\/span><\/a><\/p>\n","protected":false},"author":1,"featured_media":0,"comment_status":"open","ping_status":"open","sticky":false,"template":"","format":"standard","meta":{"jetpack_post_was_ever_published":false,"_jetpack_newsletter_access":"","_jetpack_dont_email_post_to_subs":false,"_jetpack_newsletter_tier_id":0,"_jetpack_memberships_contains_paywalled_content":false,"_jetpack_memberships_contains_paid_content":false,"footnotes":"","jetpack_publicize_message":"","jetpack_publicize_feature_enabled":true,"jetpack_social_post_already_shared":true,"jetpack_social_options":{"image_generator_settings":{"template":"highway","default_image_id":0,"font":"","enabled":false},"version":2}},"categories":[34],"tags":[1398,1399,1395,1397,1396,1400],"class_list":["post-3301","post","type-post","status-publish","format-standard","hentry","category-litterature","tag-badea","tag-europe-connexion","tag-la-vie-moderne","tag-semence","tag-un-ete-de-lecture","tag-woolf"],"jetpack_publicize_connections":[],"jetpack_featured_media_url":"","jetpack_shortlink":"https:\/\/wp.me\/p1l1zM-Rf","jetpack_sharing_enabled":true,"jetpack-related-posts":[],"_links":{"self":[{"href":"https:\/\/perruchenautomne.eu\/wordpress\/wp-json\/wp\/v2\/posts\/3301","targetHints":{"allow":["GET"]}}],"collection":[{"href":"https:\/\/perruchenautomne.eu\/wordpress\/wp-json\/wp\/v2\/posts"}],"about":[{"href":"https:\/\/perruchenautomne.eu\/wordpress\/wp-json\/wp\/v2\/types\/post"}],"author":[{"embeddable":true,"href":"https:\/\/perruchenautomne.eu\/wordpress\/wp-json\/wp\/v2\/users\/1"}],"replies":[{"embeddable":true,"href":"https:\/\/perruchenautomne.eu\/wordpress\/wp-json\/wp\/v2\/comments?post=3301"}],"version-history":[{"count":4,"href":"https:\/\/perruchenautomne.eu\/wordpress\/wp-json\/wp\/v2\/posts\/3301\/revisions"}],"predecessor-version":[{"id":3306,"href":"https:\/\/perruchenautomne.eu\/wordpress\/wp-json\/wp\/v2\/posts\/3301\/revisions\/3306"}],"wp:attachment":[{"href":"https:\/\/perruchenautomne.eu\/wordpress\/wp-json\/wp\/v2\/media?parent=3301"}],"wp:term":[{"taxonomy":"category","embeddable":true,"href":"https:\/\/perruchenautomne.eu\/wordpress\/wp-json\/wp\/v2\/categories?post=3301"},{"taxonomy":"post_tag","embeddable":true,"href":"https:\/\/perruchenautomne.eu\/wordpress\/wp-json\/wp\/v2\/tags?post=3301"}],"curies":[{"name":"wp","href":"https:\/\/api.w.org\/{rel}","templated":true}]}}