{"id":3399,"date":"2015-05-02T06:45:34","date_gmt":"2015-05-02T05:45:34","guid":{"rendered":"https:\/\/perruchenautomne.eu\/wordpress\/?p=3399"},"modified":"2015-05-01T20:53:47","modified_gmt":"2015-05-01T19:53:47","slug":"semiotics-of-the-kitchen-par-martha-rosler","status":"publish","type":"post","link":"https:\/\/perruchenautomne.eu\/wordpress\/2015\/05\/02\/semiotics-of-the-kitchen-par-martha-rosler\/","title":{"rendered":"\u00ab\u00a0Semiotics of the kitchen\u00a0\u00bb par Martha Rosler"},"content":{"rendered":"<p><a href=\"https:\/\/perruchenautomne.eu\/wordpress\/wp-content\/uploads\/2015\/05\/20150501_124312.jpg\"><img loading=\"lazy\" decoding=\"async\" class=\"aligncenter size-full wp-image-3401\" src=\"https:\/\/perruchenautomne.eu\/wordpress\/wp-content\/uploads\/2015\/05\/20150501_124312.jpg\" alt=\"20150501_124312\" width=\"800\" height=\"651\" srcset=\"https:\/\/perruchenautomne.eu\/wordpress\/wp-content\/uploads\/2015\/05\/20150501_124312.jpg 800w, https:\/\/perruchenautomne.eu\/wordpress\/wp-content\/uploads\/2015\/05\/20150501_124312-300x244.jpg 300w\" sizes=\"auto, (max-width: 800px) 100vw, 800px\" \/><\/a>Comme un clin d\u2019\u0153il \u00e0 <a href=\"https:\/\/perruchenautomne.eu\/wordpress\/?p=3383\">mes pr\u00e9occupations s\u00e9miologiques<\/a>, en visitant le premier mai 2015 une exposition, j&rsquo;ai d\u00e9couvert cette petite merveille vid\u00e9o qui date de 1975. Une forme de manifeste f\u00e9ministe, dr\u00f4le et pertinent. Il est toujours aussi percutant apr\u00e8s 40 ans et n&rsquo;a pas pris une ride. Cet ab\u00e9c\u00e9daire hargneux est, par l&rsquo;accumulation d&rsquo;objets pour la majorit\u00e9 de peu d&rsquo;utilit\u00e9, par les d\u00e9tournements des codes t\u00e9l\u00e9visuelles, un tr\u00e8s bel objet de lutte aussi bien contre la place de la femme confin\u00e9e aux taches m\u00e9nag\u00e8res que contre un consum\u00e9risme effr\u00e9n\u00e9 et ridicule. Manifestement, il n&rsquo;a pas \u00e9t\u00e9 assez vu \u00e0 l&rsquo;\u00e9poque.<br \/>\n<iframe loading=\"lazy\" src=\"https:\/\/www.youtube.com\/embed\/Vm5vZaE8Ysc\" width=\"420\" height=\"315\" frameborder=\"0\" allowfullscreen=\"allowfullscreen\"><\/iframe><\/p>\n<p>Vous pouvez prolonger l&rsquo;effet en visionnant la version en couleur sponsoris\u00e9e par Mattel. La pr\u00e9sence de Barbie renforce le travail de Rosler sur l&rsquo;ali\u00e9nation contemporaine, confirmant que la lutte f\u00e9ministe est loin d&rsquo;\u00eatre achev\u00e9e.<br \/>\n<iframe loading=\"lazy\" src=\"https:\/\/www.youtube.com\/embed\/Ca2RP5TQAxI\" width=\"420\" height=\"315\" frameborder=\"0\" allowfullscreen=\"allowfullscreen\"><\/iframe><\/p>\n<p>Comme j&rsquo;aime bien l&rsquo;association libre, ces images m&rsquo;ont fait penser \u00e0 <a href=\"http:\/\/kystes.blog.lemonde.fr\/2010\/03\/26\/les-choses-de-georges-perec\/\">Perec et ses choses<\/a>, mais aussi \u00e0 cette g\u00e9niale chanson de boris Vian.<br \/>\n<iframe loading=\"lazy\" src=\"https:\/\/www.youtube.com\/embed\/9PTqTjHs5c0\" width=\"420\" height=\"315\" frameborder=\"0\" allowfullscreen=\"allowfullscreen\"><\/iframe><\/p>\n<p>Si vous passez \u00e0 Hambourg, allez \u00e0 la Kunsthalle, en ce moment pour pourrez voir de superbes Vallotton dont cette splendide vue de la baie de Cannes. Vous verrez les vagues avoir envie de sortir du tableau.<\/p>\n<p><img decoding=\"async\" src=\"http:\/\/www.swissinfo.ch\/image\/30788316\/3x2\/640\/426\/713f7301da6149ae95013403a6f54ba0\/AD\/vallotton-esterel-30788318.jpg\" alt=\"http:\/\/www.swissinfo.ch\/image\/30788316\/3x2\/640\/426\/713f7301da6149ae95013403a6f54ba0\/AD\/vallotton-esterel-30788318.jpg\" \/><\/p>\n","protected":false},"excerpt":{"rendered":"<p>Comme un clin d\u2019\u0153il \u00e0 mes pr\u00e9occupations s\u00e9miologiques, en visitant le premier mai 2015 une exposition, j&rsquo;ai d\u00e9couvert cette petite merveille vid\u00e9o qui date de 1975. Une forme de manifeste f\u00e9ministe, dr\u00f4le et pertinent. Il est toujours aussi percutant apr\u00e8s &hellip; <a href=\"https:\/\/perruchenautomne.eu\/wordpress\/2015\/05\/02\/semiotics-of-the-kitchen-par-martha-rosler\/\">Continuer la lecture <span class=\"meta-nav\">&rarr;<\/span><\/a><\/p>\n","protected":false},"author":1,"featured_media":0,"comment_status":"open","ping_status":"open","sticky":false,"template":"","format":"standard","meta":{"jetpack_post_was_ever_published":false,"_jetpack_newsletter_access":"","_jetpack_dont_email_post_to_subs":false,"_jetpack_newsletter_tier_id":0,"_jetpack_memberships_contains_paywalled_content":false,"_jetpack_memberships_contains_paid_content":false,"footnotes":"","jetpack_publicize_message":"","jetpack_publicize_feature_enabled":true,"jetpack_social_post_already_shared":true,"jetpack_social_options":{"image_generator_settings":{"template":"highway","default_image_id":0,"font":"","enabled":false},"version":2}},"categories":[235],"tags":[1426,1428,1427,1425,1424],"class_list":["post-3399","post","type-post","status-publish","format-standard","hentry","category-voyage","tag-feminisme","tag-hambourg","tag-kuntsthalle","tag-rosler","tag-semiotics-of-the-kitchen"],"jetpack_publicize_connections":[],"jetpack_featured_media_url":"","jetpack_shortlink":"https:\/\/wp.me\/p1l1zM-SP","jetpack_sharing_enabled":true,"jetpack-related-posts":[],"_links":{"self":[{"href":"https:\/\/perruchenautomne.eu\/wordpress\/wp-json\/wp\/v2\/posts\/3399","targetHints":{"allow":["GET"]}}],"collection":[{"href":"https:\/\/perruchenautomne.eu\/wordpress\/wp-json\/wp\/v2\/posts"}],"about":[{"href":"https:\/\/perruchenautomne.eu\/wordpress\/wp-json\/wp\/v2\/types\/post"}],"author":[{"embeddable":true,"href":"https:\/\/perruchenautomne.eu\/wordpress\/wp-json\/wp\/v2\/users\/1"}],"replies":[{"embeddable":true,"href":"https:\/\/perruchenautomne.eu\/wordpress\/wp-json\/wp\/v2\/comments?post=3399"}],"version-history":[{"count":3,"href":"https:\/\/perruchenautomne.eu\/wordpress\/wp-json\/wp\/v2\/posts\/3399\/revisions"}],"predecessor-version":[{"id":3403,"href":"https:\/\/perruchenautomne.eu\/wordpress\/wp-json\/wp\/v2\/posts\/3399\/revisions\/3403"}],"wp:attachment":[{"href":"https:\/\/perruchenautomne.eu\/wordpress\/wp-json\/wp\/v2\/media?parent=3399"}],"wp:term":[{"taxonomy":"category","embeddable":true,"href":"https:\/\/perruchenautomne.eu\/wordpress\/wp-json\/wp\/v2\/categories?post=3399"},{"taxonomy":"post_tag","embeddable":true,"href":"https:\/\/perruchenautomne.eu\/wordpress\/wp-json\/wp\/v2\/tags?post=3399"}],"curies":[{"name":"wp","href":"https:\/\/api.w.org\/{rel}","templated":true}]}}