{"id":3410,"date":"2015-05-08T18:32:35","date_gmt":"2015-05-08T17:32:35","guid":{"rendered":"https:\/\/perruchenautomne.eu\/wordpress\/?p=3410"},"modified":"2015-05-09T06:22:54","modified_gmt":"2015-05-09T05:22:54","slug":"w-ou-le-souvenir-denfance-de-georges-perec","status":"publish","type":"post","link":"https:\/\/perruchenautomne.eu\/wordpress\/2015\/05\/08\/w-ou-le-souvenir-denfance-de-georges-perec\/","title":{"rendered":"\u00ab\u00a0W ou le souvenir d&rsquo;enfance\u00a0\u00bb de Georges Perec"},"content":{"rendered":"<p>J&rsquo;aime bien \u00eatre en vacances car j&rsquo;ai du temps pour lire.<\/p>\n<p><a href=\"https:\/\/perruchenautomne.eu\/wordpress\/wp-content\/uploads\/2015\/05\/CdS_baltrum.jpg\"><img loading=\"lazy\" decoding=\"async\" class=\"aligncenter size-full wp-image-3411\" src=\"https:\/\/perruchenautomne.eu\/wordpress\/wp-content\/uploads\/2015\/05\/CdS_baltrum.jpg\" alt=\"CdS_baltrum\" width=\"800\" height=\"449\" srcset=\"https:\/\/perruchenautomne.eu\/wordpress\/wp-content\/uploads\/2015\/05\/CdS_baltrum.jpg 800w, https:\/\/perruchenautomne.eu\/wordpress\/wp-content\/uploads\/2015\/05\/CdS_baltrum-300x168.jpg 300w\" sizes=\"auto, (max-width: 800px) 100vw, 800px\" \/><\/a>Quatre livres m&rsquo;ont accompagn\u00e9 pour ces quelques jours en Allemagne. J&rsquo;ai pris du plaisir dans l&rsquo;immersion litt\u00e9raire comme toujours. Hier en rentrant, j&rsquo;avais fini l&rsquo;excellent \u00ab\u00a0M\u00eame pas mort\u00a0\u00bb de Jaworski. J&rsquo;ai choisi deux livres dans ma pile de tsundoku, pour finir la semaine. Et puis dans un autre amas, je vois en haut de la pile un W. Je m&rsquo;approche je prends l&rsquo;objet et je m\u2019aper\u00e7ois qu&rsquo;il s&rsquo;agit d&rsquo;une lecture critique du livre de Perec. Je la referme aussit\u00f4t. L&rsquo;envie de lire ce W m&rsquo;a saisi. Je devais lire \u00e7a. Je l&rsquo;ai rapidement trouv\u00e9. J&rsquo;ai commenc\u00e9 la lecture pour la finir aujourd&rsquo;hui, le 8 mai 2015. Il n&rsquo;y a pas de hasard dans la vie.<\/p>\n<p>Je suis un amoureux de Perec, j&rsquo;aime sa litt\u00e9rature, ses mots crois\u00e9s, ces jeux. Je lis au compte goutte ses \u0153uvres car je sais que sinon je ne pourrais plus rien faire d&rsquo;autres. W m&rsquo;attendait depuis longtemps. Je ne savais pas de quoi il parlait. Je ne vous raconterai rien car ce serait vraiment vous g\u00e2cher le choc litt\u00e9raire.<\/p>\n<p>Il s&rsquo;agit d&rsquo;un chef d\u2019\u0153uvre. Je n&rsquo;avais pas \u00e9t\u00e9 boulevers\u00e9 \u00e0 ce point par un texte depuis longtemps. Il fait \u00e9cho \u00e0 des choses autour desquelles je tourne depuis quelques temps. Si vous pensez que l&rsquo;inconscient n&rsquo;existe pas, si vous pensez que Freud et la psychanalyse c&rsquo;est du vent, premi\u00e8rement, vous vous trompez, deuxi\u00e8mement, lisez W et vous comprendrez.<\/p>\n<p>La puissance de l&rsquo;esprit pour d\u00e9placer, limiter la souffrance, mais finalement la faire ressortir d&rsquo;une autre fa\u00e7on, car on n&rsquo;est jamais indemne lors d&rsquo;un deuil, est prodigieuse. On refoule, on refoule et \u00e7a finit toujours par d\u00e9border. Refuser de se coltiner avec ses fant\u00f4mes est une erreur, une terrible erreur. Ne pas parler des morts, de la souffrance de leurs absences est une grande connerie. Ne pas se pencher sur sa g\u00e9n\u00e9alogie et son impact sur nous et ridicule, on veut \u00e9chapper \u00e0 une douleur pour en d\u00e9couvrir une bien pire, plus tard au moment o\u00f9 on est le plus fragile et la souffrance est d\u00e9cupl\u00e9e.<\/p>\n<p>\u00ab\u00a0W ou le souvenir d&rsquo;enfance\u00a0\u00bb est un monde, celui de l&rsquo;inconscient. Affronter la perte des \u00eatres aim\u00e9s, quand il n&rsquo;y a pas de mots mis dessus, entraine des traumatismes terribles. Le travail douloureux d&rsquo;affronter nos terreurs est essentiel pour aller mieux. Plus les ann\u00e9es passent plus je mesure \u00e0 quel point Freud est un penseur essentiel.<\/p>\n<p>W est un choc, il faut le lire d&rsquo;une traite pour rester sous tension. Tension de cette double narration s\u2019enchev\u00eatrant, tension du sport, tension de la fuite, tension de la qu\u00eate des origines, tension de la recherche de son histoire. Nous ne passons peut \u00eatre notre vie qu&rsquo;\u00e0 \u00e7a, reconstituer notre histoire, \u00e0 travers nos souvenirs et nos r\u00eaves.<\/p>\n<p>Le g\u00e9nie de Perec est d&rsquo;arriver \u00e0 faire de son histoire singuli\u00e8re une \u0153uvre majeure et qui parle \u00e0 tous.<\/p>\n<p>Je suis \u00e9bloui par le talent de Perec. Alors lisez W.<\/p>\n<p><a href=\"https:\/\/perruchenautomne.eu\/wordpress\/wp-content\/uploads\/2015\/05\/test_gifnuage.gif\"><img loading=\"lazy\" decoding=\"async\" class=\"aligncenter size-full wp-image-3413\" src=\"https:\/\/perruchenautomne.eu\/wordpress\/wp-content\/uploads\/2015\/05\/test_gifnuage.gif\" alt=\"test_gifnuage\" width=\"600\" height=\"338\" \/><\/a><\/p>\n<p>&nbsp;<\/p>\n","protected":false},"excerpt":{"rendered":"<p>J&rsquo;aime bien \u00eatre en vacances car j&rsquo;ai du temps pour lire. Quatre livres m&rsquo;ont accompagn\u00e9 pour ces quelques jours en Allemagne. J&rsquo;ai pris du plaisir dans l&rsquo;immersion litt\u00e9raire comme toujours. Hier en rentrant, j&rsquo;avais fini l&rsquo;excellent \u00ab\u00a0M\u00eame pas mort\u00a0\u00bb de &hellip; <a href=\"https:\/\/perruchenautomne.eu\/wordpress\/2015\/05\/08\/w-ou-le-souvenir-denfance-de-georges-perec\/\">Continuer la lecture <span class=\"meta-nav\">&rarr;<\/span><\/a><\/p>\n","protected":false},"author":1,"featured_media":0,"comment_status":"open","ping_status":"open","sticky":false,"template":"","format":"standard","meta":{"jetpack_post_was_ever_published":false,"_jetpack_newsletter_access":"","_jetpack_dont_email_post_to_subs":false,"_jetpack_newsletter_tier_id":0,"_jetpack_memberships_contains_paywalled_content":false,"_jetpack_memberships_contains_paid_content":false,"footnotes":"","jetpack_publicize_message":"","jetpack_publicize_feature_enabled":true,"jetpack_social_post_already_shared":true,"jetpack_social_options":{"image_generator_settings":{"template":"highway","default_image_id":0,"font":"","enabled":false},"version":2}},"categories":[34],"tags":[1430,1434,1429,1432,1433,1431],"class_list":["post-3410","post","type-post","status-publish","format-standard","hentry","category-litterature","tag-inconscient","tag-lire","tag-perec","tag-souvenir-denfance","tag-tsundoku","tag-w"],"jetpack_publicize_connections":[],"jetpack_featured_media_url":"","jetpack_shortlink":"https:\/\/wp.me\/p1l1zM-T0","jetpack_sharing_enabled":true,"jetpack-related-posts":[],"_links":{"self":[{"href":"https:\/\/perruchenautomne.eu\/wordpress\/wp-json\/wp\/v2\/posts\/3410","targetHints":{"allow":["GET"]}}],"collection":[{"href":"https:\/\/perruchenautomne.eu\/wordpress\/wp-json\/wp\/v2\/posts"}],"about":[{"href":"https:\/\/perruchenautomne.eu\/wordpress\/wp-json\/wp\/v2\/types\/post"}],"author":[{"embeddable":true,"href":"https:\/\/perruchenautomne.eu\/wordpress\/wp-json\/wp\/v2\/users\/1"}],"replies":[{"embeddable":true,"href":"https:\/\/perruchenautomne.eu\/wordpress\/wp-json\/wp\/v2\/comments?post=3410"}],"version-history":[{"count":3,"href":"https:\/\/perruchenautomne.eu\/wordpress\/wp-json\/wp\/v2\/posts\/3410\/revisions"}],"predecessor-version":[{"id":3415,"href":"https:\/\/perruchenautomne.eu\/wordpress\/wp-json\/wp\/v2\/posts\/3410\/revisions\/3415"}],"wp:attachment":[{"href":"https:\/\/perruchenautomne.eu\/wordpress\/wp-json\/wp\/v2\/media?parent=3410"}],"wp:term":[{"taxonomy":"category","embeddable":true,"href":"https:\/\/perruchenautomne.eu\/wordpress\/wp-json\/wp\/v2\/categories?post=3410"},{"taxonomy":"post_tag","embeddable":true,"href":"https:\/\/perruchenautomne.eu\/wordpress\/wp-json\/wp\/v2\/tags?post=3410"}],"curies":[{"name":"wp","href":"https:\/\/api.w.org\/{rel}","templated":true}]}}