{"id":3526,"date":"2015-05-19T12:01:10","date_gmt":"2015-05-19T11:01:10","guid":{"rendered":"https:\/\/perruchenautomne.eu\/wordpress\/?p=3526"},"modified":"2015-05-19T12:01:10","modified_gmt":"2015-05-19T11:01:10","slug":"faut-il-prendre-des-statines-apres-65-ans-pour-reduire-le-risque-daccident-vasculaire-cerebral","status":"publish","type":"post","link":"https:\/\/perruchenautomne.eu\/wordpress\/2015\/05\/19\/faut-il-prendre-des-statines-apres-65-ans-pour-reduire-le-risque-daccident-vasculaire-cerebral\/","title":{"rendered":"Faut il prendre des statines apr\u00e8s 65 ans pour r\u00e9duire le risque d&rsquo;Accident vasculaire c\u00e9r\u00e9bral?"},"content":{"rendered":"<p>Une \u00e9tude fran\u00e7aise donne envie de r\u00e9pondre oui. Ce travail observationnel remarquable par sa qualit\u00e9 et la dur\u00e9e de suivi, montre une r\u00e9duction de 30% du risque de faire un AVC si on prend une statine ou des fibrates. Ce travail va \u00eatre repris et re-repris. Il me pose un probl\u00e8me. J&rsquo;ai un peu de mal \u00e0 partir d&rsquo;une \u00e9tude observationnelle \u00e0 conclure sur le fait que les traitements hypolip\u00e9miants en pr\u00e9vention primaire diminuent le risque d&rsquo;AVC, d&rsquo;ailleurs les auteurs \u00e0 la fin de l&rsquo;abstract parle d&rsquo;association et pas de causalit\u00e9. Ce papier donne envie de faire une belle \u00e9tude randomis\u00e9e, prospective chez le sujet ag\u00e9 en pr\u00e9vention primaire.<\/p>\n<p>Juste pour illustrer les limites, les traitements antihypertenseurs augmentent de 50% et 45% le risque de coronaropathies et d&rsquo;AVC. Vous avez ces donn\u00e9es dans l&rsquo;article. Oui, il y a une association entre le fait de prendre un traitement antihypertenseur et de faire un AVC car on est hypertendu et peut \u00eatre pas suffisamment bien trait\u00e9. Peut \u00eatre que le traitement antihypertenseur en faisant trop baisser la tension entraine des AVC, mais peut \u00eatre que si ces patients ne prenaient pas d&rsquo;antiHTA l&rsquo;incidence d&rsquo;AVC serait plus importante. Sans essai randomis\u00e9 contr\u00f4l\u00e9 on ne peut pas r\u00e9pondre&#8230;<\/p>\n<p>Une autre limite est le fait que le traitement hypolip\u00e9miant n&rsquo;a pas de b\u00e9n\u00e9fice sur le risque coronarien et la mortalit\u00e9 cardiovasculaire mais il est associ\u00e9 \u00e0 une diminution du risque de d\u00e9c\u00e8s toute cause, ce que les essais randomis\u00e9s avec ces mol\u00e9cules ont toujours beaucoup de mal \u00e0 montrer. Je suis perplexe. Probablement mes comp\u00e9tences en recherche clinique et statistique sont trop limit\u00e9s pour tout saisir.<\/p>\n<p>En conclusion, ce tr\u00e8s int\u00e9ressant article ne permet pas de r\u00e9pondre \u00e0 la question pos\u00e9e dans le titre de cette note. Avec une \u00e9tude observationnelle, on ne pouvait pas s&rsquo;attendre \u00e0 mieux.<\/p>\n<p>Source\u00a0: <em><a href=\"http:\/\/www.bmj.com\/content\/350\/bmj.h2335\">Primary prevention with lipid lowering drugs and long term risk of vascular events in older people: population based cohort study | The BMJ<\/a><\/em><\/p>\n","protected":false},"excerpt":{"rendered":"<p>Une \u00e9tude fran\u00e7aise donne envie de r\u00e9pondre oui. Ce travail observationnel remarquable par sa qualit\u00e9 et la dur\u00e9e de suivi, montre une r\u00e9duction de 30% du risque de faire un AVC si on prend une statine ou des fibrates. Ce &hellip; <a href=\"https:\/\/perruchenautomne.eu\/wordpress\/2015\/05\/19\/faut-il-prendre-des-statines-apres-65-ans-pour-reduire-le-risque-daccident-vasculaire-cerebral\/\">Continuer la lecture <span class=\"meta-nav\">&rarr;<\/span><\/a><\/p>\n","protected":false},"author":1,"featured_media":0,"comment_status":"open","ping_status":"open","sticky":false,"template":"","format":"standard","meta":{"jetpack_post_was_ever_published":false,"_jetpack_newsletter_access":"","_jetpack_dont_email_post_to_subs":false,"_jetpack_newsletter_tier_id":0,"_jetpack_memberships_contains_paywalled_content":false,"_jetpack_memberships_contains_paid_content":false,"footnotes":"","jetpack_publicize_message":"","jetpack_publicize_feature_enabled":true,"jetpack_social_post_already_shared":true,"jetpack_social_options":{"image_generator_settings":{"template":"highway","default_image_id":0,"font":"","enabled":false},"version":2}},"categories":[1],"tags":[],"class_list":["post-3526","post","type-post","status-publish","format-standard","hentry","category-non-classe"],"jetpack_publicize_connections":[],"jetpack_featured_media_url":"","jetpack_shortlink":"https:\/\/wp.me\/p1l1zM-US","jetpack_sharing_enabled":true,"jetpack-related-posts":[],"_links":{"self":[{"href":"https:\/\/perruchenautomne.eu\/wordpress\/wp-json\/wp\/v2\/posts\/3526","targetHints":{"allow":["GET"]}}],"collection":[{"href":"https:\/\/perruchenautomne.eu\/wordpress\/wp-json\/wp\/v2\/posts"}],"about":[{"href":"https:\/\/perruchenautomne.eu\/wordpress\/wp-json\/wp\/v2\/types\/post"}],"author":[{"embeddable":true,"href":"https:\/\/perruchenautomne.eu\/wordpress\/wp-json\/wp\/v2\/users\/1"}],"replies":[{"embeddable":true,"href":"https:\/\/perruchenautomne.eu\/wordpress\/wp-json\/wp\/v2\/comments?post=3526"}],"version-history":[{"count":1,"href":"https:\/\/perruchenautomne.eu\/wordpress\/wp-json\/wp\/v2\/posts\/3526\/revisions"}],"predecessor-version":[{"id":3527,"href":"https:\/\/perruchenautomne.eu\/wordpress\/wp-json\/wp\/v2\/posts\/3526\/revisions\/3527"}],"wp:attachment":[{"href":"https:\/\/perruchenautomne.eu\/wordpress\/wp-json\/wp\/v2\/media?parent=3526"}],"wp:term":[{"taxonomy":"category","embeddable":true,"href":"https:\/\/perruchenautomne.eu\/wordpress\/wp-json\/wp\/v2\/categories?post=3526"},{"taxonomy":"post_tag","embeddable":true,"href":"https:\/\/perruchenautomne.eu\/wordpress\/wp-json\/wp\/v2\/tags?post=3526"}],"curies":[{"name":"wp","href":"https:\/\/api.w.org\/{rel}","templated":true}]}}