{"id":3538,"date":"2015-05-22T06:28:25","date_gmt":"2015-05-22T05:28:25","guid":{"rendered":"https:\/\/perruchenautomne.eu\/wordpress\/?p=3538"},"modified":"2015-05-21T15:37:25","modified_gmt":"2015-05-21T14:37:25","slug":"sida-et-biocapitalisme-la-vie-des-idees","status":"publish","type":"post","link":"https:\/\/perruchenautomne.eu\/wordpress\/2015\/05\/22\/sida-et-biocapitalisme-la-vie-des-idees\/","title":{"rendered":"Sida et biocapitalisme &#8211; La Vie des id\u00e9es"},"content":{"rendered":"<p>Petit conseil de lecture pour ce long week end, un remarquable essai sur l\u2019\u00e9mergence inqui\u00e9tante du biocapitalisme dans le champs de la sant\u00e9 publique avec comme pathologie d&rsquo;entr\u00e9e le SIDA. Si cet essai vous plait, vous devez absolument lire<a href=\"https:\/\/perruchenautomne.eu\/wordpress\/?p=2431\"> le \u00ab\u00a0Corps-March\u00e9\u00a0\u00bb de C\u00e9line Lafontaine<\/a>. On voit bien la d\u00e9marche actuelle qui est d&rsquo;\u00e9vincer les \u00e9tats au profit des entreprises multinationales sous pr\u00e9texte de propri\u00e9t\u00e9 intellectuelle ou d&rsquo;efficience. Ces enjeux sont tr\u00e8s finement analys\u00e9s dans ce texte. Il y a quelque chose d&rsquo;inqui\u00e9tant \u00e0 voir comment Big Pharma est en train de transformer les corps malades en capital et source de profit. Ceci ne donne pas une vision tr\u00e8s optimiste de notre futur.<\/p>\n<blockquote><p>La fin de l&rsquo;\u00e9pid\u00e9mie de sida n&rsquo;est pas seulement un objectif de sant\u00e9 publique : c&rsquo;est un projet qui suppose l&rsquo;extension du march\u00e9 des m\u00e9dicaments, un (&#8230;)<\/p><\/blockquote>\n<p>Source\u00a0: <em><a href=\"http:\/\/www.laviedesidees.fr\/Sida-et-biocapitalisme.html\">Sida et biocapitalisme &#8211; La Vie des id\u00e9es<\/a><\/em><\/p>\n","protected":false},"excerpt":{"rendered":"<p>Petit conseil de lecture pour ce long week end, un remarquable essai sur l\u2019\u00e9mergence inqui\u00e9tante du biocapitalisme dans le champs de la sant\u00e9 publique avec comme pathologie d&rsquo;entr\u00e9e le SIDA. Si cet essai vous plait, vous devez absolument lire le &hellip; <a href=\"https:\/\/perruchenautomne.eu\/wordpress\/2015\/05\/22\/sida-et-biocapitalisme-la-vie-des-idees\/\">Continuer la lecture <span class=\"meta-nav\">&rarr;<\/span><\/a><\/p>\n","protected":false},"author":1,"featured_media":0,"comment_status":"open","ping_status":"open","sticky":false,"template":"","format":"standard","meta":{"jetpack_post_was_ever_published":false,"_jetpack_newsletter_access":"","_jetpack_dont_email_post_to_subs":false,"_jetpack_newsletter_tier_id":0,"_jetpack_memberships_contains_paywalled_content":false,"_jetpack_memberships_contains_paid_content":false,"footnotes":"","jetpack_publicize_message":"","jetpack_publicize_feature_enabled":true,"jetpack_social_post_already_shared":true,"jetpack_social_options":{"image_generator_settings":{"template":"highway","default_image_id":0,"font":"","enabled":false},"version":2}},"categories":[13],"tags":[1495,1496,1497,1494],"class_list":["post-3538","post","type-post","status-publish","format-standard","hentry","category-medecine-2","tag-biocapitalisme","tag-la-vie-des-idees","tag-profit","tag-sida"],"jetpack_publicize_connections":[],"jetpack_featured_media_url":"","jetpack_shortlink":"https:\/\/wp.me\/p1l1zM-V4","jetpack_sharing_enabled":true,"jetpack-related-posts":[],"_links":{"self":[{"href":"https:\/\/perruchenautomne.eu\/wordpress\/wp-json\/wp\/v2\/posts\/3538","targetHints":{"allow":["GET"]}}],"collection":[{"href":"https:\/\/perruchenautomne.eu\/wordpress\/wp-json\/wp\/v2\/posts"}],"about":[{"href":"https:\/\/perruchenautomne.eu\/wordpress\/wp-json\/wp\/v2\/types\/post"}],"author":[{"embeddable":true,"href":"https:\/\/perruchenautomne.eu\/wordpress\/wp-json\/wp\/v2\/users\/1"}],"replies":[{"embeddable":true,"href":"https:\/\/perruchenautomne.eu\/wordpress\/wp-json\/wp\/v2\/comments?post=3538"}],"version-history":[{"count":2,"href":"https:\/\/perruchenautomne.eu\/wordpress\/wp-json\/wp\/v2\/posts\/3538\/revisions"}],"predecessor-version":[{"id":3545,"href":"https:\/\/perruchenautomne.eu\/wordpress\/wp-json\/wp\/v2\/posts\/3538\/revisions\/3545"}],"wp:attachment":[{"href":"https:\/\/perruchenautomne.eu\/wordpress\/wp-json\/wp\/v2\/media?parent=3538"}],"wp:term":[{"taxonomy":"category","embeddable":true,"href":"https:\/\/perruchenautomne.eu\/wordpress\/wp-json\/wp\/v2\/categories?post=3538"},{"taxonomy":"post_tag","embeddable":true,"href":"https:\/\/perruchenautomne.eu\/wordpress\/wp-json\/wp\/v2\/tags?post=3538"}],"curies":[{"name":"wp","href":"https:\/\/api.w.org\/{rel}","templated":true}]}}