{"id":3571,"date":"2015-05-27T07:24:55","date_gmt":"2015-05-27T06:24:55","guid":{"rendered":"https:\/\/perruchenautomne.eu\/wordpress\/?p=3571"},"modified":"2015-05-27T07:24:55","modified_gmt":"2015-05-27T06:24:55","slug":"compter-la-foule","status":"publish","type":"post","link":"https:\/\/perruchenautomne.eu\/wordpress\/2015\/05\/27\/compter-la-foule\/","title":{"rendered":"Compter la foule"},"content":{"rendered":"<p>La France est un grand pays de manifestations.<br \/>\nLe nombre de participants est vu comme une forme de l\u00e9gitimit\u00e9 d\u00e9mocratique. Il est toujours amusant d&rsquo;entendre les diff\u00e9rences d&rsquo;estimation entre les organisateurs et la pr\u00e9fecture.<br \/>\nCompter les manifestants est une t\u00e2che ardue. La solution va peut-\u00eatre venir de nos smartphones. Un article r\u00e9cent propose une technique pour compter les foules sentimentales ou pas en utilisant ce joujou. Le r\u00e9sultat est plut\u00f4t int\u00e9ressant. Lors de votre prochaine manifestation, les organisateurs vous demanderont d&rsquo;activer la g\u00e9olocalisation et d&rsquo;envoyer \u00e0 intervalle r\u00e9gulier des messages. Un petit malin va peut-\u00eatre d\u00e9velopper une app \u00ab\u00a0je manifeste\u00a0\u00bb. Ainsi va notre modernit\u00e9 toujours plus connect\u00e9e.<\/p>\n<p><a href=\"http:\/\/news.sciencemag.org\/social-sciences\/2015\/05\/measuring-mobs?rss=1\">http:\/\/news.sciencemag.org\/social-sciences\/2015\/05\/measuring-mobs?rss=1<\/a><\/p>\n","protected":false},"excerpt":{"rendered":"<p>La France est un grand pays de manifestations. Le nombre de participants est vu comme une forme de l\u00e9gitimit\u00e9 d\u00e9mocratique. Il est toujours amusant d&rsquo;entendre les diff\u00e9rences d&rsquo;estimation entre les organisateurs et la pr\u00e9fecture. Compter les manifestants est une t\u00e2che &hellip; <a href=\"https:\/\/perruchenautomne.eu\/wordpress\/2015\/05\/27\/compter-la-foule\/\">Continuer la lecture <span class=\"meta-nav\">&rarr;<\/span><\/a><\/p>\n","protected":false},"author":1,"featured_media":0,"comment_status":"open","ping_status":"open","sticky":false,"template":"","format":"standard","meta":{"jetpack_post_was_ever_published":false,"_jetpack_newsletter_access":"","_jetpack_dont_email_post_to_subs":false,"_jetpack_newsletter_tier_id":0,"_jetpack_memberships_contains_paywalled_content":false,"_jetpack_memberships_contains_paid_content":false,"footnotes":"","jetpack_publicize_message":"","jetpack_publicize_feature_enabled":true,"jetpack_social_post_already_shared":true,"jetpack_social_options":{"image_generator_settings":{"template":"highway","default_image_id":0,"font":"","enabled":false},"version":2}},"categories":[1],"tags":[],"class_list":["post-3571","post","type-post","status-publish","format-standard","hentry","category-non-classe"],"jetpack_publicize_connections":[],"jetpack_featured_media_url":"","jetpack_shortlink":"https:\/\/wp.me\/p1l1zM-VB","jetpack_sharing_enabled":true,"jetpack-related-posts":[],"_links":{"self":[{"href":"https:\/\/perruchenautomne.eu\/wordpress\/wp-json\/wp\/v2\/posts\/3571","targetHints":{"allow":["GET"]}}],"collection":[{"href":"https:\/\/perruchenautomne.eu\/wordpress\/wp-json\/wp\/v2\/posts"}],"about":[{"href":"https:\/\/perruchenautomne.eu\/wordpress\/wp-json\/wp\/v2\/types\/post"}],"author":[{"embeddable":true,"href":"https:\/\/perruchenautomne.eu\/wordpress\/wp-json\/wp\/v2\/users\/1"}],"replies":[{"embeddable":true,"href":"https:\/\/perruchenautomne.eu\/wordpress\/wp-json\/wp\/v2\/comments?post=3571"}],"version-history":[{"count":1,"href":"https:\/\/perruchenautomne.eu\/wordpress\/wp-json\/wp\/v2\/posts\/3571\/revisions"}],"predecessor-version":[{"id":3572,"href":"https:\/\/perruchenautomne.eu\/wordpress\/wp-json\/wp\/v2\/posts\/3571\/revisions\/3572"}],"wp:attachment":[{"href":"https:\/\/perruchenautomne.eu\/wordpress\/wp-json\/wp\/v2\/media?parent=3571"}],"wp:term":[{"taxonomy":"category","embeddable":true,"href":"https:\/\/perruchenautomne.eu\/wordpress\/wp-json\/wp\/v2\/categories?post=3571"},{"taxonomy":"post_tag","embeddable":true,"href":"https:\/\/perruchenautomne.eu\/wordpress\/wp-json\/wp\/v2\/tags?post=3571"}],"curies":[{"name":"wp","href":"https:\/\/api.w.org\/{rel}","templated":true}]}}