{"id":3604,"date":"2015-07-23T06:51:32","date_gmt":"2015-07-23T05:51:32","guid":{"rendered":"https:\/\/perruchenautomne.eu\/wordpress\/?p=3604"},"modified":"2015-07-13T14:07:26","modified_gmt":"2015-07-13T13:07:26","slug":"proces-petain-il-y-a-70-ans-il-commencait","status":"publish","type":"post","link":"https:\/\/perruchenautomne.eu\/wordpress\/2015\/07\/23\/proces-petain-il-y-a-70-ans-il-commencait\/","title":{"rendered":"Proc\u00e8s P\u00e9tain, il y a 70 ans, il commen\u00e7ait"},"content":{"rendered":"<p>Je vous conseille d&rsquo;\u00e9couter <a href=\"http:\/\/www.franceculture.fr\/emission-fictions-le-feuilleton-proces-petain-115-2015-05-04\">cette formidable reconstitution<\/a> du proc\u00e8s faite d&rsquo;extraits\u00a0 particuli\u00e8rement bien choisis qui soul\u00e8vent de nombreuses questions. La premi\u00e8re est \u00ab\u00a0Peut on rendre la justice si t\u00f4t apr\u00e8s les faits?\u00a0\u00bb. Elle me parait centrale dans cette histoire. La deuxi\u00e8me \u00ab\u00a0Pourquoi P\u00e9tain ne parlera t il pas plus, pourquoi cette obstination dans le silence?\u00a0\u00bb. Les autres viendront au fil de l&rsquo;\u00e9coute. Avec ce formidable document d&rsquo;archives mis en son, France Culture remplit encore et toujours sa mission de service public et d&rsquo;\u00e9ducation. En ces moments d&rsquo;agitation, de remise en question de l&rsquo;existence de ce g\u00e9nial outil de transmission des savoirs, en ces moments o\u00f9 on rogne sur son budget alors qu&rsquo;on d\u00e9pense des fortunes pour faire de la retransmission de sports \u00e0 la t\u00e9l\u00e9vision, nous devons la d\u00e9fendre. Il faut podcaster et \u00e9couter la meilleure chaine du service public. Profitez de votre \u00e9t\u00e9 pour \u00e9couter les 15 \u00e9pisodes, vous commencerez en reculant et vous ne pourrez plus vous arr\u00eater. En ces journ\u00e9es brulantes de Juillet et Aout 1945, il se succ\u00e9dera \u00e0 la barre, le plus glorieux et le plus pitoyable de l&rsquo;histoire de la France combattante ou collaborante. Il est fascinant de voir comment notre vie politique contemporaine est encore marqu\u00e9e par les clivages issus de cette p\u00e9riode. Peut \u00eatre que si le proc\u00e8s n&rsquo;avait pas d\u00e9but\u00e9 ce 23 juillet 1945, la digestion des faits eut \u00e9t\u00e9 plus ad\u00e9quate.<\/p>\n","protected":false},"excerpt":{"rendered":"<p>Je vous conseille d&rsquo;\u00e9couter cette formidable reconstitution du proc\u00e8s faite d&rsquo;extraits\u00a0 particuli\u00e8rement bien choisis qui soul\u00e8vent de nombreuses questions. La premi\u00e8re est \u00ab\u00a0Peut on rendre la justice si t\u00f4t apr\u00e8s les faits?\u00a0\u00bb. Elle me parait centrale dans cette histoire. La &hellip; <a href=\"https:\/\/perruchenautomne.eu\/wordpress\/2015\/07\/23\/proces-petain-il-y-a-70-ans-il-commencait\/\">Continuer la lecture <span class=\"meta-nav\">&rarr;<\/span><\/a><\/p>\n","protected":false},"author":1,"featured_media":0,"comment_status":"open","ping_status":"open","sticky":false,"template":"","format":"standard","meta":{"jetpack_post_was_ever_published":false,"_jetpack_newsletter_access":"","_jetpack_dont_email_post_to_subs":false,"_jetpack_newsletter_tier_id":0,"_jetpack_memberships_contains_paywalled_content":false,"_jetpack_memberships_contains_paid_content":false,"footnotes":"","jetpack_publicize_message":"","jetpack_publicize_feature_enabled":true,"jetpack_social_post_already_shared":true,"jetpack_social_options":{"image_generator_settings":{"template":"highway","default_image_id":0,"font":"","enabled":false},"version":2}},"categories":[1],"tags":[112,1563,1564],"class_list":["post-3604","post","type-post","status-publish","format-standard","hentry","category-non-classe","tag-france-culture","tag-petain","tag-proces"],"jetpack_publicize_connections":[],"jetpack_featured_media_url":"","jetpack_shortlink":"https:\/\/wp.me\/p1l1zM-W8","jetpack_sharing_enabled":true,"jetpack-related-posts":[],"_links":{"self":[{"href":"https:\/\/perruchenautomne.eu\/wordpress\/wp-json\/wp\/v2\/posts\/3604","targetHints":{"allow":["GET"]}}],"collection":[{"href":"https:\/\/perruchenautomne.eu\/wordpress\/wp-json\/wp\/v2\/posts"}],"about":[{"href":"https:\/\/perruchenautomne.eu\/wordpress\/wp-json\/wp\/v2\/types\/post"}],"author":[{"embeddable":true,"href":"https:\/\/perruchenautomne.eu\/wordpress\/wp-json\/wp\/v2\/users\/1"}],"replies":[{"embeddable":true,"href":"https:\/\/perruchenautomne.eu\/wordpress\/wp-json\/wp\/v2\/comments?post=3604"}],"version-history":[{"count":2,"href":"https:\/\/perruchenautomne.eu\/wordpress\/wp-json\/wp\/v2\/posts\/3604\/revisions"}],"predecessor-version":[{"id":3778,"href":"https:\/\/perruchenautomne.eu\/wordpress\/wp-json\/wp\/v2\/posts\/3604\/revisions\/3778"}],"wp:attachment":[{"href":"https:\/\/perruchenautomne.eu\/wordpress\/wp-json\/wp\/v2\/media?parent=3604"}],"wp:term":[{"taxonomy":"category","embeddable":true,"href":"https:\/\/perruchenautomne.eu\/wordpress\/wp-json\/wp\/v2\/categories?post=3604"},{"taxonomy":"post_tag","embeddable":true,"href":"https:\/\/perruchenautomne.eu\/wordpress\/wp-json\/wp\/v2\/tags?post=3604"}],"curies":[{"name":"wp","href":"https:\/\/api.w.org\/{rel}","templated":true}]}}