{"id":3629,"date":"2015-06-08T07:18:51","date_gmt":"2015-06-08T06:18:51","guid":{"rendered":"https:\/\/perruchenautomne.eu\/wordpress\/?p=3629"},"modified":"2015-06-08T07:18:51","modified_gmt":"2015-06-08T06:18:51","slug":"8-juin-1945-theresienstadt","status":"publish","type":"post","link":"https:\/\/perruchenautomne.eu\/wordpress\/2015\/06\/08\/8-juin-1945-theresienstadt\/","title":{"rendered":"8 Juin 1945, Theresienstadt"},"content":{"rendered":"<p>Il y a 70 ans, Robert Desnos est mort dans un camp de concentration.<\/p>\n<p>Il allait avoir 45 ans. Cet immense po\u00e8te fran\u00e7ais est d&rsquo;une grande actualit\u00e9, ne serait ce que pour ses exp\u00e9riences hypnotiques, surr\u00e9alistes et sa passion de fantomas. Il est comme Char de ces hommes qui ont pris les armes pour lutter contre un v\u00e9ritable p\u00e9ril, pour la libert\u00e9. A l&rsquo;heure o\u00f9 certains pensent \u00eatre des r\u00e9sistants alors qu&rsquo;ils ne sont que des matamores. Au moindre risque pour leurs petites vies, ils se rangeraient derri\u00e8re la banni\u00e8re du collaborateur. Il est bon de raviver la m\u00e9moire des ces grands hommes, <a href=\"http:\/\/www.reseau-canope.fr\/poetes-en-resistance\/accueil\/\">po\u00e8tes devenus guerriers<\/a>.<\/p>\n<blockquote>\n<h3>\u00ab Ce c\u0153ur qui ha\u00efssait la guerre\u2026\u00a0\u00bb<\/h3>\n<p>Ce c\u0153ur qui ha\u00efssait la guerre voil\u00e0 qu\u2019il bat pour le combat et la bataille !<br \/>\nCe c\u0153ur qui ne battait qu\u2019au rythme des mar\u00e9es, \u00e0 celui des saisons, \u00e0 celui des heures du jour et de la nuit,<br \/>\nVoil\u00e0 qu\u2019il se gonfle et qu\u2019il envoie dans les veines un sang br\u00fblant de salp\u00eatre et de haine.<br \/>\nEt qu\u2019il m\u00e8ne un tel bruit dans la cervelle que les oreilles en sifflent,<br \/>\nEt qu\u2019il n\u2019est pas possible que ce bruit ne se r\u00e9pande pas dans la ville et la campagne,<br \/>\nComme le son d\u2019une cloche appelant \u00e0 l\u2019\u00e9meute et au combat.<br \/>\n\u00c9coutez, je l\u2019entends qui me revient renvoy\u00e9 par les \u00e9chos.<br \/>\nMais non, c\u2019est le bruit d\u2019autres c\u0153urs, de millions d\u2019autres c\u0153urs battant comme le mien \u00e0 travers la France.<br \/>\nIls battent au m\u00eame rythme pour la m\u00eame besogne tous ces c\u0153urs,<br \/>\nLeur bruit est celui de la mer \u00e0 l\u2019assaut des falaises<br \/>\nEt tout ce sang porte dans des millions de cervelles un m\u00eame mot d\u2019ordre :<br \/>\nR\u00e9volte contre Hitler et mort \u00e0 ses partisans !<br \/>\nPourtant ce c\u0153ur ha\u00efssait la guerre et battait au rythme des saisons,<br \/>\nMais un seul mot : Libert\u00e9 a suffi \u00e0 r\u00e9veiller les vieilles col\u00e8res<br \/>\nEt des millions de Fran\u00e7ais se pr\u00e9parent dans l\u2019ombre \u00e0 la besogne que l\u2019aube proche leur imposera.<br \/>\nCar ces c\u0153urs qui ha\u00efssaient la guerre battaient pour la libert\u00e9 au rythme m\u00eame des saisons et des mar\u00e9es,<br \/>\ndu jour et de la nuit.<\/p>\n<p><strong>Robert Desnos<\/strong>, 1943 (paru dans <em>L\u2019Honneur des po\u00e8tes<\/em>)<\/p><\/blockquote>\n<p>Pour mesurer le talent de cet homme si vivant, je vous conseille d&rsquo;\u00e9couter <a href=\"http:\/\/www.franceculture.fr\/emission-fictions-samedi-noir-soiree-speciale-%C2%AB-robert-desnos-%C2%BB-2015-06-06\">l&rsquo;excellente \u00e9mission de Fran\u00e7ois Angelier<\/a>.<\/p>\n","protected":false},"excerpt":{"rendered":"<p>Il y a 70 ans, Robert Desnos est mort dans un camp de concentration. Il allait avoir 45 ans. Cet immense po\u00e8te fran\u00e7ais est d&rsquo;une grande actualit\u00e9, ne serait ce que pour ses exp\u00e9riences hypnotiques, surr\u00e9alistes et sa passion de &hellip; <a href=\"https:\/\/perruchenautomne.eu\/wordpress\/2015\/06\/08\/8-juin-1945-theresienstadt\/\">Continuer la lecture <span class=\"meta-nav\">&rarr;<\/span><\/a><\/p>\n","protected":false},"author":1,"featured_media":0,"comment_status":"open","ping_status":"open","sticky":false,"template":"","format":"standard","meta":{"jetpack_post_was_ever_published":false,"_jetpack_newsletter_access":"","_jetpack_dont_email_post_to_subs":false,"_jetpack_newsletter_tier_id":0,"_jetpack_memberships_contains_paywalled_content":false,"_jetpack_memberships_contains_paid_content":false,"footnotes":"","jetpack_publicize_message":"","jetpack_publicize_feature_enabled":true,"jetpack_social_post_already_shared":true,"jetpack_social_options":{"image_generator_settings":{"template":"highway","default_image_id":0,"font":"","enabled":false},"version":2}},"categories":[1],"tags":[],"class_list":["post-3629","post","type-post","status-publish","format-standard","hentry","category-non-classe"],"jetpack_publicize_connections":[],"jetpack_featured_media_url":"","jetpack_shortlink":"https:\/\/wp.me\/p1l1zM-Wx","jetpack_sharing_enabled":true,"jetpack-related-posts":[],"_links":{"self":[{"href":"https:\/\/perruchenautomne.eu\/wordpress\/wp-json\/wp\/v2\/posts\/3629","targetHints":{"allow":["GET"]}}],"collection":[{"href":"https:\/\/perruchenautomne.eu\/wordpress\/wp-json\/wp\/v2\/posts"}],"about":[{"href":"https:\/\/perruchenautomne.eu\/wordpress\/wp-json\/wp\/v2\/types\/post"}],"author":[{"embeddable":true,"href":"https:\/\/perruchenautomne.eu\/wordpress\/wp-json\/wp\/v2\/users\/1"}],"replies":[{"embeddable":true,"href":"https:\/\/perruchenautomne.eu\/wordpress\/wp-json\/wp\/v2\/comments?post=3629"}],"version-history":[{"count":1,"href":"https:\/\/perruchenautomne.eu\/wordpress\/wp-json\/wp\/v2\/posts\/3629\/revisions"}],"predecessor-version":[{"id":3631,"href":"https:\/\/perruchenautomne.eu\/wordpress\/wp-json\/wp\/v2\/posts\/3629\/revisions\/3631"}],"wp:attachment":[{"href":"https:\/\/perruchenautomne.eu\/wordpress\/wp-json\/wp\/v2\/media?parent=3629"}],"wp:term":[{"taxonomy":"category","embeddable":true,"href":"https:\/\/perruchenautomne.eu\/wordpress\/wp-json\/wp\/v2\/categories?post=3629"},{"taxonomy":"post_tag","embeddable":true,"href":"https:\/\/perruchenautomne.eu\/wordpress\/wp-json\/wp\/v2\/tags?post=3629"}],"curies":[{"name":"wp","href":"https:\/\/api.w.org\/{rel}","templated":true}]}}