{"id":3661,"date":"2015-06-16T14:55:33","date_gmt":"2015-06-16T13:55:33","guid":{"rendered":"https:\/\/perruchenautomne.eu\/wordpress\/?p=3661"},"modified":"2015-06-16T14:55:33","modified_gmt":"2015-06-16T13:55:33","slug":"la-medecine-liberale-en-france-tout-est-dans-la-continuite","status":"publish","type":"post","link":"https:\/\/perruchenautomne.eu\/wordpress\/2015\/06\/16\/la-medecine-liberale-en-france-tout-est-dans-la-continuite\/","title":{"rendered":"La m\u00e9decine lib\u00e9rale en France, tout est dans la continuit\u00e9."},"content":{"rendered":"<p>Tr\u00e8s int\u00e9ressant article dans la vie des id\u00e9es sur la m\u00e9decine lib\u00e9rale et sa d\u00e9fense par les professionnels, il montre la persistance de certaines r\u00e9actions des ann\u00e9es 20 \u00e0 nos jours. Il est sain de lire ce texte pour mesurer la force du conservatisme \u00e0 l\u2019\u0153uvre. Les arguments ont peu chang\u00e9 depuis 1927.<\/p>\n<p>Darwin a montr\u00e9 qu&rsquo;en l&rsquo;absence d&rsquo;adaptation, d&rsquo;\u00e9volution, les organismes disparaissent. Il en est de m\u00eame des corporations. En refusant depuis longtemps toute \u00e9volution du mode de r\u00e9mun\u00e9ration et de la pratique, la m\u00e9decine lib\u00e9rale fran\u00e7aise n&rsquo;a pas forc\u00e9ment attir\u00e9 les plus jeunes. Heureusement le public est encore plus pitoyable. La m\u00eame r\u00e9flexion peut \u00eatre faite pour le CHU, l&rsquo;absence d&rsquo;\u00e9volution du mod\u00e8le depuis 1957, le refus de tout changement par la profession, l&rsquo;imaginaire d&rsquo;une rente, voir d&rsquo;une immortalit\u00e9 des structures, annoncent la mort du mod\u00e8le.<\/p>\n<p>J&rsquo;aime bien jet\u00e9 un coup d\u2019\u0153il dans le r\u00e9troviseur pour comprendre certains de mes malaises. Les prises de positions de certains me g\u00eanaient, quand on voit l&rsquo;origine des pr\u00e9suppos\u00e9s intellectuels de la m\u00e9decine lib\u00e9rale, je comprends mieux. Tr\u00e8s bon et utile travail, \u00e0 lire.<\/p>\n<blockquote><p>Les m\u00e9decins lib\u00e9raux ont \u00e9t\u00e9 de virulents opposants \u00e0 la loi de sant\u00e9 2015. Cette mobilisation s&rsquo;inscrit dans une tradition s\u00e9culaire de d\u00e9fense des (&#8230;)<\/p><\/blockquote>\n<p>Source\u00a0: <em><a href=\"http:\/\/www.laviedesidees.fr\/La-defense-de-la-medecine-liberale.html\">La d\u00e9fense de la m\u00e9decine lib\u00e9rale &#8211; La Vie des id\u00e9es<\/a><\/em><\/p>\n","protected":false},"excerpt":{"rendered":"<p>Tr\u00e8s int\u00e9ressant article dans la vie des id\u00e9es sur la m\u00e9decine lib\u00e9rale et sa d\u00e9fense par les professionnels, il montre la persistance de certaines r\u00e9actions des ann\u00e9es 20 \u00e0 nos jours. Il est sain de lire ce texte pour mesurer &hellip; <a href=\"https:\/\/perruchenautomne.eu\/wordpress\/2015\/06\/16\/la-medecine-liberale-en-france-tout-est-dans-la-continuite\/\">Continuer la lecture <span class=\"meta-nav\">&rarr;<\/span><\/a><\/p>\n","protected":false},"author":1,"featured_media":0,"comment_status":"open","ping_status":"open","sticky":false,"template":"","format":"standard","meta":{"jetpack_post_was_ever_published":false,"_jetpack_newsletter_access":"","_jetpack_dont_email_post_to_subs":false,"_jetpack_newsletter_tier_id":0,"_jetpack_memberships_contains_paywalled_content":false,"_jetpack_memberships_contains_paid_content":false,"footnotes":"","jetpack_publicize_message":"","jetpack_publicize_feature_enabled":true,"jetpack_social_post_already_shared":true,"jetpack_social_options":{"image_generator_settings":{"template":"highway","default_image_id":0,"font":"","enabled":false},"version":2}},"categories":[1],"tags":[],"class_list":["post-3661","post","type-post","status-publish","format-standard","hentry","category-non-classe"],"jetpack_publicize_connections":[],"jetpack_featured_media_url":"","jetpack_shortlink":"https:\/\/wp.me\/p1l1zM-X3","jetpack_sharing_enabled":true,"jetpack-related-posts":[],"_links":{"self":[{"href":"https:\/\/perruchenautomne.eu\/wordpress\/wp-json\/wp\/v2\/posts\/3661","targetHints":{"allow":["GET"]}}],"collection":[{"href":"https:\/\/perruchenautomne.eu\/wordpress\/wp-json\/wp\/v2\/posts"}],"about":[{"href":"https:\/\/perruchenautomne.eu\/wordpress\/wp-json\/wp\/v2\/types\/post"}],"author":[{"embeddable":true,"href":"https:\/\/perruchenautomne.eu\/wordpress\/wp-json\/wp\/v2\/users\/1"}],"replies":[{"embeddable":true,"href":"https:\/\/perruchenautomne.eu\/wordpress\/wp-json\/wp\/v2\/comments?post=3661"}],"version-history":[{"count":1,"href":"https:\/\/perruchenautomne.eu\/wordpress\/wp-json\/wp\/v2\/posts\/3661\/revisions"}],"predecessor-version":[{"id":3662,"href":"https:\/\/perruchenautomne.eu\/wordpress\/wp-json\/wp\/v2\/posts\/3661\/revisions\/3662"}],"wp:attachment":[{"href":"https:\/\/perruchenautomne.eu\/wordpress\/wp-json\/wp\/v2\/media?parent=3661"}],"wp:term":[{"taxonomy":"category","embeddable":true,"href":"https:\/\/perruchenautomne.eu\/wordpress\/wp-json\/wp\/v2\/categories?post=3661"},{"taxonomy":"post_tag","embeddable":true,"href":"https:\/\/perruchenautomne.eu\/wordpress\/wp-json\/wp\/v2\/tags?post=3661"}],"curies":[{"name":"wp","href":"https:\/\/api.w.org\/{rel}","templated":true}]}}