{"id":3663,"date":"2015-06-17T06:35:48","date_gmt":"2015-06-17T05:35:48","guid":{"rendered":"https:\/\/perruchenautomne.eu\/wordpress\/?p=3663"},"modified":"2015-06-16T15:36:06","modified_gmt":"2015-06-16T14:36:06","slug":"brad-mehldau-un-portrait-en-dix-episodes-dans-open-jazz","status":"publish","type":"post","link":"https:\/\/perruchenautomne.eu\/wordpress\/2015\/06\/17\/brad-mehldau-un-portrait-en-dix-episodes-dans-open-jazz\/","title":{"rendered":"Brad Mehldau : un portrait en dix \u00e9pisodes dans Open Jazz"},"content":{"rendered":"<blockquote><p><a href=\"http:\/\/www.francemusique.fr\/jazz\/brad-mehldau-un-portrait-en-10-episodes-dans-open-jazz-88579\"><img decoding=\"async\" class=\"alignnone size-full\" src=\"https:\/\/perruchenautomne.eu\/wordpress\/wp-content\/uploads\/2015\/06\/1_-_michael_wilson_2012-1328221114.png\" alt=\"\" \/><\/a><\/p><\/blockquote>\n<p><audio class=\"wp-audio-shortcode\" id=\"audio-3663-1\" preload=\"none\" style=\"width: 100%;\" controls=\"controls\"><source type=\"audio\/mpeg\" src=\"https:\/\/perruchenautomne.eu\/wordpress\/wp-content\/uploads\/2015\/06\/06.-Paranoid-Android.mp3?_=1\" \/><a href=\"https:\/\/perruchenautomne.eu\/wordpress\/wp-content\/uploads\/2015\/06\/06.-Paranoid-Android.mp3\">https:\/\/perruchenautomne.eu\/wordpress\/wp-content\/uploads\/2015\/06\/06.-Paranoid-Android.mp3<\/a><\/audio><br \/>\nSuperbe s\u00e9rie sur le pianiste le plus embl\u00e9matique de sa g\u00e9n\u00e9ration. Si vous aimez la musique vous aimerez ces 10 \u00e9missions, un \u00ab\u00a0Portrait in Jazz\u00a0\u00bb en somme.<\/p>\n<p><iframe loading=\"lazy\" src=\"https:\/\/www.youtube.com\/embed\/r-Z8KuwI7Gc\" width=\"420\" height=\"315\" frameborder=\"0\" allowfullscreen=\"allowfullscreen\"><\/iframe><\/p>\n<blockquote><p>Breaking Brad : le parcours d\u2019un serial pianist en dix \u00e9pisodes. Du lundi 01 au vendredi 12 juin 2015 , de 18h \u00e0 19h dans Open Jazz. Et en VO, d&rsquo;une traite, sur cette page !<\/p><\/blockquote>\n<p>Source\u00a0: <em><a href=\"http:\/\/www.francemusique.fr\/jazz\/brad-mehldau-un-portrait-en-10-episodes-dans-open-jazz-88579\">Brad Mehldau : un portrait en dix \u00e9pisodes dans Open Jazz<\/a><\/em><\/p>\n","protected":false},"excerpt":{"rendered":"<p>Superbe s\u00e9rie sur le pianiste le plus embl\u00e9matique de sa g\u00e9n\u00e9ration. Si vous aimez la musique vous aimerez ces 10 \u00e9missions, un \u00ab\u00a0Portrait in Jazz\u00a0\u00bb en somme. Breaking Brad : le parcours d\u2019un serial pianist en dix \u00e9pisodes. Du lundi &hellip; <a href=\"https:\/\/perruchenautomne.eu\/wordpress\/2015\/06\/17\/brad-mehldau-un-portrait-en-dix-episodes-dans-open-jazz\/\">Continuer la lecture <span class=\"meta-nav\">&rarr;<\/span><\/a><\/p>\n","protected":false},"author":1,"featured_media":0,"comment_status":"open","ping_status":"open","sticky":false,"template":"","format":"standard","meta":{"jetpack_post_was_ever_published":false,"_jetpack_newsletter_access":"","_jetpack_dont_email_post_to_subs":false,"_jetpack_newsletter_tier_id":0,"_jetpack_memberships_contains_paywalled_content":false,"_jetpack_memberships_contains_paid_content":false,"footnotes":"","jetpack_publicize_message":"","jetpack_publicize_feature_enabled":true,"jetpack_social_post_already_shared":true,"jetpack_social_options":{"image_generator_settings":{"template":"highway","default_image_id":0,"font":"","enabled":false},"version":2}},"categories":[9],"tags":[479,415],"class_list":["post-3663","post","type-post","status-publish","format-standard","hentry","category-musique","tag-jazz","tag-mehldau"],"jetpack_publicize_connections":[],"jetpack_featured_media_url":"","jetpack_shortlink":"https:\/\/wp.me\/p1l1zM-X5","jetpack_sharing_enabled":true,"jetpack-related-posts":[],"_links":{"self":[{"href":"https:\/\/perruchenautomne.eu\/wordpress\/wp-json\/wp\/v2\/posts\/3663","targetHints":{"allow":["GET"]}}],"collection":[{"href":"https:\/\/perruchenautomne.eu\/wordpress\/wp-json\/wp\/v2\/posts"}],"about":[{"href":"https:\/\/perruchenautomne.eu\/wordpress\/wp-json\/wp\/v2\/types\/post"}],"author":[{"embeddable":true,"href":"https:\/\/perruchenautomne.eu\/wordpress\/wp-json\/wp\/v2\/users\/1"}],"replies":[{"embeddable":true,"href":"https:\/\/perruchenautomne.eu\/wordpress\/wp-json\/wp\/v2\/comments?post=3663"}],"version-history":[{"count":3,"href":"https:\/\/perruchenautomne.eu\/wordpress\/wp-json\/wp\/v2\/posts\/3663\/revisions"}],"predecessor-version":[{"id":3668,"href":"https:\/\/perruchenautomne.eu\/wordpress\/wp-json\/wp\/v2\/posts\/3663\/revisions\/3668"}],"wp:attachment":[{"href":"https:\/\/perruchenautomne.eu\/wordpress\/wp-json\/wp\/v2\/media?parent=3663"}],"wp:term":[{"taxonomy":"category","embeddable":true,"href":"https:\/\/perruchenautomne.eu\/wordpress\/wp-json\/wp\/v2\/categories?post=3663"},{"taxonomy":"post_tag","embeddable":true,"href":"https:\/\/perruchenautomne.eu\/wordpress\/wp-json\/wp\/v2\/tags?post=3663"}],"curies":[{"name":"wp","href":"https:\/\/api.w.org\/{rel}","templated":true}]}}