{"id":3669,"date":"2015-06-18T08:38:31","date_gmt":"2015-06-18T07:38:31","guid":{"rendered":"https:\/\/perruchenautomne.eu\/wordpress\/?p=3669"},"modified":"2015-06-18T08:38:31","modified_gmt":"2015-06-18T07:38:31","slug":"un-jour-jirai-en-islande-lhiver","status":"publish","type":"post","link":"https:\/\/perruchenautomne.eu\/wordpress\/2015\/06\/18\/un-jour-jirai-en-islande-lhiver\/","title":{"rendered":"Un jour j&rsquo;irai en Islande l&rsquo;hiver"},"content":{"rendered":"<p><a href=\"http:\/\/www.faithistorment.com\/2015\/06\/a-winter-in-iceland-photos-by-loic-le.html\"><img decoding=\"async\" class=\"alignnone size-full\" src=\"https:\/\/perruchenautomne.eu\/wordpress\/wp-content\/uploads\/2015\/06\/iceland-loic-le-quere-05.jpg\" alt=\"\" \/><\/a><\/p>\n<p>Tr\u00e8s <a href=\"http:\/\/www.loiclequere.com\/iceland\">belle s\u00e9rie de photographies<\/a> par Lo\u00efc Le Qu\u00e9r\u00e9.<\/p>\n<p>Je ne connais que l&rsquo;\u00e9t\u00e9, cet \u00e9trange pays de sagas, la photo suivante, bien moins jolie et po\u00e9tique est de moi au m\u00eame endroit, il y a 10 ans, bient\u00f4t. Je n&rsquo;ai pas l&rsquo;impression que le lieu ait beaucoup chang\u00e9.<\/p>\n<p><a href=\"https:\/\/perruchenautomne.eu\/wordpress\/wp-content\/uploads\/2015\/06\/112547826_899114219e_z.jpg\"><img loading=\"lazy\" decoding=\"async\" class=\"aligncenter size-full wp-image-3670\" src=\"https:\/\/perruchenautomne.eu\/wordpress\/wp-content\/uploads\/2015\/06\/112547826_899114219e_z1.jpg\" alt=\"112547826_899114219e_z\" width=\"640\" height=\"427\" \/><\/a>Petite pointe de nostalgie sur le temps qui passe et les filles qui grandissent. Accompagner son ain\u00e9e passer le bac est un \u00e9trange moment.<\/p>\n<p>Nous devons retourner en Islande.<\/p>\n","protected":false},"excerpt":{"rendered":"<p>Tr\u00e8s belle s\u00e9rie de photographies par Lo\u00efc Le Qu\u00e9r\u00e9. Je ne connais que l&rsquo;\u00e9t\u00e9, cet \u00e9trange pays de sagas, la photo suivante, bien moins jolie et po\u00e9tique est de moi au m\u00eame endroit, il y a 10 ans, bient\u00f4t. Je &hellip; <a href=\"https:\/\/perruchenautomne.eu\/wordpress\/2015\/06\/18\/un-jour-jirai-en-islande-lhiver\/\">Continuer la lecture <span class=\"meta-nav\">&rarr;<\/span><\/a><\/p>\n","protected":false},"author":1,"featured_media":0,"comment_status":"open","ping_status":"open","sticky":false,"template":"","format":"standard","meta":{"jetpack_post_was_ever_published":false,"_jetpack_newsletter_access":"","_jetpack_dont_email_post_to_subs":false,"_jetpack_newsletter_tier_id":0,"_jetpack_memberships_contains_paywalled_content":false,"_jetpack_memberships_contains_paid_content":false,"footnotes":"","jetpack_publicize_message":"","jetpack_publicize_feature_enabled":true,"jetpack_social_post_already_shared":true,"jetpack_social_options":{"image_generator_settings":{"template":"highway","default_image_id":0,"font":"","enabled":false},"version":2}},"categories":[1],"tags":[],"class_list":["post-3669","post","type-post","status-publish","format-standard","hentry","category-non-classe"],"jetpack_publicize_connections":[],"jetpack_featured_media_url":"","jetpack_shortlink":"https:\/\/wp.me\/p1l1zM-Xb","jetpack_sharing_enabled":true,"jetpack-related-posts":[],"_links":{"self":[{"href":"https:\/\/perruchenautomne.eu\/wordpress\/wp-json\/wp\/v2\/posts\/3669","targetHints":{"allow":["GET"]}}],"collection":[{"href":"https:\/\/perruchenautomne.eu\/wordpress\/wp-json\/wp\/v2\/posts"}],"about":[{"href":"https:\/\/perruchenautomne.eu\/wordpress\/wp-json\/wp\/v2\/types\/post"}],"author":[{"embeddable":true,"href":"https:\/\/perruchenautomne.eu\/wordpress\/wp-json\/wp\/v2\/users\/1"}],"replies":[{"embeddable":true,"href":"https:\/\/perruchenautomne.eu\/wordpress\/wp-json\/wp\/v2\/comments?post=3669"}],"version-history":[{"count":1,"href":"https:\/\/perruchenautomne.eu\/wordpress\/wp-json\/wp\/v2\/posts\/3669\/revisions"}],"predecessor-version":[{"id":3673,"href":"https:\/\/perruchenautomne.eu\/wordpress\/wp-json\/wp\/v2\/posts\/3669\/revisions\/3673"}],"wp:attachment":[{"href":"https:\/\/perruchenautomne.eu\/wordpress\/wp-json\/wp\/v2\/media?parent=3669"}],"wp:term":[{"taxonomy":"category","embeddable":true,"href":"https:\/\/perruchenautomne.eu\/wordpress\/wp-json\/wp\/v2\/categories?post=3669"},{"taxonomy":"post_tag","embeddable":true,"href":"https:\/\/perruchenautomne.eu\/wordpress\/wp-json\/wp\/v2\/tags?post=3669"}],"curies":[{"name":"wp","href":"https:\/\/api.w.org\/{rel}","templated":true}]}}