{"id":3674,"date":"2015-06-18T16:07:24","date_gmt":"2015-06-18T15:07:24","guid":{"rendered":"https:\/\/perruchenautomne.eu\/wordpress\/?p=3674"},"modified":"2015-06-18T16:07:24","modified_gmt":"2015-06-18T15:07:24","slug":"et-une-piqure-de-rappel-pour-lutter-contre-lutilisation-conjointe-des-ains-et-des-iecsartans","status":"publish","type":"post","link":"https:\/\/perruchenautomne.eu\/wordpress\/2015\/06\/18\/et-une-piqure-de-rappel-pour-lutter-contre-lutilisation-conjointe-des-ains-et-des-iecsartans\/","title":{"rendered":"Et une piqure de rappel pour lutter contre l&rsquo;utilisation conjointe des AINS et des IEC\/sartans"},"content":{"rendered":"<p>J&rsquo;aime bien me r\u00e9p\u00e9ter et j&rsquo;aime pas les AINS.<\/p>\n<p>Un joli cas clinique dans le Jama internal medicine sur la survenue d&rsquo;une insuffisance r\u00e9nale chez un patient prenant IEC et AINS, il illustre les risques de cette association sur quelques mois. La discussion est tr\u00e8s bien faite avec 5 r\u00e9f\u00e9rences convaincantes. J&rsquo;ajoute<a href=\"http:\/\/www.google.fr\/url?sa=t&amp;rct=j&amp;q=&amp;esrc=s&amp;source=web&amp;cd=2&amp;cad=rja&amp;uact=8&amp;ved=0CCkQFjAB&amp;url=http%3A%2F%2Fperruchenautomne.eu%2Fwordpress%2F%3Fp%3D3308&amp;ei=3d2CVa_xGsjv-AGlzKC4Cg&amp;usg=AFQjCNH831POwTvWdZDewZz34IAT82QqIg&amp;sig2=KFr1DOOFyGnxtVCFEagL9A&amp;bvm=bv.96041959,d.cWw\"> la note \u00e9crite sur ce blog<\/a>.<\/p>\n<p>En esp\u00e9rant que ces arguments toucheront les prescripteurs et les patients pour \u00e9viter cette dangereuse association.<\/p>\n<p>Si notre <a href=\"http:\/\/sommatinoroots.blogspot.fr\/\">nouveau chroniqueur blogueur<\/a> pouvait commencer avec pas d&rsquo;AINS quand on prend des IEC et le r\u00e9p\u00e9ter ad nauseum, je serai le plus heureux des n\u00e9phrologues. J&rsquo;esp\u00e8re que chacun ne va pas lui demander de parler de son grigri m\u00e9dical. J&rsquo;en profite pour le f\u00e9liciter de son <a href=\"https:\/\/twitter.com\/Matt_Calafiore\/status\/603931053259120640\">arriv\u00e9e \u00e0 la radio<\/a>.<\/p>\n<p><a href=\"https:\/\/perruchenautomne.eu\/wordpress\/wp-content\/uploads\/2015\/06\/01714638-201506000-00009.pdf\">Le papier est l\u00e0 01714638-201506000-00009<\/a><\/p>\n<p>Source\u00a0: <em><a href=\"http:\/\/archinte.jamanetwork.com\/article.aspx?articleID=2247165&amp;utm_source=Silverchair%20Information%20Systems&amp;utm_medium=email&amp;utm_campaign=ArchivesofInternalMedicine%3ANewIssue06%2F02%2F2015\">JAMA Network | JAMA Internal Medicine | Nonsteroidal Anti-inflammatory Drug Use in a Patient With Hypertension: \u00a0A Teachable Moment<\/a><\/em><\/p>\n","protected":false},"excerpt":{"rendered":"<p>J&rsquo;aime bien me r\u00e9p\u00e9ter et j&rsquo;aime pas les AINS. Un joli cas clinique dans le Jama internal medicine sur la survenue d&rsquo;une insuffisance r\u00e9nale chez un patient prenant IEC et AINS, il illustre les risques de cette association sur quelques &hellip; <a href=\"https:\/\/perruchenautomne.eu\/wordpress\/2015\/06\/18\/et-une-piqure-de-rappel-pour-lutter-contre-lutilisation-conjointe-des-ains-et-des-iecsartans\/\">Continuer la lecture <span class=\"meta-nav\">&rarr;<\/span><\/a><\/p>\n","protected":false},"author":1,"featured_media":0,"comment_status":"open","ping_status":"open","sticky":false,"template":"","format":"standard","meta":{"jetpack_post_was_ever_published":false,"_jetpack_newsletter_access":"","_jetpack_dont_email_post_to_subs":false,"_jetpack_newsletter_tier_id":0,"_jetpack_memberships_contains_paywalled_content":false,"_jetpack_memberships_contains_paid_content":false,"footnotes":"","jetpack_publicize_message":"","jetpack_publicize_feature_enabled":true,"jetpack_social_post_already_shared":true,"jetpack_social_options":{"image_generator_settings":{"template":"highway","default_image_id":0,"font":"","enabled":false},"version":2}},"categories":[1],"tags":[],"class_list":["post-3674","post","type-post","status-publish","format-standard","hentry","category-non-classe"],"jetpack_publicize_connections":[],"jetpack_featured_media_url":"","jetpack_shortlink":"https:\/\/wp.me\/p1l1zM-Xg","jetpack_sharing_enabled":true,"jetpack-related-posts":[],"_links":{"self":[{"href":"https:\/\/perruchenautomne.eu\/wordpress\/wp-json\/wp\/v2\/posts\/3674","targetHints":{"allow":["GET"]}}],"collection":[{"href":"https:\/\/perruchenautomne.eu\/wordpress\/wp-json\/wp\/v2\/posts"}],"about":[{"href":"https:\/\/perruchenautomne.eu\/wordpress\/wp-json\/wp\/v2\/types\/post"}],"author":[{"embeddable":true,"href":"https:\/\/perruchenautomne.eu\/wordpress\/wp-json\/wp\/v2\/users\/1"}],"replies":[{"embeddable":true,"href":"https:\/\/perruchenautomne.eu\/wordpress\/wp-json\/wp\/v2\/comments?post=3674"}],"version-history":[{"count":1,"href":"https:\/\/perruchenautomne.eu\/wordpress\/wp-json\/wp\/v2\/posts\/3674\/revisions"}],"predecessor-version":[{"id":3676,"href":"https:\/\/perruchenautomne.eu\/wordpress\/wp-json\/wp\/v2\/posts\/3674\/revisions\/3676"}],"wp:attachment":[{"href":"https:\/\/perruchenautomne.eu\/wordpress\/wp-json\/wp\/v2\/media?parent=3674"}],"wp:term":[{"taxonomy":"category","embeddable":true,"href":"https:\/\/perruchenautomne.eu\/wordpress\/wp-json\/wp\/v2\/categories?post=3674"},{"taxonomy":"post_tag","embeddable":true,"href":"https:\/\/perruchenautomne.eu\/wordpress\/wp-json\/wp\/v2\/tags?post=3674"}],"curies":[{"name":"wp","href":"https:\/\/api.w.org\/{rel}","templated":true}]}}