{"id":3714,"date":"2015-06-24T07:19:37","date_gmt":"2015-06-24T06:19:37","guid":{"rendered":"https:\/\/perruchenautomne.eu\/wordpress\/?p=3714"},"modified":"2015-06-24T07:19:37","modified_gmt":"2015-06-24T06:19:37","slug":"on-a-pas-dargent-mais-on-fait-des-conferences","status":"publish","type":"post","link":"https:\/\/perruchenautomne.eu\/wordpress\/2015\/06\/24\/on-a-pas-dargent-mais-on-fait-des-conferences\/","title":{"rendered":"On a pas d&rsquo;argent mais on fait des conf\u00e9rences"},"content":{"rendered":"<p>Lancement d&rsquo;un grand barnum m\u00e9diatico-sanitaire avec le comit\u00e9 de pilotage de la <a href=\"http:\/\/www.education.gouv.fr\/cid90640\/lancement-du-comite-de-pilotage-de-la-grande-conference-de-la-sante.html\">Grande (grande avec une majuscule, j&rsquo;aurai trouv\u00e9 grosse plus ambitieux) conf\u00e9rence de sant\u00e9<\/a>. Je n&rsquo;arrive pas \u00e0 comprendre \u00e0 quoi elle va servir, ni comment le processus se mettra en place. Il y aura des auditions, o\u00f9 seront entendus toujours\u00a0 les m\u00eames acteurs\/experts\/personnalit\u00e9s qualifi\u00e9es. Il y aura un rapport, qui finira comme tous les rapports sur une \u00e9tag\u00e8re du minist\u00e8re de l&rsquo;\u00e9ducation o\u00f9 il prendra gentiment la poussi\u00e8re. Il y aura une jolie Grande conf\u00e9rence en janvier,\u00a0 plein de mots seront dits, les id\u00e9es vol\u00e8teront dans la salle comme des papillons et comme eux leur esp\u00e9rance de vie sera br\u00e8ve. Des ministres viendront dire tout le bien qu&rsquo;ils pensent de ces travaux, si importants, pour le futur de la sant\u00e9, si importante, des fran\u00e7ais.<\/p>\n<p>Certains auront avanc\u00e9 leur pions carri\u00e9ristes, d&rsquo;autres auront eu leur b\u00e2ton de mar\u00e9chal.<\/p>\n<p>L&rsquo;ambition de cette Grande conf\u00e9rence de sant\u00e9 est vaste, revoir toute la formation et la carri\u00e8re des m\u00e9decins. Manifestement, les soignants fran\u00e7ais ne soignent plus correctement. Il faut revoir leur formation. Manifestement, les fran\u00e7ais veulent une nouvelle m\u00e9decine. Il faut inventer des nouveaux m\u00e9tiers. Manifestement, les carri\u00e8res ne sont pas satisfaisantes. Il faut&#8230; donner plus d&rsquo;argent et tout ira bien. Comme la ressource est limit\u00e9e, nous savons que le versant carri\u00e8re ne sera que des propositions creuses.<\/p>\n<p>Concernant la formation initiale, le syst\u00e8me actuel sera point\u00e9 du doigt. Pas assez ci, pas assez l\u00e0, trop de ci, trop de l\u00e0. Le syst\u00e8me n&rsquo;est probablement pas parfait, mais je crois qu&rsquo;il forme encore des m\u00e9decins comp\u00e9tents. J&rsquo;ai un conflit d&rsquo;int\u00e9r\u00eat, j&rsquo;y participe et j&rsquo;aime \u00e7a. J&rsquo;imagine que nous auront droit aux marronniers classiques. Le scandale du PACES, faisons disparaitre le numerus clausus et nous verrons disparaitre les d\u00e9sert m\u00e9dicaux et le g\u00e2chis insupportable de la premi\u00e8re ann\u00e9e. L&rsquo;hospitalocentrisme de la formation, vidons les h\u00f4pitaux des \u00e9tudiants et tout ira bien. MOOC et simulation formeront de fa\u00e7on moderne et efficiente des \u00e9tudiants qui ne veulent surtout plus sortir de chez eux et aller au monde. Le drame de la vie d&rsquo;internes, forme moderne de l&rsquo;esclavage, entre le petit pakistanais qui fait de briques \u00e0 6 ans et les ouvriers sur les chantiers du mondial Qatari, nous retrouvons les internes en m\u00e9decine. L\u00e0 aussi enlevons ces pauvres \u00e9tudiants aux fouets des m\u00e9chants hospitalo-universitaires, ces maitres de forges modernes, et tout sera r\u00e9gl\u00e9. Je fais confiance \u00e0 quelques membres du COPIL de la Big conference of Health, je ne comprends pas pourquoi le nom n&rsquo;est pas en anglais, tellement plus moderne, pour faire passer ces messages. Questions complexes et douloureuses, nous aurons des r\u00e9ponses simples et surtout indolores.<\/p>\n<p>Pour le reste, je ne sais pas. Il a d\u00e9j\u00e0 \u00e9t\u00e9 propos\u00e9 une r\u00e9flexion sur les nouveaux m\u00e9tiers de la sant\u00e9, sans que rien ne bouge beaucoup. Pour les parcours professionnels et les modes d&rsquo;exercices, je reconnais une totale incomp\u00e9tence.<\/p>\n<p>J&rsquo;aime la France, ces gr\u00e8ves, ces agences gouvernementales multiples et vari\u00e9es, ses Grandes conf\u00e9rences, ses gros rapports et son centralisme.<\/p>\n<blockquote><p>la formation initiale et continue des professionnels de sant\u00e9 ;les m\u00e9tiers et comp\u00e9tences ;et les parcours professionnels et les modes d\u2019exercice<\/p><\/blockquote>\n<p>Source\u00a0: <em><a href=\"http:\/\/www.education.gouv.fr\/cid90640\/lancement-du-comite-de-pilotage-de-la-grande-conference-de-la-sante.html\">Lancement du comit\u00e9 de pilotage de la Grande conf\u00e9rence de la sant\u00e9 &#8211; Minist\u00e8re de l&rsquo;\u00c9ducation nationale, de l&rsquo;Enseignement sup\u00e9rieur et de la Recherche<\/a><\/em><\/p>\n","protected":false},"excerpt":{"rendered":"<p>Lancement d&rsquo;un grand barnum m\u00e9diatico-sanitaire avec le comit\u00e9 de pilotage de la Grande (grande avec une majuscule, j&rsquo;aurai trouv\u00e9 grosse plus ambitieux) conf\u00e9rence de sant\u00e9. Je n&rsquo;arrive pas \u00e0 comprendre \u00e0 quoi elle va servir, ni comment le processus se &hellip; <a href=\"https:\/\/perruchenautomne.eu\/wordpress\/2015\/06\/24\/on-a-pas-dargent-mais-on-fait-des-conferences\/\">Continuer la lecture <span class=\"meta-nav\">&rarr;<\/span><\/a><\/p>\n","protected":false},"author":1,"featured_media":0,"comment_status":"open","ping_status":"open","sticky":false,"template":"","format":"standard","meta":{"jetpack_post_was_ever_published":false,"_jetpack_newsletter_access":"","_jetpack_dont_email_post_to_subs":false,"_jetpack_newsletter_tier_id":0,"_jetpack_memberships_contains_paywalled_content":false,"_jetpack_memberships_contains_paid_content":false,"footnotes":"","jetpack_publicize_message":"","jetpack_publicize_feature_enabled":true,"jetpack_social_post_already_shared":true,"jetpack_social_options":{"image_generator_settings":{"template":"highway","default_image_id":0,"font":"","enabled":false},"version":2}},"categories":[11],"tags":[1545],"class_list":["post-3714","post","type-post","status-publish","format-standard","hentry","category-medecine-humeur","tag-conference-de-sante"],"jetpack_publicize_connections":[],"jetpack_featured_media_url":"","jetpack_shortlink":"https:\/\/wp.me\/p1l1zM-XU","jetpack_sharing_enabled":true,"jetpack-related-posts":[],"_links":{"self":[{"href":"https:\/\/perruchenautomne.eu\/wordpress\/wp-json\/wp\/v2\/posts\/3714","targetHints":{"allow":["GET"]}}],"collection":[{"href":"https:\/\/perruchenautomne.eu\/wordpress\/wp-json\/wp\/v2\/posts"}],"about":[{"href":"https:\/\/perruchenautomne.eu\/wordpress\/wp-json\/wp\/v2\/types\/post"}],"author":[{"embeddable":true,"href":"https:\/\/perruchenautomne.eu\/wordpress\/wp-json\/wp\/v2\/users\/1"}],"replies":[{"embeddable":true,"href":"https:\/\/perruchenautomne.eu\/wordpress\/wp-json\/wp\/v2\/comments?post=3714"}],"version-history":[{"count":2,"href":"https:\/\/perruchenautomne.eu\/wordpress\/wp-json\/wp\/v2\/posts\/3714\/revisions"}],"predecessor-version":[{"id":3717,"href":"https:\/\/perruchenautomne.eu\/wordpress\/wp-json\/wp\/v2\/posts\/3714\/revisions\/3717"}],"wp:attachment":[{"href":"https:\/\/perruchenautomne.eu\/wordpress\/wp-json\/wp\/v2\/media?parent=3714"}],"wp:term":[{"taxonomy":"category","embeddable":true,"href":"https:\/\/perruchenautomne.eu\/wordpress\/wp-json\/wp\/v2\/categories?post=3714"},{"taxonomy":"post_tag","embeddable":true,"href":"https:\/\/perruchenautomne.eu\/wordpress\/wp-json\/wp\/v2\/tags?post=3714"}],"curies":[{"name":"wp","href":"https:\/\/api.w.org\/{rel}","templated":true}]}}