{"id":3718,"date":"2015-06-24T19:52:02","date_gmt":"2015-06-24T18:52:02","guid":{"rendered":"https:\/\/perruchenautomne.eu\/wordpress\/?p=3718"},"modified":"2015-06-24T19:52:02","modified_gmt":"2015-06-24T18:52:02","slug":"les-requins-de-studios-une-excellente-emission-de-la-fabrique-de-lhistoire","status":"publish","type":"post","link":"https:\/\/perruchenautomne.eu\/wordpress\/2015\/06\/24\/les-requins-de-studios-une-excellente-emission-de-la-fabrique-de-lhistoire\/","title":{"rendered":"Les requins de studios, une excellente \u00e9mission de la fabrique de l&rsquo;histoire"},"content":{"rendered":"<p>Une \u00e9mission formidable sur ces travailleurs de l&rsquo;ombre, vous les avez tous entendus sans toujours savoir qui ils \u00e9taient. Ce tr\u00e8s beau moment de radio, leur rend hommage avec talent et \u00e9rudition. Si vous aimez la vari\u00e9t\u00e9 des ann\u00e9es 60-70-80, vous allez vous r\u00e9galez, si vous n&rsquo;aimez pas, \u00e9coutez quand m\u00eame ces musiciens parler, de vrais professionnels.<\/p>\n<p>On vit une dr\u00f4le d&rsquo;\u00e9poque quand on en vient \u00e0 s\u2019extasier devant les orchestrations de certains morceaux de claude Fran\u00e7ois. Il faut bien le reconnaitre, ils faisaient vraiment le job.<\/p>\n<p>Merci \u00e0 <em>Philippe Gumplowicz et S\u00e9verine Cassar<\/em> pour ce tr\u00e8s bon moment.<\/p>\n<p>Pour mettre un visage sur les voix, voici un \u00e9chantillon de ce que fut la musique des ann\u00e9es 70, quand ces requins voulez prendre le devant de la sc\u00e8ne.<\/p>\n<p><iframe loading=\"lazy\" src=\"https:\/\/www.youtube.com\/embed\/DKJV4Xpio_M\" width=\"420\" height=\"315\" frameborder=\"0\" allowfullscreen=\"allowfullscreen\"><\/iframe><\/p>\n<p>&nbsp;<\/p>\n<p>Source\u00a0: <em><a href=\"http:\/\/www.franceculture.fr\/emission-la-fabrique-de-l-histoire-metier-de-musicien-24-2015-06-23#xtor=EPR-32280591\">M\u00e9tier de musicien 2\/4<\/a><\/em><\/p>\n","protected":false},"excerpt":{"rendered":"<p>Une \u00e9mission formidable sur ces travailleurs de l&rsquo;ombre, vous les avez tous entendus sans toujours savoir qui ils \u00e9taient. Ce tr\u00e8s beau moment de radio, leur rend hommage avec talent et \u00e9rudition. Si vous aimez la vari\u00e9t\u00e9 des ann\u00e9es 60-70-80, &hellip; <a href=\"https:\/\/perruchenautomne.eu\/wordpress\/2015\/06\/24\/les-requins-de-studios-une-excellente-emission-de-la-fabrique-de-lhistoire\/\">Continuer la lecture <span class=\"meta-nav\">&rarr;<\/span><\/a><\/p>\n","protected":false},"author":1,"featured_media":0,"comment_status":"open","ping_status":"open","sticky":false,"template":"","format":"standard","meta":{"jetpack_post_was_ever_published":false,"_jetpack_newsletter_access":"","_jetpack_dont_email_post_to_subs":false,"_jetpack_newsletter_tier_id":0,"_jetpack_memberships_contains_paywalled_content":false,"_jetpack_memberships_contains_paid_content":false,"footnotes":"","jetpack_publicize_message":"","jetpack_publicize_feature_enabled":true,"jetpack_social_post_already_shared":true,"jetpack_social_options":{"image_generator_settings":{"template":"highway","default_image_id":0,"font":"","enabled":false},"version":2}},"categories":[9],"tags":[1582,1546,1587],"class_list":["post-3718","post","type-post","status-publish","format-standard","hentry","category-musique","tag-musique","tag-requins","tag-voyage"],"jetpack_publicize_connections":[],"jetpack_featured_media_url":"","jetpack_shortlink":"https:\/\/wp.me\/p1l1zM-XY","jetpack_sharing_enabled":true,"jetpack-related-posts":[],"_links":{"self":[{"href":"https:\/\/perruchenautomne.eu\/wordpress\/wp-json\/wp\/v2\/posts\/3718","targetHints":{"allow":["GET"]}}],"collection":[{"href":"https:\/\/perruchenautomne.eu\/wordpress\/wp-json\/wp\/v2\/posts"}],"about":[{"href":"https:\/\/perruchenautomne.eu\/wordpress\/wp-json\/wp\/v2\/types\/post"}],"author":[{"embeddable":true,"href":"https:\/\/perruchenautomne.eu\/wordpress\/wp-json\/wp\/v2\/users\/1"}],"replies":[{"embeddable":true,"href":"https:\/\/perruchenautomne.eu\/wordpress\/wp-json\/wp\/v2\/comments?post=3718"}],"version-history":[{"count":3,"href":"https:\/\/perruchenautomne.eu\/wordpress\/wp-json\/wp\/v2\/posts\/3718\/revisions"}],"predecessor-version":[{"id":3721,"href":"https:\/\/perruchenautomne.eu\/wordpress\/wp-json\/wp\/v2\/posts\/3718\/revisions\/3721"}],"wp:attachment":[{"href":"https:\/\/perruchenautomne.eu\/wordpress\/wp-json\/wp\/v2\/media?parent=3718"}],"wp:term":[{"taxonomy":"category","embeddable":true,"href":"https:\/\/perruchenautomne.eu\/wordpress\/wp-json\/wp\/v2\/categories?post=3718"},{"taxonomy":"post_tag","embeddable":true,"href":"https:\/\/perruchenautomne.eu\/wordpress\/wp-json\/wp\/v2\/tags?post=3718"}],"curies":[{"name":"wp","href":"https:\/\/api.w.org\/{rel}","templated":true}]}}