{"id":3728,"date":"2015-06-26T16:54:07","date_gmt":"2015-06-26T15:54:07","guid":{"rendered":"https:\/\/perruchenautomne.eu\/wordpress\/?p=3728"},"modified":"2015-06-26T16:54:07","modified_gmt":"2015-06-26T15:54:07","slug":"laisse-nous-tranquille","status":"publish","type":"post","link":"https:\/\/perruchenautomne.eu\/wordpress\/2015\/06\/26\/laisse-nous-tranquille\/","title":{"rendered":"Laisse nous tranquille!"},"content":{"rendered":"<p>Une bonne nouvelle aujourd&rsquo;hui, <a href=\"http:\/\/www.infine-music.com\/news\/365\/bachar-mar-khalif-unveils-new-track\">en octobre<\/a>, sort le nouvel de Bachar Mar-Khalif\u00e9. Il y a un premier morceau superbe en \u00e9coute, sans connaitre les paroles ont frissonnent. En lisant leur sens, on frissonne une deuxi\u00e8me fois.<\/p>\n<blockquote><p>\u00ab\u00a0Oh seigneur, cela fait cent ann\u00e9es<br \/>\nde je\u00fbne et de pri\u00e8re<br \/>\n\u00e9pargne-moi<br \/>\nmon chant est pour toi<br \/>\nmon silence est pour toi<\/p>\n<p>j\u2019ai cru, j\u2019ai lutt\u00e9<br \/>\n\u00e9pargne-moi<br \/>\net accorde-moi une derni\u00e8re requ\u00eate<\/p>\n<p>\u00e9pargne-nous<br \/>\net laisse-nous tranquille\u00a0\u00bb<\/p><\/blockquote>\n<p>L&rsquo;actualit\u00e9 donne une r\u00e9sonance terrible \u00e0 la pri\u00e8re de Bachar. Je suis mille fois d&rsquo;accord avec lui: \u00ab\u00a0Dieu, laisse-nous tranquille, en paix\u00a0\u00bb.<\/p>\n<iframe loading=\"lazy\" width=\"100%\" height=\"450\" scrolling=\"no\" frameborder=\"no\" src=\"https:\/\/w.soundcloud.com\/player\/?url=https%3A%2F%2Fapi.soundcloud.com%2Ftracks%2F211434308&auto_play=false&hide_related=false&visual=true&show_comments=true&color=false&show_user=true&show_reposts=false\"><\/iframe>\n<p>Cette note est d\u00e9di\u00e9e \u00e0 christine AKA G\u00e9lule, en esp\u00e9rant qu&rsquo;elle adoucisse son angoisse l\u00e9gitime.<\/p>\n","protected":false},"excerpt":{"rendered":"<p>Une bonne nouvelle aujourd&rsquo;hui, en octobre, sort le nouvel de Bachar Mar-Khalif\u00e9. Il y a un premier morceau superbe en \u00e9coute, sans connaitre les paroles ont frissonnent. En lisant leur sens, on frissonne une deuxi\u00e8me fois. \u00ab\u00a0Oh seigneur, cela fait &hellip; <a href=\"https:\/\/perruchenautomne.eu\/wordpress\/2015\/06\/26\/laisse-nous-tranquille\/\">Continuer la lecture <span class=\"meta-nav\">&rarr;<\/span><\/a><\/p>\n","protected":false},"author":1,"featured_media":0,"comment_status":"open","ping_status":"open","sticky":false,"template":"","format":"standard","meta":{"jetpack_post_was_ever_published":false,"_jetpack_newsletter_access":"","_jetpack_dont_email_post_to_subs":false,"_jetpack_newsletter_tier_id":0,"_jetpack_memberships_contains_paywalled_content":false,"_jetpack_memberships_contains_paid_content":false,"footnotes":"","jetpack_publicize_message":"","jetpack_publicize_feature_enabled":true,"jetpack_social_post_already_shared":true,"jetpack_social_options":{"image_generator_settings":{"template":"highway","default_image_id":0,"font":"","enabled":false},"version":2}},"categories":[9],"tags":[],"class_list":["post-3728","post","type-post","status-publish","format-standard","hentry","category-musique"],"jetpack_publicize_connections":[],"jetpack_featured_media_url":"","jetpack_shortlink":"https:\/\/wp.me\/p1l1zM-Y8","jetpack_sharing_enabled":true,"jetpack-related-posts":[],"_links":{"self":[{"href":"https:\/\/perruchenautomne.eu\/wordpress\/wp-json\/wp\/v2\/posts\/3728","targetHints":{"allow":["GET"]}}],"collection":[{"href":"https:\/\/perruchenautomne.eu\/wordpress\/wp-json\/wp\/v2\/posts"}],"about":[{"href":"https:\/\/perruchenautomne.eu\/wordpress\/wp-json\/wp\/v2\/types\/post"}],"author":[{"embeddable":true,"href":"https:\/\/perruchenautomne.eu\/wordpress\/wp-json\/wp\/v2\/users\/1"}],"replies":[{"embeddable":true,"href":"https:\/\/perruchenautomne.eu\/wordpress\/wp-json\/wp\/v2\/comments?post=3728"}],"version-history":[{"count":2,"href":"https:\/\/perruchenautomne.eu\/wordpress\/wp-json\/wp\/v2\/posts\/3728\/revisions"}],"predecessor-version":[{"id":3730,"href":"https:\/\/perruchenautomne.eu\/wordpress\/wp-json\/wp\/v2\/posts\/3728\/revisions\/3730"}],"wp:attachment":[{"href":"https:\/\/perruchenautomne.eu\/wordpress\/wp-json\/wp\/v2\/media?parent=3728"}],"wp:term":[{"taxonomy":"category","embeddable":true,"href":"https:\/\/perruchenautomne.eu\/wordpress\/wp-json\/wp\/v2\/categories?post=3728"},{"taxonomy":"post_tag","embeddable":true,"href":"https:\/\/perruchenautomne.eu\/wordpress\/wp-json\/wp\/v2\/tags?post=3728"}],"curies":[{"name":"wp","href":"https:\/\/api.w.org\/{rel}","templated":true}]}}