{"id":3781,"date":"2015-07-15T17:54:58","date_gmt":"2015-07-15T16:54:58","guid":{"rendered":"https:\/\/perruchenautomne.eu\/wordpress\/?p=3781"},"modified":"2015-09-26T16:37:04","modified_gmt":"2015-09-26T15:37:04","slug":"ains-et-antidepresseurs-une-association-a-prendre-en-consideration-pour-le-cerveau-des-patients","status":"publish","type":"post","link":"https:\/\/perruchenautomne.eu\/wordpress\/2015\/07\/15\/ains-et-antidepresseurs-une-association-a-prendre-en-consideration-pour-le-cerveau-des-patients\/","title":{"rendered":"AINS et antid\u00e9presseurs une association \u00e0 prendre en consid\u00e9ration pour le cerveau des patients"},"content":{"rendered":"<p>Dans la longue s\u00e9rie des <a href=\"https:\/\/perruchenautomne.eu\/wordpress\/?p=3674\">associations m\u00e9dicamenteuses<\/a> \u00e0 risque, le duo AINS-antid\u00e9presseurs va se tailler une belle r\u00e9putation <a href=\"http:\/\/www.bmj.com\/content\/351\/bmj.h3517\">apr\u00e8s ce travail cor\u00e9en<\/a>. Apr\u00e8s l&rsquo;\u00e9tude de plus de 4 millions de patients, une analyse statistique complexe, le r\u00e9sultat est sans appel. Quand on prend des antid\u00e9presseurs mieux vaut \u00e9viter de prendre des anti-inflammatoires non st\u00e9ro\u00efdiens. Cette association s&rsquo;accompagne d&rsquo;une augmentation de 60% du risque de faire une h\u00e9morragie c\u00e9r\u00e9brale dans les 30 jours suivant la prise de l&rsquo;association. Certains vont dire encore une #statalacon, si vous regardez le tableau 2 vous verrez que ce n&rsquo;est pas si anecdotique car le fait de prendre un AINS en plus du traitement antid\u00e9presseur fait passer l&rsquo;incidence de 1,6\/1000 personnes ann\u00e9e \u00e0 5,7. Une augmentation qui me parait cliniquement signifiante.<\/p>\n<p>La prochaine fois que vous prescrirez ou d\u00e9livrerez (importance du pharmacien) un antid\u00e9presseur pensez \u00e0 d\u00e9conseiller l&rsquo;utilisation concomitante d&rsquo;un AINS. Je vous rappelle que cette formidable classe th\u00e9rapeutique est en vente libre.<\/p>\n","protected":false},"excerpt":{"rendered":"<p>Dans la longue s\u00e9rie des associations m\u00e9dicamenteuses \u00e0 risque, le duo AINS-antid\u00e9presseurs va se tailler une belle r\u00e9putation apr\u00e8s ce travail cor\u00e9en. Apr\u00e8s l&rsquo;\u00e9tude de plus de 4 millions de patients, une analyse statistique complexe, le r\u00e9sultat est sans appel. &hellip; <a href=\"https:\/\/perruchenautomne.eu\/wordpress\/2015\/07\/15\/ains-et-antidepresseurs-une-association-a-prendre-en-consideration-pour-le-cerveau-des-patients\/\">Continuer la lecture <span class=\"meta-nav\">&rarr;<\/span><\/a><\/p>\n","protected":false},"author":1,"featured_media":0,"comment_status":"open","ping_status":"open","sticky":false,"template":"","format":"standard","meta":{"jetpack_post_was_ever_published":false,"_jetpack_newsletter_access":"","_jetpack_dont_email_post_to_subs":false,"_jetpack_newsletter_tier_id":0,"_jetpack_memberships_contains_paywalled_content":false,"_jetpack_memberships_contains_paid_content":false,"footnotes":"","jetpack_publicize_message":"","jetpack_publicize_feature_enabled":true,"jetpack_social_post_already_shared":true,"jetpack_social_options":{"image_generator_settings":{"template":"highway","default_image_id":0,"font":"","enabled":false},"version":2}},"categories":[13],"tags":[131,1568,700,1570,1569],"class_list":["post-3781","post","type-post","status-publish","format-standard","hentry","category-medecine-2","tag-ains","tag-antidepresseur","tag-bmj","tag-coree","tag-hemorragie-cerebrale"],"jetpack_publicize_connections":[],"jetpack_featured_media_url":"","jetpack_shortlink":"https:\/\/wp.me\/p1l1zM-YZ","jetpack_sharing_enabled":true,"jetpack-related-posts":[],"_links":{"self":[{"href":"https:\/\/perruchenautomne.eu\/wordpress\/wp-json\/wp\/v2\/posts\/3781","targetHints":{"allow":["GET"]}}],"collection":[{"href":"https:\/\/perruchenautomne.eu\/wordpress\/wp-json\/wp\/v2\/posts"}],"about":[{"href":"https:\/\/perruchenautomne.eu\/wordpress\/wp-json\/wp\/v2\/types\/post"}],"author":[{"embeddable":true,"href":"https:\/\/perruchenautomne.eu\/wordpress\/wp-json\/wp\/v2\/users\/1"}],"replies":[{"embeddable":true,"href":"https:\/\/perruchenautomne.eu\/wordpress\/wp-json\/wp\/v2\/comments?post=3781"}],"version-history":[{"count":3,"href":"https:\/\/perruchenautomne.eu\/wordpress\/wp-json\/wp\/v2\/posts\/3781\/revisions"}],"predecessor-version":[{"id":4186,"href":"https:\/\/perruchenautomne.eu\/wordpress\/wp-json\/wp\/v2\/posts\/3781\/revisions\/4186"}],"wp:attachment":[{"href":"https:\/\/perruchenautomne.eu\/wordpress\/wp-json\/wp\/v2\/media?parent=3781"}],"wp:term":[{"taxonomy":"category","embeddable":true,"href":"https:\/\/perruchenautomne.eu\/wordpress\/wp-json\/wp\/v2\/categories?post=3781"},{"taxonomy":"post_tag","embeddable":true,"href":"https:\/\/perruchenautomne.eu\/wordpress\/wp-json\/wp\/v2\/tags?post=3781"}],"curies":[{"name":"wp","href":"https:\/\/api.w.org\/{rel}","templated":true}]}}