{"id":3796,"date":"2015-07-16T17:56:12","date_gmt":"2015-07-16T16:56:12","guid":{"rendered":"https:\/\/perruchenautomne.eu\/wordpress\/?p=3796"},"modified":"2015-07-16T17:56:12","modified_gmt":"2015-07-16T16:56:12","slug":"le-retour-des-reac-la-reduction-du-temps-de-travail-des-internes-nameliore-pas-le-pronostic-des-patients","status":"publish","type":"post","link":"https:\/\/perruchenautomne.eu\/wordpress\/2015\/07\/16\/le-retour-des-reac-la-reduction-du-temps-de-travail-des-internes-nameliore-pas-le-pronostic-des-patients\/","title":{"rendered":"Le retour des r\u00e9ac, la r\u00e9duction du temps de travail des internes n&rsquo;am\u00e9liore pas le pronostic des patients"},"content":{"rendered":"<p>Les journaux m\u00e9dicaux am\u00e9ricains sont probablement vendus aux <a href=\"https:\/\/perruchenautomne.eu\/wordpress\/?p=2792\">m\u00e9chants mandarins esclavagistes<\/a>.<\/p>\n<p>Un\u00a0<a href=\"http:\/\/www.journalacs.org\/article\/S1072-7515%2815%2900428-7\/abstract\">nouveau travail<\/a>\u00a0dans des services de chirurgie (vasculaire, urologie, gyn\u00e9co, neurochir et orthop\u00e9die) ne montre pas d&rsquo;am\u00e9lioration du pronostic des patients entre la p\u00e9riode pr\u00e9c\u00e9dent la r\u00e9forme du temps de travail des internes et celle la suivant. Cette \u00e9tude a \u00e9t\u00e9 conduite aux USA. Elle est bien faite avec de nombreux contr\u00f4les. Elle retrouve des r\u00e9sultats \u00e9quivalents \u00e0 <a href=\"http:\/\/jama.jamanetwork.com\/article.aspx?articleid=2020371\">deux \u00e9tudes<\/a>\u00a0du\u00a0<a href=\"http:\/\/jama.jamanetwork.com\/article.aspx?articleid=2020372\">JAMA<\/a>, qui m&rsquo;avaient, quand je les avait \u00e9voqu\u00e9es, d&rsquo;\u00eatre trait\u00e9 de dangereux r\u00e9actionnaires par le syndicat progressiste des internes. Ce travail ne fait que confirmer les r\u00e9sultats pr\u00e9c\u00e9dents, la litt\u00e9rature sur le sujet est bien reprise dans la discussion de l&rsquo;article.<\/p>\n<p>La s\u00e9curit\u00e9 des patients ne peut pas \u00eatre prise comme pr\u00e9texte pour la r\u00e9duction du temps de travail des internes. Leur bien \u00eatre personnel est une bonne raison, largement suffisante. Il est \u00e9vident que d&rsquo;un coup \u00e7a fait moins altruiste et plus corporatiste. Ce n&rsquo;est pas tr\u00e8s original et pas du tout condamnable. Se battre pour son bien \u00eatre est un vrai et beau combat, les mineurs, les ouvriers l&rsquo;ont conduit en leur temps, les cheminots r\u00e9guli\u00e8rement poursuivent la lutte.<\/p>\n<p>Je conseille la lecture rafraichissante, important le frais en ces temps de fortes chaleurs, des\u00a0<a href=\"http:\/\/docteurdu16.blogspot.fr\/2015\/06\/les-medecins-victimes-pourquoi-lufml.html\">derni\u00e8res notes<\/a> de Doc du 16, pour rester dans un sujet assez proche.<\/p>\n<p>\u00a0<\/p>\n","protected":false},"excerpt":{"rendered":"<p>Les journaux m\u00e9dicaux am\u00e9ricains sont probablement vendus aux m\u00e9chants mandarins esclavagistes. Un\u00a0nouveau travail\u00a0dans des services de chirurgie (vasculaire, urologie, gyn\u00e9co, neurochir et orthop\u00e9die) ne montre pas d&rsquo;am\u00e9lioration du pronostic des patients entre la p\u00e9riode pr\u00e9c\u00e9dent la r\u00e9forme du temps de &hellip; <a href=\"https:\/\/perruchenautomne.eu\/wordpress\/2015\/07\/16\/le-retour-des-reac-la-reduction-du-temps-de-travail-des-internes-nameliore-pas-le-pronostic-des-patients\/\">Continuer la lecture <span class=\"meta-nav\">&rarr;<\/span><\/a><\/p>\n","protected":false},"author":1,"featured_media":0,"comment_status":"open","ping_status":"open","sticky":false,"template":"","format":"standard","meta":{"jetpack_post_was_ever_published":false,"_jetpack_newsletter_access":"","_jetpack_dont_email_post_to_subs":false,"_jetpack_newsletter_tier_id":0,"_jetpack_memberships_contains_paywalled_content":false,"_jetpack_memberships_contains_paid_content":false,"footnotes":"","jetpack_publicize_message":"","jetpack_publicize_feature_enabled":true,"jetpack_social_post_already_shared":true,"jetpack_social_options":{"image_generator_settings":{"template":"highway","default_image_id":0,"font":"","enabled":false},"version":2}},"categories":[1],"tags":[],"class_list":["post-3796","post","type-post","status-publish","format-standard","hentry","category-non-classe"],"jetpack_publicize_connections":[],"jetpack_featured_media_url":"","jetpack_shortlink":"https:\/\/wp.me\/p1l1zM-Ze","jetpack_sharing_enabled":true,"jetpack-related-posts":[],"_links":{"self":[{"href":"https:\/\/perruchenautomne.eu\/wordpress\/wp-json\/wp\/v2\/posts\/3796","targetHints":{"allow":["GET"]}}],"collection":[{"href":"https:\/\/perruchenautomne.eu\/wordpress\/wp-json\/wp\/v2\/posts"}],"about":[{"href":"https:\/\/perruchenautomne.eu\/wordpress\/wp-json\/wp\/v2\/types\/post"}],"author":[{"embeddable":true,"href":"https:\/\/perruchenautomne.eu\/wordpress\/wp-json\/wp\/v2\/users\/1"}],"replies":[{"embeddable":true,"href":"https:\/\/perruchenautomne.eu\/wordpress\/wp-json\/wp\/v2\/comments?post=3796"}],"version-history":[{"count":1,"href":"https:\/\/perruchenautomne.eu\/wordpress\/wp-json\/wp\/v2\/posts\/3796\/revisions"}],"predecessor-version":[{"id":3797,"href":"https:\/\/perruchenautomne.eu\/wordpress\/wp-json\/wp\/v2\/posts\/3796\/revisions\/3797"}],"wp:attachment":[{"href":"https:\/\/perruchenautomne.eu\/wordpress\/wp-json\/wp\/v2\/media?parent=3796"}],"wp:term":[{"taxonomy":"category","embeddable":true,"href":"https:\/\/perruchenautomne.eu\/wordpress\/wp-json\/wp\/v2\/categories?post=3796"},{"taxonomy":"post_tag","embeddable":true,"href":"https:\/\/perruchenautomne.eu\/wordpress\/wp-json\/wp\/v2\/tags?post=3796"}],"curies":[{"name":"wp","href":"https:\/\/api.w.org\/{rel}","templated":true}]}}