{"id":3798,"date":"2015-07-19T14:52:27","date_gmt":"2015-07-19T13:52:27","guid":{"rendered":"https:\/\/perruchenautomne.eu\/wordpress\/?p=3798"},"modified":"2015-07-19T14:52:27","modified_gmt":"2015-07-19T13:52:27","slug":"calcul-de-tarfis-avec-la-poste","status":"publish","type":"post","link":"https:\/\/perruchenautomne.eu\/wordpress\/2015\/07\/19\/calcul-de-tarfis-avec-la-poste\/","title":{"rendered":"Calcul de Tarfis avec la Poste"},"content":{"rendered":"<p>Plus c&rsquo;est gros moins on le voit. Sur le site de la poste, le bloc de texte qui annonce <a href=\"http:\/\/www.laposte.fr\/particulier\/outils\/calculateur-de-tarif\">le calculateur de tarifs pour le courrier<\/a> n&rsquo;a pas \u00e9t\u00e9 relu. Un acte manqu\u00e9 traduisant \u00e0 quel point cette activit\u00e9 n&rsquo;est plus rentable? Je ne sais pas. Je trouve que le mot \u00ab\u00a0tarfi\u00a0\u00bb est plus joli que \u00ab\u00a0tarif\u00a0\u00bb.<\/p>\n<p><a href=\"https:\/\/perruchenautomne.eu\/wordpress\/wp-content\/uploads\/2015\/07\/Calcul-ton-tarfi-avec-la-poste.png\"><img loading=\"lazy\" decoding=\"async\" class=\"aligncenter size-full wp-image-3799\" src=\"https:\/\/perruchenautomne.eu\/wordpress\/wp-content\/uploads\/2015\/07\/Calcul-ton-tarfi-avec-la-poste.png\" alt=\"Calcul ton tarfi avec la poste\" width=\"1329\" height=\"835\" srcset=\"https:\/\/perruchenautomne.eu\/wordpress\/wp-content\/uploads\/2015\/07\/Calcul-ton-tarfi-avec-la-poste.png 1329w, https:\/\/perruchenautomne.eu\/wordpress\/wp-content\/uploads\/2015\/07\/Calcul-ton-tarfi-avec-la-poste-300x188.png 300w, https:\/\/perruchenautomne.eu\/wordpress\/wp-content\/uploads\/2015\/07\/Calcul-ton-tarfi-avec-la-poste-1024x643.png 1024w\" sizes=\"auto, (max-width: 1329px) 100vw, 1329px\" \/><\/a>La capture d&rsquo;\u00e9cran a \u00e9t\u00e9 r\u00e9alis\u00e9e le 19 juillet 2015 \u00e0 15h45.<\/p>\n<p>Sinon comme empereur de la faute d&rsquo;orthographe, j&rsquo;aime quand je suis capable d&rsquo;en voir une chez les autres, \u00e7a me rappelle une histoire de paille et de poutre dans l&rsquo;oeil.<\/p>\n","protected":false},"excerpt":{"rendered":"<p>Plus c&rsquo;est gros moins on le voit. Sur le site de la poste, le bloc de texte qui annonce le calculateur de tarifs pour le courrier n&rsquo;a pas \u00e9t\u00e9 relu. Un acte manqu\u00e9 traduisant \u00e0 quel point cette activit\u00e9 n&rsquo;est &hellip; <a href=\"https:\/\/perruchenautomne.eu\/wordpress\/2015\/07\/19\/calcul-de-tarfis-avec-la-poste\/\">Continuer la lecture <span class=\"meta-nav\">&rarr;<\/span><\/a><\/p>\n","protected":false},"author":1,"featured_media":0,"comment_status":"open","ping_status":"open","sticky":false,"template":"","format":"standard","meta":{"jetpack_post_was_ever_published":false,"_jetpack_newsletter_access":"","_jetpack_dont_email_post_to_subs":false,"_jetpack_newsletter_tier_id":0,"_jetpack_memberships_contains_paywalled_content":false,"_jetpack_memberships_contains_paid_content":false,"footnotes":"","jetpack_publicize_message":"","jetpack_publicize_feature_enabled":true,"jetpack_social_post_already_shared":true,"jetpack_social_options":{"image_generator_settings":{"template":"highway","default_image_id":0,"font":"","enabled":false},"version":2}},"categories":[95],"tags":[1571,1573,1572],"class_list":["post-3798","post","type-post","status-publish","format-standard","hentry","category-blog","tag-la-poste","tag-tarfis","tag-tarifs"],"jetpack_publicize_connections":[],"jetpack_featured_media_url":"","jetpack_shortlink":"https:\/\/wp.me\/p1l1zM-Zg","jetpack_sharing_enabled":true,"jetpack-related-posts":[],"_links":{"self":[{"href":"https:\/\/perruchenautomne.eu\/wordpress\/wp-json\/wp\/v2\/posts\/3798","targetHints":{"allow":["GET"]}}],"collection":[{"href":"https:\/\/perruchenautomne.eu\/wordpress\/wp-json\/wp\/v2\/posts"}],"about":[{"href":"https:\/\/perruchenautomne.eu\/wordpress\/wp-json\/wp\/v2\/types\/post"}],"author":[{"embeddable":true,"href":"https:\/\/perruchenautomne.eu\/wordpress\/wp-json\/wp\/v2\/users\/1"}],"replies":[{"embeddable":true,"href":"https:\/\/perruchenautomne.eu\/wordpress\/wp-json\/wp\/v2\/comments?post=3798"}],"version-history":[{"count":1,"href":"https:\/\/perruchenautomne.eu\/wordpress\/wp-json\/wp\/v2\/posts\/3798\/revisions"}],"predecessor-version":[{"id":3800,"href":"https:\/\/perruchenautomne.eu\/wordpress\/wp-json\/wp\/v2\/posts\/3798\/revisions\/3800"}],"wp:attachment":[{"href":"https:\/\/perruchenautomne.eu\/wordpress\/wp-json\/wp\/v2\/media?parent=3798"}],"wp:term":[{"taxonomy":"category","embeddable":true,"href":"https:\/\/perruchenautomne.eu\/wordpress\/wp-json\/wp\/v2\/categories?post=3798"},{"taxonomy":"post_tag","embeddable":true,"href":"https:\/\/perruchenautomne.eu\/wordpress\/wp-json\/wp\/v2\/tags?post=3798"}],"curies":[{"name":"wp","href":"https:\/\/api.w.org\/{rel}","templated":true}]}}