{"id":3802,"date":"2015-07-31T15:06:28","date_gmt":"2015-07-31T14:06:28","guid":{"rendered":"https:\/\/perruchenautomne.eu\/wordpress\/?p=3802"},"modified":"2015-07-31T15:06:28","modified_gmt":"2015-07-31T14:06:28","slug":"la-warfarine-apres-un-avc-associe-a-une-fa-cest-une-bonne-idee","status":"publish","type":"post","link":"https:\/\/perruchenautomne.eu\/wordpress\/2015\/07\/31\/la-warfarine-apres-un-avc-associe-a-une-fa-cest-une-bonne-idee\/","title":{"rendered":"La warfarine apr\u00e8s un AVC associ\u00e9 \u00e0 une FA, c&rsquo;est une bonne id\u00e9e"},"content":{"rendered":"<p><a href=\"https:\/\/perruchenautomne.eu\/wordpress\/wp-content\/uploads\/2015\/07\/wpid-wp-1438351485422.jpeg\"><img decoding=\"async\" title=\"wp-1438351485422\" class=\"alignnone size-full\"  alt=\"image\" src=\"https:\/\/perruchenautomne.eu\/wordpress\/wp-content\/uploads\/2015\/07\/wpid-wp-1438351485422.jpeg\" \/><\/a><\/p>\n<p>L&rsquo;utilisation de la warfarine dans ce contexte r\u00e9duit la survenue d&rsquo;\u00e9v\u00e9nements cardiovasculaires majeurs, mais aussi le risque mourir. Anticoaguler les patients ayant pr\u00e9sent\u00e9 un AVC et une FA est une bonne pratique clinique dans la vraie vie et pas uniquement dans le monde merveilleux des essais cliniques. Merci au <a href=\"http:\/\/www.bmj.com\/content\/351\/bmj.h3786\">BMJ<\/a> pour cet excellent papier.<\/p>\n<p><a href=\"http:\/\/static.www.bmj.com\/content\/bmj\/351\/bmj.h3786\/F2.large.jpg?width=800&#038;height=600\">http:\/\/static.www.bmj.com\/content\/bmj\/351\/bmj.h3786\/F2.large.jpg?width=800&#038;height=600<\/a><\/p>\n","protected":false},"excerpt":{"rendered":"<p>L&rsquo;utilisation de la warfarine dans ce contexte r\u00e9duit la survenue d&rsquo;\u00e9v\u00e9nements cardiovasculaires majeurs, mais aussi le risque mourir. Anticoaguler les patients ayant pr\u00e9sent\u00e9 un AVC et une FA est une bonne pratique clinique dans la vraie vie et pas uniquement &hellip; <a href=\"https:\/\/perruchenautomne.eu\/wordpress\/2015\/07\/31\/la-warfarine-apres-un-avc-associe-a-une-fa-cest-une-bonne-idee\/\">Continuer la lecture <span class=\"meta-nav\">&rarr;<\/span><\/a><\/p>\n","protected":false},"author":1,"featured_media":0,"comment_status":"open","ping_status":"open","sticky":false,"template":"","format":"standard","meta":{"jetpack_post_was_ever_published":false,"_jetpack_newsletter_access":"","_jetpack_dont_email_post_to_subs":false,"_jetpack_newsletter_tier_id":0,"_jetpack_memberships_contains_paywalled_content":false,"_jetpack_memberships_contains_paid_content":false,"footnotes":"","jetpack_publicize_message":"","jetpack_publicize_feature_enabled":true,"jetpack_social_post_already_shared":true,"jetpack_social_options":{"image_generator_settings":{"template":"highway","default_image_id":0,"font":"","enabled":false},"version":2}},"categories":[1],"tags":[],"class_list":["post-3802","post","type-post","status-publish","format-standard","hentry","category-non-classe"],"jetpack_publicize_connections":[],"jetpack_featured_media_url":"","jetpack_shortlink":"https:\/\/wp.me\/p1l1zM-Zk","jetpack_sharing_enabled":true,"jetpack-related-posts":[],"_links":{"self":[{"href":"https:\/\/perruchenautomne.eu\/wordpress\/wp-json\/wp\/v2\/posts\/3802","targetHints":{"allow":["GET"]}}],"collection":[{"href":"https:\/\/perruchenautomne.eu\/wordpress\/wp-json\/wp\/v2\/posts"}],"about":[{"href":"https:\/\/perruchenautomne.eu\/wordpress\/wp-json\/wp\/v2\/types\/post"}],"author":[{"embeddable":true,"href":"https:\/\/perruchenautomne.eu\/wordpress\/wp-json\/wp\/v2\/users\/1"}],"replies":[{"embeddable":true,"href":"https:\/\/perruchenautomne.eu\/wordpress\/wp-json\/wp\/v2\/comments?post=3802"}],"version-history":[{"count":1,"href":"https:\/\/perruchenautomne.eu\/wordpress\/wp-json\/wp\/v2\/posts\/3802\/revisions"}],"predecessor-version":[{"id":3803,"href":"https:\/\/perruchenautomne.eu\/wordpress\/wp-json\/wp\/v2\/posts\/3802\/revisions\/3803"}],"wp:attachment":[{"href":"https:\/\/perruchenautomne.eu\/wordpress\/wp-json\/wp\/v2\/media?parent=3802"}],"wp:term":[{"taxonomy":"category","embeddable":true,"href":"https:\/\/perruchenautomne.eu\/wordpress\/wp-json\/wp\/v2\/categories?post=3802"},{"taxonomy":"post_tag","embeddable":true,"href":"https:\/\/perruchenautomne.eu\/wordpress\/wp-json\/wp\/v2\/tags?post=3802"}],"curies":[{"name":"wp","href":"https:\/\/api.w.org\/{rel}","templated":true}]}}