{"id":4080,"date":"2015-09-03T06:10:53","date_gmt":"2015-09-03T05:10:53","guid":{"rendered":"https:\/\/perruchenautomne.eu\/wordpress\/?p=4080"},"modified":"2015-09-01T21:11:25","modified_gmt":"2015-09-01T20:11:25","slug":"contre-les-idees-recues-concernant-les-frais-dinscription-dans-lenseignement-superieur","status":"publish","type":"post","link":"https:\/\/perruchenautomne.eu\/wordpress\/2015\/09\/03\/contre-les-idees-recues-concernant-les-frais-dinscription-dans-lenseignement-superieur\/","title":{"rendered":"Contre les id\u00e9es re\u00e7ues concernant les frais d&rsquo;inscription dans l&rsquo;enseignement sup\u00e9rieur"},"content":{"rendered":"<p>C&rsquo;est la rentr\u00e9e et parmi les marronniers classiques nous n&rsquo;\u00e9chapperons pas \u00e0 la discussion sur les frais d&rsquo;inscriptions avec les tenants du on change rien, ceux du faut les augmenter et ceux qui ne pensent rien. Remarquez, il semble qu&rsquo;actuellement l&rsquo;agitation porte plut\u00f4t sur l&rsquo;acc\u00e8s au master. Je reconnais que j&rsquo;ai tendance \u00e0 trouver les frais d&rsquo;inscriptions incroyablement bas quand je compare au monde anglo-saxon. Je faisais parti de ceux qui pensaient que faire un peu plus payer responsabiliserez les \u00e9tudiants. Et puis j&rsquo;ai lu \u00e7a <em><a href=\"http:\/\/www.laviedesidees.fr\/Doit-on-faire-les-frais-des-droits-d-inscription.html\">Doit-on faire les frais des droits d\u2019inscription ? &#8211; La Vie des id\u00e9es. <\/a><\/em><\/p>\n<p>Je conseille fortement sa lecture. \u00c7a dynamite notre pr\u00eat \u00e0 penser. \u00c7a conforte l&rsquo;id\u00e9e que notre syst\u00e8me n&rsquo;est pas raisonnable avec son ni-ni qui ne fait qu&rsquo;engendrer de la reproduction sociale. Le d\u00e9bat est plus complexe qu&rsquo;il n&rsquo;y parait et la comparaison entre les trois mondes est tr\u00e8s int\u00e9ressante pour alimenter la discussion. Il s&rsquo;agit d&rsquo;un tr\u00e8s bon texte pour aller plus loin que \u00ab\u00a0suffit de faire payer pour motiver\u00a0\u00bb. Le monde scandinave est s\u00e9duisant mais il faut tenir compte du contexte sociologique et culturel de ces \u00e9tats. Je ne suis pas sur que les \u00e9tats-unis et le Danemark soit deux pays totalement comparables. L&rsquo;exportation d&rsquo;un mod\u00e8le ne signifiera pas la r\u00e9ussite comme par miracle. En tout cas, on doit pouvoir faire mieux, en prenant des d\u00e9cisions.<\/p>\n","protected":false},"excerpt":{"rendered":"<p>C&rsquo;est la rentr\u00e9e et parmi les marronniers classiques nous n&rsquo;\u00e9chapperons pas \u00e0 la discussion sur les frais d&rsquo;inscriptions avec les tenants du on change rien, ceux du faut les augmenter et ceux qui ne pensent rien. Remarquez, il semble qu&rsquo;actuellement &hellip; <a href=\"https:\/\/perruchenautomne.eu\/wordpress\/2015\/09\/03\/contre-les-idees-recues-concernant-les-frais-dinscription-dans-lenseignement-superieur\/\">Continuer la lecture <span class=\"meta-nav\">&rarr;<\/span><\/a><\/p>\n","protected":false},"author":1,"featured_media":0,"comment_status":"open","ping_status":"open","sticky":false,"template":"","format":"standard","meta":{"jetpack_post_was_ever_published":false,"_jetpack_newsletter_access":"","_jetpack_dont_email_post_to_subs":false,"_jetpack_newsletter_tier_id":0,"_jetpack_memberships_contains_paywalled_content":false,"_jetpack_memberships_contains_paid_content":false,"footnotes":"","jetpack_publicize_message":"","jetpack_publicize_feature_enabled":true,"jetpack_social_post_already_shared":true,"jetpack_social_options":{"image_generator_settings":{"template":"highway","default_image_id":0,"font":"","enabled":false},"version":2}},"categories":[1],"tags":[1626,1496,1627],"class_list":["post-4080","post","type-post","status-publish","format-standard","hentry","category-non-classe","tag-frais-dinscriptions","tag-la-vie-des-idees","tag-rentree"],"jetpack_publicize_connections":[],"jetpack_featured_media_url":"","jetpack_shortlink":"https:\/\/wp.me\/p1l1zM-13O","jetpack_sharing_enabled":true,"jetpack-related-posts":[],"_links":{"self":[{"href":"https:\/\/perruchenautomne.eu\/wordpress\/wp-json\/wp\/v2\/posts\/4080","targetHints":{"allow":["GET"]}}],"collection":[{"href":"https:\/\/perruchenautomne.eu\/wordpress\/wp-json\/wp\/v2\/posts"}],"about":[{"href":"https:\/\/perruchenautomne.eu\/wordpress\/wp-json\/wp\/v2\/types\/post"}],"author":[{"embeddable":true,"href":"https:\/\/perruchenautomne.eu\/wordpress\/wp-json\/wp\/v2\/users\/1"}],"replies":[{"embeddable":true,"href":"https:\/\/perruchenautomne.eu\/wordpress\/wp-json\/wp\/v2\/comments?post=4080"}],"version-history":[{"count":2,"href":"https:\/\/perruchenautomne.eu\/wordpress\/wp-json\/wp\/v2\/posts\/4080\/revisions"}],"predecessor-version":[{"id":4086,"href":"https:\/\/perruchenautomne.eu\/wordpress\/wp-json\/wp\/v2\/posts\/4080\/revisions\/4086"}],"wp:attachment":[{"href":"https:\/\/perruchenautomne.eu\/wordpress\/wp-json\/wp\/v2\/media?parent=4080"}],"wp:term":[{"taxonomy":"category","embeddable":true,"href":"https:\/\/perruchenautomne.eu\/wordpress\/wp-json\/wp\/v2\/categories?post=4080"},{"taxonomy":"post_tag","embeddable":true,"href":"https:\/\/perruchenautomne.eu\/wordpress\/wp-json\/wp\/v2\/tags?post=4080"}],"curies":[{"name":"wp","href":"https:\/\/api.w.org\/{rel}","templated":true}]}}