{"id":4184,"date":"2015-09-24T09:53:39","date_gmt":"2015-09-24T08:53:39","guid":{"rendered":"https:\/\/perruchenautomne.eu\/wordpress\/?p=4184"},"modified":"2015-09-24T09:53:39","modified_gmt":"2015-09-24T08:53:39","slug":"une-ecoute-utile-pour-les-soignants","status":"publish","type":"post","link":"https:\/\/perruchenautomne.eu\/wordpress\/2015\/09\/24\/une-ecoute-utile-pour-les-soignants\/","title":{"rendered":"Une \u00e9coute utile pour les soignants"},"content":{"rendered":"<p>La psychanalyse a mauvaise presse depuis de nombreuses ann\u00e9es, en fait depuis le d\u00e9but. Freud est un des penseurs les plus importants du XX\u00e9 si\u00e8cle n&rsquo;en d\u00e9plaisent \u00e0 certains. Ses d\u00e9couvertes sont essentielles. En ces moments, o\u00f9 nous sont promis des merveilles des big datas, la psychanalyse a une actualit\u00e9 plus qu\u2019aigu\u00eb pour remettre le sujet au centre.<\/p>\n<p>Les <a href=\"http:\/\/www.franceculture.fr\/emission-les-nouveaux-chemins-de-la-connaissance-les-maux-de-la-psychanalyse-34-qu-est-ce-qu-un-bon-\">nouveaux chemins de la connaissance<\/a> d&rsquo;hier sont une tr\u00e8s belle illustration de l&rsquo;importance du message analytique pour les soignants. L&rsquo;\u00e9mission parle de l&#8217;empathie et de la complexit\u00e9 de la relation soignant-soign\u00e9. J&rsquo;ai le sentiment que la discussion peut s&rsquo;appliquer \u00e0 toute la m\u00e9decine. Trouver la bonne distance, s&rsquo;adapter \u00e0 l&rsquo;autre, conserver un cadre pour bien soigner, ne pas c\u00e9der sur certains points essentiels. Si Ad\u00e8le Van Reth voulait faire un proc\u00e8s de la soi disant froideur de l&rsquo;analyste, les invit\u00e9s ont intelligemment montr\u00e9 et d\u00e9mont\u00e9 ces fantasmes.<\/p>\n<p>Nous devons apprendre de l&rsquo;approche analytique car elle place le patient et sa subjectivit\u00e9 au centre de la pratique, mais en conservant un cadre qui assure de ne pas faire n&rsquo;importe quoi. Je trouve que c&rsquo;est int\u00e9ressant car plus complexe que les raccourcis si facilement mis en avant.<\/p>\n<p>La relation soign\u00e9-soignant est multidimensionnelle. Chacun a une part de la v\u00e9rit\u00e9, il faut juste arriver \u00e0 faire qu&rsquo;elles se rencontrent pour trouver l&rsquo;approche th\u00e9rapeutique la plus adapt\u00e9e \u00e0 la situation. Ceci n\u00e9cessite de l&#8217;empathie, de l&#8217;empathie du soignant bien sur mais aussi une forme d&#8217;empathie du soign\u00e9 qui autorise un vrai dialogue pour transformer ce qui peut \u00eatre vu comme un combat entre m\u00e9decin et patient en une alliance th\u00e9rapeutique.<\/p>\n<p>La vraie empathie n&rsquo;est pas juste de compatir de fa\u00e7on absolue ou de ne chercher qu&rsquo;\u00e0 comprendre l&rsquo;autre. Il s&rsquo;agit d&rsquo;une combinaison, d&rsquo;une tension, d&rsquo;un \u00e9quilibre. L&#8217;empathie se travaille en t\u00e2tonnant, en testant, en se trompant. Il faut juste avoir un peu de r\u00e9flexivit\u00e9 sur ce qu&rsquo;on fait, donner du temps \u00e0 la r\u00e9flexion. Depuis longtemps, je suis convaincu que la m\u00e9decine est une science, avec le temps, je d\u00e9couvre que sa pratique est du bricolage ou de l&rsquo;artisanat, certainement pas de l&rsquo;art. L&rsquo;int\u00e9r\u00eat de ce m\u00e9tier est l\u00e0, tension, \u00e9quilibre entre la science et le bricolage en collaboration avec le premier concern\u00e9, la personne malade.<\/p>\n<p class=\"title\">Je vous sugg\u00e8re d&rsquo;\u00e9couter attentivement <a href=\"http:\/\/www.franceculture.fr\/emission-les-nouveaux-chemins-de-la-connaissance-les-maux-de-la-psychanalyse-34-qu-est-ce-qu-un-bon-\">cette tr\u00e8s int\u00e9ressante \u00e9mission<\/a>. Pour poursuivre dans le d\u00e9centrement, <a href=\"http:\/\/www.franceculture.fr\/emission-la-fabrique-de-l-histoire-entretien-avec-yuval-noah-harari-europe-terre-d-asile-14-2015-09-\">\u00e9coutez l&rsquo;entretien avec Yuval Noah Harari<\/a> d&#8217;emmanuel Laurentin, \u00e7a vaut le d\u00e9tour.<\/p>\n","protected":false},"excerpt":{"rendered":"<p>La psychanalyse a mauvaise presse depuis de nombreuses ann\u00e9es, en fait depuis le d\u00e9but. Freud est un des penseurs les plus importants du XX\u00e9 si\u00e8cle n&rsquo;en d\u00e9plaisent \u00e0 certains. Ses d\u00e9couvertes sont essentielles. En ces moments, o\u00f9 nous sont promis &hellip; <a href=\"https:\/\/perruchenautomne.eu\/wordpress\/2015\/09\/24\/une-ecoute-utile-pour-les-soignants\/\">Continuer la lecture <span class=\"meta-nav\">&rarr;<\/span><\/a><\/p>\n","protected":false},"author":1,"featured_media":0,"comment_status":"open","ping_status":"open","sticky":false,"template":"","format":"standard","meta":{"jetpack_post_was_ever_published":false,"_jetpack_newsletter_access":"","_jetpack_dont_email_post_to_subs":false,"_jetpack_newsletter_tier_id":0,"_jetpack_memberships_contains_paywalled_content":false,"_jetpack_memberships_contains_paid_content":false,"footnotes":"","jetpack_publicize_message":"","jetpack_publicize_feature_enabled":true,"jetpack_social_post_already_shared":true,"jetpack_social_options":{"image_generator_settings":{"template":"highway","default_image_id":0,"font":"","enabled":false},"version":2}},"categories":[13],"tags":[1655,1657,112,7,1307,1656,1658],"class_list":["post-4184","post","type-post","status-publish","format-standard","hentry","category-medecine-2","tag-empathie","tag-fabrique","tag-france-culture","tag-histoire","tag-nouveaux-chemins","tag-psychanalyse","tag-sapiens"],"jetpack_publicize_connections":[],"jetpack_featured_media_url":"","jetpack_shortlink":"https:\/\/wp.me\/p1l1zM-15u","jetpack_sharing_enabled":true,"jetpack-related-posts":[],"_links":{"self":[{"href":"https:\/\/perruchenautomne.eu\/wordpress\/wp-json\/wp\/v2\/posts\/4184","targetHints":{"allow":["GET"]}}],"collection":[{"href":"https:\/\/perruchenautomne.eu\/wordpress\/wp-json\/wp\/v2\/posts"}],"about":[{"href":"https:\/\/perruchenautomne.eu\/wordpress\/wp-json\/wp\/v2\/types\/post"}],"author":[{"embeddable":true,"href":"https:\/\/perruchenautomne.eu\/wordpress\/wp-json\/wp\/v2\/users\/1"}],"replies":[{"embeddable":true,"href":"https:\/\/perruchenautomne.eu\/wordpress\/wp-json\/wp\/v2\/comments?post=4184"}],"version-history":[{"count":1,"href":"https:\/\/perruchenautomne.eu\/wordpress\/wp-json\/wp\/v2\/posts\/4184\/revisions"}],"predecessor-version":[{"id":4185,"href":"https:\/\/perruchenautomne.eu\/wordpress\/wp-json\/wp\/v2\/posts\/4184\/revisions\/4185"}],"wp:attachment":[{"href":"https:\/\/perruchenautomne.eu\/wordpress\/wp-json\/wp\/v2\/media?parent=4184"}],"wp:term":[{"taxonomy":"category","embeddable":true,"href":"https:\/\/perruchenautomne.eu\/wordpress\/wp-json\/wp\/v2\/categories?post=4184"},{"taxonomy":"post_tag","embeddable":true,"href":"https:\/\/perruchenautomne.eu\/wordpress\/wp-json\/wp\/v2\/tags?post=4184"}],"curies":[{"name":"wp","href":"https:\/\/api.w.org\/{rel}","templated":true}]}}