{"id":426,"date":"2011-06-26T21:20:39","date_gmt":"2011-06-26T20:20:39","guid":{"rendered":"https:\/\/perruchenautomne.eu\/wordpress\/?p=426"},"modified":"2011-06-26T21:20:39","modified_gmt":"2011-06-26T20:20:39","slug":"nuages-pousses-par-le-vent-et-les-ans","status":"publish","type":"post","link":"https:\/\/perruchenautomne.eu\/wordpress\/2011\/06\/26\/nuages-pousses-par-le-vent-et-les-ans\/","title":{"rendered":"Nuages pouss\u00e9s par le vent et les ans"},"content":{"rendered":"<p><a href=\"https:\/\/perruchenautomne.eu\/wordpress\/wp-content\/uploads\/2011\/06\/nuages-plage-2005.jpg\"><img loading=\"lazy\" decoding=\"async\" class=\"alignnone size-full wp-image-427\" title=\"nuages plage 2005\" src=\"https:\/\/perruchenautomne.eu\/wordpress\/wp-content\/uploads\/2011\/06\/nuages-plage-2005.jpg\" alt=\"\" width=\"600\" height=\"399\" srcset=\"https:\/\/perruchenautomne.eu\/wordpress\/wp-content\/uploads\/2011\/06\/nuages-plage-2005.jpg 600w, https:\/\/perruchenautomne.eu\/wordpress\/wp-content\/uploads\/2011\/06\/nuages-plage-2005-300x199.jpg 300w\" sizes=\"auto, (max-width: 600px) 100vw, 600px\" \/><\/a><\/p>\n<p>Que sont les ann\u00e9es devenues<br \/>\nLe temps passe<br \/>\nLes jours<br \/>\nles semaines<br \/>\nles mois<br \/>\nles ann\u00e9es<br \/>\ntout disparait<br \/>\ndans le n\u00e9ant<br \/>\nEt rien n&rsquo;est stable<br \/>\ntout est en mouvement<br \/>\ncomme les nuages<br \/>\nla vie est un ciel avec des nuages<br \/>\navant la tomb\u00e9e de la nuit<\/p>\n<p style=\"text-align: center;\">R\u00eave d&rsquo;automne, Jon Fosse<\/p>\n<p>&nbsp;<\/p>\n","protected":false},"excerpt":{"rendered":"<p>Que sont les ann\u00e9es devenues Le temps passe Les jours les semaines les mois les ann\u00e9es tout disparait dans le n\u00e9ant Et rien n&rsquo;est stable tout est en mouvement comme les nuages la vie est un ciel avec des nuages &hellip; <a href=\"https:\/\/perruchenautomne.eu\/wordpress\/2011\/06\/26\/nuages-pousses-par-le-vent-et-les-ans\/\">Continuer la lecture <span class=\"meta-nav\">&rarr;<\/span><\/a><\/p>\n","protected":false},"author":1,"featured_media":0,"comment_status":"open","ping_status":"open","sticky":false,"template":"","format":"standard","meta":{"jetpack_post_was_ever_published":false,"_jetpack_newsletter_access":"","_jetpack_dont_email_post_to_subs":false,"_jetpack_newsletter_tier_id":0,"_jetpack_memberships_contains_paywalled_content":false,"_jetpack_memberships_contains_paid_content":false,"footnotes":"","jetpack_publicize_message":"","jetpack_publicize_feature_enabled":true,"jetpack_social_post_already_shared":false,"jetpack_social_options":{"image_generator_settings":{"template":"highway","default_image_id":0,"font":"","enabled":false},"version":2}},"categories":[34],"tags":[200,86,201],"class_list":["post-426","post","type-post","status-publish","format-standard","hentry","category-litterature","tag-jon-fosse","tag-nuages","tag-reve-dautomne"],"jetpack_publicize_connections":[],"jetpack_featured_media_url":"","jetpack_shortlink":"https:\/\/wp.me\/p1l1zM-6S","jetpack_sharing_enabled":true,"jetpack-related-posts":[],"_links":{"self":[{"href":"https:\/\/perruchenautomne.eu\/wordpress\/wp-json\/wp\/v2\/posts\/426","targetHints":{"allow":["GET"]}}],"collection":[{"href":"https:\/\/perruchenautomne.eu\/wordpress\/wp-json\/wp\/v2\/posts"}],"about":[{"href":"https:\/\/perruchenautomne.eu\/wordpress\/wp-json\/wp\/v2\/types\/post"}],"author":[{"embeddable":true,"href":"https:\/\/perruchenautomne.eu\/wordpress\/wp-json\/wp\/v2\/users\/1"}],"replies":[{"embeddable":true,"href":"https:\/\/perruchenautomne.eu\/wordpress\/wp-json\/wp\/v2\/comments?post=426"}],"version-history":[{"count":1,"href":"https:\/\/perruchenautomne.eu\/wordpress\/wp-json\/wp\/v2\/posts\/426\/revisions"}],"predecessor-version":[{"id":428,"href":"https:\/\/perruchenautomne.eu\/wordpress\/wp-json\/wp\/v2\/posts\/426\/revisions\/428"}],"wp:attachment":[{"href":"https:\/\/perruchenautomne.eu\/wordpress\/wp-json\/wp\/v2\/media?parent=426"}],"wp:term":[{"taxonomy":"category","embeddable":true,"href":"https:\/\/perruchenautomne.eu\/wordpress\/wp-json\/wp\/v2\/categories?post=426"},{"taxonomy":"post_tag","embeddable":true,"href":"https:\/\/perruchenautomne.eu\/wordpress\/wp-json\/wp\/v2\/tags?post=426"}],"curies":[{"name":"wp","href":"https:\/\/api.w.org\/{rel}","templated":true}]}}