{"id":4372,"date":"2015-11-21T10:35:38","date_gmt":"2015-11-21T09:35:38","guid":{"rendered":"https:\/\/perruchenautomne.eu\/wordpress\/?p=4372"},"modified":"2015-11-21T10:35:38","modified_gmt":"2015-11-21T09:35:38","slug":"mauvaise-foi","status":"publish","type":"post","link":"https:\/\/perruchenautomne.eu\/wordpress\/2015\/11\/21\/mauvaise-foi\/","title":{"rendered":"Mauvaise foi"},"content":{"rendered":"<p>Ce matin, j&rsquo;ai d\u00e9couvert dans cet <a href=\"http:\/\/www.newyorker.com\/news\/john-cassidy\/donald-trump-and-americas-muslims\">article du New Yorker<\/a> l&rsquo;utilisation que sont en train de faire les candidats \u00e0 l&rsquo;investiture r\u00e9publicaine des \u00e9v\u00e9nements du 13 novembre 2015. Si les propos de Donald sont inqui\u00e9tants, je trouve les propos de <a href=\"https:\/\/en.wikipedia.org\/wiki\/Chris_Christie\">Chris Christie<\/a> autrement fascinant.<\/p>\n<blockquote><p>\u201cI don\u2019t think orphans under five are being, you know, should be admitted into the United States at this point,\u201d<\/p>\n<p>Je ne pense pas que les USA doivent accepter l&rsquo;arriv\u00e9e d&rsquo;orphelins syriens de moins de cinq ans.<\/p><\/blockquote>\n<p>L&rsquo;ensemble des candidats conservateurs portent leur foi religieuse (chr\u00e9tienne) en bandouli\u00e8re, \u00e9tendard de leur moralit\u00e9. Si la majorit\u00e9 sont protestants, Christie est <a href=\"http:\/\/www.nj.com\/politics\/index.ssf\/2015\/08\/chris_christies_religion_7_facts_about_his_catholi.html\">catholique<\/a>.\u00a0 Manifestement, il a rat\u00e9 la lecture de l&rsquo;\u00e9vangile selon <a href=\"http:\/\/www.aelf.org\/bible-liturgie\/Mt\/Evangile-de-Jeesus-Christ-selon-saint-Matthieu\/chapitre\/18\">Matthieu<\/a>:<\/p>\n<blockquote><p><span class=\"content_verset\"> \u00ab\u00a0Et celui qui accueille un enfant comme celui-ci en mon nom, il m\u2019accueille, moi.\u00a0\u00bb<\/span><\/p><\/blockquote>\n<p>Comme je ne suis qu&rsquo;un m\u00e9cr\u00e9ant, j&rsquo;ai imm\u00e9diatement fait le lien entre ces positions peu accueillantes et une <a href=\"http:\/\/www.cell.com\/current-biology\/abstract\/S0960-9822%2815%2901167-7\">\u00e9tude r\u00e9cente<\/a> montrant un lien n\u00e9gatif entre la religiosit\u00e9 familiale et l&rsquo;altruisme des enfants. Ce remarquable travail portant sur 1170 enfants dans plusieurs pays montrent que les enfants issus de milieu religieux sont moins altruistes et ont une tendance \u00e0 punir plus durement les autres. Les auteurs remettent ainsi en cause l&rsquo;aspect prosocial de la religion. L&rsquo;int\u00e9r\u00eat de l&rsquo;\u00e9tude est de montrer un \u00e9cart entre la vision qu&rsquo;ont les parents de leurs enfants (plus empathique, plus sensible \u00e0 l&rsquo;injustice) et la pratique de ces derniers.<\/p>\n<p>La position de Christie illustre remarquablement ce foss\u00e9 entre foi et pratique. En France nous avons un peu la m\u00eame chose. J&rsquo;ai du mal \u00e0 comprendre comment il est possible d&rsquo;\u00eatre chr\u00e9tien et de voter pour l\u2019extr\u00eame droite tant les messages sont contradictoires. Je connais mal le cr\u00e9do, je le reconnais bien volontiers. Il me semblait que le message christique est un message d&rsquo;amour et non de rejet.<\/p>\n<p>La <a href=\"http:\/\/www.cell.com\/current-biology\/abstract\/S0960-9822%2815%2901167-7\">psychologie<\/a> saisit bien cette dissonance cognitive, que j\u2019appellerai moins pompeusement mauvaise foi. La science nous apporte toujours des \u00e9clairages int\u00e9ressants.<\/p>\n<p>Cette semaine, j&rsquo;ai \u00e9cout\u00e9, pour ne pas \u00eatre que sur l&rsquo;aspect n\u00e9gatif de l&rsquo;homme, les <a href=\"http:\/\/www.franceculture.fr\/emission-les-nouveaux-chemins-de-la-connaissance-don-quichotte-13-sancho-sera-t-il-gouverneur-2015-1\">nouveaux chemins de la connaissance sur Don Quichotte<\/a>. Les trois \u00e9missions sont passionnantes. Elles donnent envie de <a href=\"https:\/\/perruchenautomne.eu\/wordpress\/?p=4166\">relire ce roman monde<\/a>. J&rsquo;aime bien la vision de Brel sur l&rsquo;exp\u00e9rience quichottesque. Cette chanson me fait toujours frissonner.<\/p>\n<p><iframe loading=\"lazy\" src=\"https:\/\/www.youtube.com\/embed\/LeJj2YgqvoU\" width=\"420\" height=\"315\" frameborder=\"0\" allowfullscreen=\"allowfullscreen\"><\/iframe><\/p>\n<p>Pour r\u00e9fl\u00e9chir \u00e0 notre situation, je vous conseille d&rsquo;\u00e9couter la semaine de <a href=\"http:\/\/www.franceculture.fr\/emission-la-fabrique-de-l-histoire-histoire-de-l-espace-public-13-histoire-de-l-etat-d-urgence-et-l-\">la fabrique de l&rsquo;histoire<\/a>. Elle aborde tous les aspects de ce que nous vivons. Elle nous permet de prendre du recul. La <a href=\"http:\/\/www.franceculture.fr\/emission-la-fabrique-de-l-histoire-histoire-de-l-espace-public-23-ce-que-le-terrrorisme-fait-a-l-esp\">deuxi\u00e8me \u00e9mission<\/a> est remarquable. Elle montre que nous ne vivons pas un moment exceptionnel. Nous vivons le quotidien de millions de personnes, en Alg\u00e9rie, au Liban et en Syrie. Il faut \u00e9couter la voix de <a href=\"http:\/\/www.franceculture.fr\/personne-malika-rahal\">Malika Rahal<\/a> et de <a href=\"http:\/\/www.franceculture.fr\/personne-jihane-sfeir.html\">Jihane Sfeir<\/a>. Je r\u00eave que ces dramatiques moments parisiens\u00a0 fassent comprendre ce qu&rsquo;ont v\u00e9cu\/vivent alg\u00e9riens, libanais, syriens. De cette compr\u00e9hension doit naitre la tol\u00e9rance, on appelle \u00e7a l&#8217;empathie. La <a href=\"http:\/\/www.franceculture.fr\/emission-la-fabrique-de-l-histoire-22e-rencontres-d-averroes-des-frontieres-heritees-au-retour-du-ca\">quatri\u00e8me \u00e9mission<\/a> \u00e9claire la complexit\u00e9 du monde musulman du pourtour m\u00e9diterran\u00e9en. Elle est tr\u00e8s utile. En point d&rsquo;orgue, Marc Ferro, l&rsquo;entretien a \u00e9t\u00e9 enregistr\u00e9 avant les attentats, c&rsquo;est impressionnant. Si certains pensent que les SHS ne sont pas des sciences, <a href=\"http:\/\/www.franceculture.fr\/emission-la-fabrique-de-l-histoire-histoireactualites-du-vendredi-201115-entretien-avec-marc-ferro-2\">\u00e9coutez \u00e7a<\/a>.<\/p>\n<p>Un peu d&rsquo;intelligence ne peut pas nuire \u00e0 la compr\u00e9hension de ce que nous vivons.<\/p>\n","protected":false},"excerpt":{"rendered":"<p>Ce matin, j&rsquo;ai d\u00e9couvert dans cet article du New Yorker l&rsquo;utilisation que sont en train de faire les candidats \u00e0 l&rsquo;investiture r\u00e9publicaine des \u00e9v\u00e9nements du 13 novembre 2015. Si les propos de Donald sont inqui\u00e9tants, je trouve les propos de &hellip; <a href=\"https:\/\/perruchenautomne.eu\/wordpress\/2015\/11\/21\/mauvaise-foi\/\">Continuer la lecture <span class=\"meta-nav\">&rarr;<\/span><\/a><\/p>\n","protected":false},"author":1,"featured_media":0,"comment_status":"open","ping_status":"open","sticky":false,"template":"","format":"standard","meta":{"jetpack_post_was_ever_published":false,"_jetpack_newsletter_access":"","_jetpack_dont_email_post_to_subs":false,"_jetpack_newsletter_tier_id":0,"_jetpack_memberships_contains_paywalled_content":false,"_jetpack_memberships_contains_paid_content":false,"footnotes":"","jetpack_publicize_message":"","jetpack_publicize_feature_enabled":true,"jetpack_social_post_already_shared":true,"jetpack_social_options":{"image_generator_settings":{"template":"highway","default_image_id":0,"font":"","enabled":false},"version":2}},"categories":[1607,61],"tags":[1705,1702,1704,1703,1667,1655,404,1701,1700],"class_list":["post-4372","post","type-post","status-publish","format-standard","hentry","category-actualite","category-science","tag-13-novembre","tag-altruisme","tag-attentats","tag-brel","tag-don-quichotte","tag-empathie","tag-fabrique-de-lhistoire","tag-religion","tag-republicains"],"jetpack_publicize_connections":[],"jetpack_featured_media_url":"","jetpack_shortlink":"https:\/\/wp.me\/p1l1zM-18w","jetpack_sharing_enabled":true,"jetpack-related-posts":[],"_links":{"self":[{"href":"https:\/\/perruchenautomne.eu\/wordpress\/wp-json\/wp\/v2\/posts\/4372","targetHints":{"allow":["GET"]}}],"collection":[{"href":"https:\/\/perruchenautomne.eu\/wordpress\/wp-json\/wp\/v2\/posts"}],"about":[{"href":"https:\/\/perruchenautomne.eu\/wordpress\/wp-json\/wp\/v2\/types\/post"}],"author":[{"embeddable":true,"href":"https:\/\/perruchenautomne.eu\/wordpress\/wp-json\/wp\/v2\/users\/1"}],"replies":[{"embeddable":true,"href":"https:\/\/perruchenautomne.eu\/wordpress\/wp-json\/wp\/v2\/comments?post=4372"}],"version-history":[{"count":3,"href":"https:\/\/perruchenautomne.eu\/wordpress\/wp-json\/wp\/v2\/posts\/4372\/revisions"}],"predecessor-version":[{"id":4375,"href":"https:\/\/perruchenautomne.eu\/wordpress\/wp-json\/wp\/v2\/posts\/4372\/revisions\/4375"}],"wp:attachment":[{"href":"https:\/\/perruchenautomne.eu\/wordpress\/wp-json\/wp\/v2\/media?parent=4372"}],"wp:term":[{"taxonomy":"category","embeddable":true,"href":"https:\/\/perruchenautomne.eu\/wordpress\/wp-json\/wp\/v2\/categories?post=4372"},{"taxonomy":"post_tag","embeddable":true,"href":"https:\/\/perruchenautomne.eu\/wordpress\/wp-json\/wp\/v2\/tags?post=4372"}],"curies":[{"name":"wp","href":"https:\/\/api.w.org\/{rel}","templated":true}]}}