{"id":4443,"date":"2015-12-15T10:13:58","date_gmt":"2015-12-15T09:13:58","guid":{"rendered":"https:\/\/perruchenautomne.eu\/wordpress\/?p=4443"},"modified":"2015-12-15T10:13:58","modified_gmt":"2015-12-15T09:13:58","slug":"la-politique-a-la-sauce-xmasbmj","status":"publish","type":"post","link":"https:\/\/perruchenautomne.eu\/wordpress\/2015\/12\/15\/la-politique-a-la-sauce-xmasbmj\/","title":{"rendered":"La politique \u00e0 la sauce #XmasBMJ"},"content":{"rendered":"<div class=\"fig-inline-img-wrapper\">\n<p class=\"fig-inline-img\">Le num\u00e9ro de no\u00ebl du BMJ est toujours un moment tr\u00e8s attendu. Celui de cette ann\u00e9e s&rsquo;annonce comme un grand moment. Nous sortons d&rsquo;\u00e9lections un peu compliqu\u00e9 pour certains. Deux articles du BMJ permettent de comprendre pourquoi faire de la politique pourrait \u00eatre bon pour la sant\u00e9.<\/p>\n<p class=\"fig-inline-img\"><a href=\"http:\/\/www.bmj.com\/content\/351\/bmj.h6563\">\u00catre un\u00a0 parlementaire<\/a> britannique est associ\u00e9 \u00e0 une meilleure survie par rapport \u00e0 la population g\u00e9n\u00e9rale britannique. Voici une bonne raison de vouloir devenir d\u00e9put\u00e9.<\/p>\n<div class=\"fig-inline-img\"><\/div>\n<div class=\"fig-inline-img\">\n<p><a class=\"colorbox fragment-images colorbox-load init-colorbox-processed cboxElement\" title=\"Fig 1\u00a0 Standardised mortality ratios for MPs and Lords compared with UK general population, by period of first election\" href=\"http:\/\/static.www.bmj.com\/content\/bmj\/351\/bmj.h6563\/F1.large.jpg?width=800&amp;height=600\" rel=\"gallery-fragment-images\" data-figure-caption=\"&amp;lt;div class=&amp;quot;fig-caption&amp;quot; xmlns:xhtml=&amp;quot;http:\/\/www.w3.org\/1999\/xhtml&amp;quot;&amp;gt;&amp;lt;p id=&amp;quot;p-29&amp;quot; class=&amp;quot;first-child&amp;quot;&amp;gt;&amp;lt;strong&amp;gt;Fig 1&amp;lt;\/strong&amp;gt;\u00a0 Standardised mortality ratios for MPs and Lords compared with UK general population, by period of first election&amp;lt;\/p&amp;gt;&amp;lt;div class=&amp;quot;sb-div caption-clear&amp;quot;&amp;gt;&amp;lt;\/div&amp;gt;&amp;lt;\/div&amp;gt;\"><img loading=\"lazy\" decoding=\"async\" class=\"fragment-image\" title=\"\" src=\"http:\/\/static.www.bmj.com\/content\/bmj\/351\/bmj.h6563\/F1.medium.gif\" alt=\"Figure1\" width=\"374\" height=\"270\" data-original-title=\"\" \/><\/a><\/p>\n<div class=\"tooltip fade top in\">\n<div class=\"tooltip-arrow\"><\/div>\n<p class=\"tooltip-inner\">Apr\u00e8s cette lecture j&rsquo;imagine l&rsquo;angoisse de ceux qui n&rsquo;ont pas \u00e9t\u00e9 \u00e9lu. Heureusement l&rsquo;antidote \u00e0 cette peur est dans <a href=\"http:\/\/www.bmj.com\/content\/351\/bmj.h6424\">l&rsquo;article suivant<\/a>. Les auteurs ont analys\u00e9 la survie des politiques \u00e9lus ou non chefs de gouvernement. La figure parle d&rsquo;elle m\u00eame, pour vivre plus vieux, il fallait \u00e9viter de devenir chef de gouvernement sur la p\u00e9riode 1722-2015.<\/p>\n<\/div>\n<\/div>\n<\/div>\n<p><a href=\"http:\/\/www.bmj.com\/content\/351\/bmj.h6424\"><img loading=\"lazy\" decoding=\"async\" class=\"alignnone \" src=\"https:\/\/perruchenautomne.eu\/wordpress\/wp-content\/uploads\/2015\/12\/F1.large_.jpg\" alt=\"\" width=\"450\" height=\"360\" \/><\/a><\/p>\n<p>Ces deux articles sont des plaidoyer pour la pratique de politique. Ne pas \u00eatre \u00e9lu serait en prime bon pour la sant\u00e9. J&rsquo;attends avec impatience l&rsquo;\u00e9tude qui montrera qu&rsquo;\u00eatre juste candidat non \u00e9lu \u00e0 la d\u00e9putation ou \u00e0 la r\u00e9gion est bon pour la sant\u00e9.<\/p>\n<p>Un<a href=\"http:\/\/www.bmj.com\/content\/351\/bmj.h6141\"> troisi\u00e8me article<\/a> donne une explication sur pourquoi les dignitaires du r\u00e9gime <del>sovi\u00e9tique<\/del>, pardon russe, ne bouge pas le bras droit en public. L&rsquo;hypoth\u00e8se des auteurs tient \u00e0 l&rsquo;origine professionnel de ces braves gens, le KGB ou l&rsquo;arm\u00e9e. Ce d\u00e9faut de mouvement du bras droit serait ainsi non pas du \u00e0 une maladie neurologique mais simplement \u00e0 l&rsquo;entrainement au tir. Vous ne regarderez plus les hommes politiques de la m\u00eame fa\u00e7on apr\u00e8s la lecture de ce papier qui va gagner un <a href=\"http:\/\/www.improbable.com\/ig\/\">Ig Nobel<\/a>.<\/p>\n","protected":false},"excerpt":{"rendered":"<p>Le num\u00e9ro de no\u00ebl du BMJ est toujours un moment tr\u00e8s attendu. Celui de cette ann\u00e9e s&rsquo;annonce comme un grand moment. Nous sortons d&rsquo;\u00e9lections un peu compliqu\u00e9 pour certains. Deux articles du BMJ permettent de comprendre pourquoi faire de la &hellip; <a href=\"https:\/\/perruchenautomne.eu\/wordpress\/2015\/12\/15\/la-politique-a-la-sauce-xmasbmj\/\">Continuer la lecture <span class=\"meta-nav\">&rarr;<\/span><\/a><\/p>\n","protected":false},"author":1,"featured_media":0,"comment_status":"open","ping_status":"open","sticky":false,"template":"","format":"standard","meta":{"jetpack_post_was_ever_published":false,"_jetpack_newsletter_access":"","_jetpack_dont_email_post_to_subs":false,"_jetpack_newsletter_tier_id":0,"_jetpack_memberships_contains_paywalled_content":false,"_jetpack_memberships_contains_paid_content":false,"footnotes":"","jetpack_publicize_message":"","jetpack_publicize_feature_enabled":true,"jetpack_social_post_already_shared":true,"jetpack_social_options":{"image_generator_settings":{"template":"highway","default_image_id":0,"font":"","enabled":false},"version":2}},"categories":[13],"tags":[1718,5,168,375,1313],"class_list":["post-4443","post","type-post","status-publish","format-standard","hentry","category-medecine-2","tag-kgb","tag-medecine","tag-neurologie","tag-politique","tag-sante"],"jetpack_publicize_connections":[],"jetpack_featured_media_url":"","jetpack_shortlink":"https:\/\/wp.me\/p1l1zM-19F","jetpack_sharing_enabled":true,"jetpack-related-posts":[],"_links":{"self":[{"href":"https:\/\/perruchenautomne.eu\/wordpress\/wp-json\/wp\/v2\/posts\/4443","targetHints":{"allow":["GET"]}}],"collection":[{"href":"https:\/\/perruchenautomne.eu\/wordpress\/wp-json\/wp\/v2\/posts"}],"about":[{"href":"https:\/\/perruchenautomne.eu\/wordpress\/wp-json\/wp\/v2\/types\/post"}],"author":[{"embeddable":true,"href":"https:\/\/perruchenautomne.eu\/wordpress\/wp-json\/wp\/v2\/users\/1"}],"replies":[{"embeddable":true,"href":"https:\/\/perruchenautomne.eu\/wordpress\/wp-json\/wp\/v2\/comments?post=4443"}],"version-history":[{"count":3,"href":"https:\/\/perruchenautomne.eu\/wordpress\/wp-json\/wp\/v2\/posts\/4443\/revisions"}],"predecessor-version":[{"id":4447,"href":"https:\/\/perruchenautomne.eu\/wordpress\/wp-json\/wp\/v2\/posts\/4443\/revisions\/4447"}],"wp:attachment":[{"href":"https:\/\/perruchenautomne.eu\/wordpress\/wp-json\/wp\/v2\/media?parent=4443"}],"wp:term":[{"taxonomy":"category","embeddable":true,"href":"https:\/\/perruchenautomne.eu\/wordpress\/wp-json\/wp\/v2\/categories?post=4443"},{"taxonomy":"post_tag","embeddable":true,"href":"https:\/\/perruchenautomne.eu\/wordpress\/wp-json\/wp\/v2\/tags?post=4443"}],"curies":[{"name":"wp","href":"https:\/\/api.w.org\/{rel}","templated":true}]}}