{"id":4455,"date":"2015-12-22T18:40:13","date_gmt":"2015-12-22T17:40:13","guid":{"rendered":"https:\/\/perruchenautomne.eu\/wordpress\/?p=4455"},"modified":"2015-12-22T18:40:13","modified_gmt":"2015-12-22T17:40:13","slug":"barbeles-de-noel","status":"publish","type":"post","link":"https:\/\/perruchenautomne.eu\/wordpress\/2015\/12\/22\/barbeles-de-noel\/","title":{"rendered":"Barbel\u00e9s de No\u00ebl"},"content":{"rendered":"<blockquote><p><a href=\"http:\/\/thecreatorsproject.vice.com\/blog\/2nd-day-of-gifmas-a-very-snarky-christmas\"><img decoding=\"async\" class=\"alignnone size-full\" src=\"https:\/\/perruchenautomne.eu\/wordpress\/wp-content\/uploads\/2015\/12\/1450733728Small_Barbed_holidays_alcrego.gif\" alt=\"\" \/><\/a><\/p><\/blockquote>\n<p>Un GIF totalement dans l&rsquo;actualit\u00e9 de notre monde qui aime tant les fronti\u00e8res de pr\u00e9f\u00e9rence euph\u00e9mis\u00e9es.<\/p>\n<p>En \u00e9cho, un petit conseil d&rsquo;\u00e9coute, des extraits du <a href=\"http:\/\/www.franceculture.fr\/emission-fictions-le-feuilleton-le-monde-d-hier-journal-d-un-europeen-de-stefan-zweig-110-2015-10-19\">\u00ab\u00a0Monde d&rsquo;hier, souvenirs d&rsquo;un europ\u00e9en\u00a0\u00bb<\/a> de Stefan Zweig. Si vous pensez que son texte n&rsquo;est pas d&rsquo;actualit\u00e9 commencez par \u00e9couter le <a href=\"http:\/\/www.franceculture.fr\/emission-fictions-le-feuilleton-le-monde-d-hier-journal-d-un-europeen-de-stefan-zweig-510-2015-10-23\">cinqui\u00e8me \u00e9pisode<\/a> o\u00f9 il parle Paris. Vous serez boulevers\u00e9.<\/p>\n<p>Si apr\u00e8s vous n&rsquo;\u00eates pas convaincu de la grandeur culturelle de la Mitlle Europa, \u00e9coutez les quatre tr\u00e8s bonnes \u00e9missions <a href=\"http:\/\/www.franceculture.fr\/emission-les-nouveaux-chemins-de-la-connaissance-kafka-14-le-chateau-2015-12-14\">des nouveaux chemins de la connaissance<\/a> sur Franz Kafka. Elles sont toutes tr\u00e8s int\u00e9ressantes bien que trop courtes.<\/p>\n<p>Il n&rsquo;est pas \u00e9tonnant que ce fut un viennois qui nous fit prendre conscience de notre inconscient. Un jour, arriverons nous \u00e0 cesser de reprocher \u00e0 Freud d&rsquo;avoir fait tomber certains des barbel\u00e9s de notre fonctionnement psychique?<\/p>\n<p>Source\u00a0: <em><a href=\"http:\/\/thecreatorsproject.vice.com\/blog\/2nd-day-of-gifmas-a-very-snarky-christmas\">[2nd Day of GIFmas] A Very Snarky Christmas | The Creators Project<\/a><\/em><\/p>\n","protected":false},"excerpt":{"rendered":"<p>Un GIF totalement dans l&rsquo;actualit\u00e9 de notre monde qui aime tant les fronti\u00e8res de pr\u00e9f\u00e9rence euph\u00e9mis\u00e9es. En \u00e9cho, un petit conseil d&rsquo;\u00e9coute, des extraits du \u00ab\u00a0Monde d&rsquo;hier, souvenirs d&rsquo;un europ\u00e9en\u00a0\u00bb de Stefan Zweig. Si vous pensez que son texte n&rsquo;est &hellip; <a href=\"https:\/\/perruchenautomne.eu\/wordpress\/2015\/12\/22\/barbeles-de-noel\/\">Continuer la lecture <span class=\"meta-nav\">&rarr;<\/span><\/a><\/p>\n","protected":false},"author":1,"featured_media":0,"comment_status":"open","ping_status":"open","sticky":false,"template":"","format":"standard","meta":{"jetpack_post_was_ever_published":false,"_jetpack_newsletter_access":"","_jetpack_dont_email_post_to_subs":false,"_jetpack_newsletter_tier_id":0,"_jetpack_memberships_contains_paywalled_content":false,"_jetpack_memberships_contains_paid_content":false,"footnotes":"","jetpack_publicize_message":"","jetpack_publicize_feature_enabled":true,"jetpack_social_post_already_shared":true,"jetpack_social_options":{"image_generator_settings":{"template":"highway","default_image_id":0,"font":"","enabled":false},"version":2}},"categories":[1],"tags":[],"class_list":["post-4455","post","type-post","status-publish","format-standard","hentry","category-non-classe"],"jetpack_publicize_connections":[],"jetpack_featured_media_url":"","jetpack_shortlink":"https:\/\/wp.me\/p1l1zM-19R","jetpack_sharing_enabled":true,"jetpack-related-posts":[],"_links":{"self":[{"href":"https:\/\/perruchenautomne.eu\/wordpress\/wp-json\/wp\/v2\/posts\/4455","targetHints":{"allow":["GET"]}}],"collection":[{"href":"https:\/\/perruchenautomne.eu\/wordpress\/wp-json\/wp\/v2\/posts"}],"about":[{"href":"https:\/\/perruchenautomne.eu\/wordpress\/wp-json\/wp\/v2\/types\/post"}],"author":[{"embeddable":true,"href":"https:\/\/perruchenautomne.eu\/wordpress\/wp-json\/wp\/v2\/users\/1"}],"replies":[{"embeddable":true,"href":"https:\/\/perruchenautomne.eu\/wordpress\/wp-json\/wp\/v2\/comments?post=4455"}],"version-history":[{"count":1,"href":"https:\/\/perruchenautomne.eu\/wordpress\/wp-json\/wp\/v2\/posts\/4455\/revisions"}],"predecessor-version":[{"id":4457,"href":"https:\/\/perruchenautomne.eu\/wordpress\/wp-json\/wp\/v2\/posts\/4455\/revisions\/4457"}],"wp:attachment":[{"href":"https:\/\/perruchenautomne.eu\/wordpress\/wp-json\/wp\/v2\/media?parent=4455"}],"wp:term":[{"taxonomy":"category","embeddable":true,"href":"https:\/\/perruchenautomne.eu\/wordpress\/wp-json\/wp\/v2\/categories?post=4455"},{"taxonomy":"post_tag","embeddable":true,"href":"https:\/\/perruchenautomne.eu\/wordpress\/wp-json\/wp\/v2\/tags?post=4455"}],"curies":[{"name":"wp","href":"https:\/\/api.w.org\/{rel}","templated":true}]}}