{"id":4539,"date":"2016-01-11T18:35:44","date_gmt":"2016-01-11T17:35:44","guid":{"rendered":"https:\/\/perruchenautomne.eu\/wordpress\/?p=4539"},"modified":"2016-01-11T18:50:44","modified_gmt":"2016-01-11T17:50:44","slug":"une-explication","status":"publish","type":"post","link":"https:\/\/perruchenautomne.eu\/wordpress\/2016\/01\/11\/une-explication\/","title":{"rendered":"Une explication"},"content":{"rendered":"<p>Je n&rsquo;\u00e9coute pas vraiment les actualit\u00e9s, sauf le matin et la revue de presse de Nicolas Martin sur France culture en podcast. J&rsquo;ai \u00e9t\u00e9 surpris d&rsquo;entendre<a href=\"http:\/\/www.franceculture.fr\/emission-la-revue-de-presse-de-nicolas-martin-expliquer-c-est-excuser-2016-01-11\"> sa chronique ce matin<\/a> commen\u00e7ant avec une phrase extraite du dernier discours de notre premier ministre. Je suis de naturel m\u00e9fiant. Je suis all\u00e9 v\u00e9rifier sur <a href=\"http:\/\/www.gouvernement.fr\/partage\/6181-discours-du-premier-ministre-a-la-ceremonie-organisee-par-le-conseil-representatif-des-institutions\">le site du gouvernement<\/a>, la phrase qui m&rsquo;a un peu surpris:<\/p>\n<blockquote><p>\u00ab\u00a0Pour ces ennemis qui s\u2019en prennent \u00e0 leurs compatriotes, qui d\u00e9chirent ce contrat qui nous unit, il ne peut y avoir aucune explication qui vaille\u00a0; car expliquer, c\u2019est d\u00e9j\u00e0 vouloir un peu excuser.\u00a0\u00bb<\/p><\/blockquote>\n<p>Le raccourci entre explication et excuse m&rsquo;a d\u00e9rang\u00e9. Est ce que que ma d\u00e9finition d&rsquo;explication n&rsquo;\u00e9tait plus valable? Parfois nous croyons connaitre le sens d&rsquo;un mot et nous r\u00e9alisons que nous nous sommes toujours tromp\u00e9s. Depuis le CE1 ou le CE2, c&rsquo;est un probl\u00e8me important pour\u00a0 moi, le sens des mots que j&rsquo;utilise.\u00a0 J&rsquo;ai un peu cherch\u00e9 et j&rsquo;ai trouv\u00e9 celle du <a href=\"http:\/\/www.academie-francaise.fr\/le-dictionnaire\/la-9e-edition\">dictionnaire de l&rsquo;acad\u00e9mie fran\u00e7aise<\/a>:<\/p>\n<blockquote><p><b><span style=\"color: red;\">EXPLICATION<\/span><\/b> n. f. XIII<sup>e<\/sup> si\u00e8cle. Emprunt\u00e9 du latin <i>explicatio, <\/i>\u00ab\u00a0action de d\u00e9plier, de d\u00e9brouiller, de pr\u00e9senter clairement\u00a0\u00bb.<br \/>\n<img decoding=\"async\" src=\"http:\/\/atilf.atilf.fr\/dendien\/ima\/generic\/img_fmono_73.gif\" alt=\"\" border=\"0\" \/><b>1. <\/b>D\u00e9veloppement, commentaire destin\u00e9 \u00e0 \u00e9clairer, \u00e0 faire comprendre quelque chose, sp\u00e9cialement dans le domaine intellectuel. <i>L&rsquo;explication d&rsquo;un texte. Explication de texte, <\/i>analyse comment\u00e9e d&rsquo;un texte. <i>Explication d&rsquo;un auteur ancien ou moderne. Une explication de Tacite, <\/i>une traduction et un commentaire, le plus souvent sous forme orale, d&rsquo;un texte de cet auteur. <i>Vous trouverez l&rsquo;explication de ce mot, de cette tournure dans le dictionnaire. Explication des textes sacr\u00e9s, <\/i>voir <i><a href=\"http:\/\/atilf.atilf.fr\/dendien\/scripts\/generic\/renvoi.exe?26;s=1554231630;a=260604;r=maca6;f=\/RENV;\" target=\"_top\"><b>Ex\u00e9g\u00e8se<\/b><\/a>. <\/i><img decoding=\"async\" src=\"http:\/\/atilf.atilf.fr\/dendien\/ima\/generic\/img_fsymb_184.gif\" alt=\"\" border=\"0\" \/>\u00a0 Par ext. Le plus souvent au pluriel. Indication pratique ou technique. <i>Il faudra me fournir des explications sur le maniement de cet appareil. Donnez-moi des explications sur la marche \u00e0 suivre.<\/i><\/p>\n<p><i> <\/i><img decoding=\"async\" src=\"http:\/\/atilf.atilf.fr\/dendien\/ima\/generic\/img_fmono_73.gif\" alt=\"\" border=\"0\" \/><b>2. <\/b>Ce qui donne la cause, le motif, la raison, d&rsquo;un fait, d&rsquo;un ph\u00e9nom\u00e8ne. <i>Il a fourni une explication tout \u00e0 fait plausible de son absence. Les explications qu&rsquo;apporta la m\u00e9canique ondulatoire. <\/i><img decoding=\"async\" src=\"http:\/\/atilf.atilf.fr\/dendien\/ima\/generic\/img_fmono_73.gif\" alt=\"\" border=\"0\" \/><b>3. <\/b>Ce qui permet d&rsquo;\u00e9clairer une intention, un comportement, une attitude, etc. <i>Demander, exiger, donner, fournir, sugg\u00e9rer une explication, des explications. On cherche vainement l&rsquo;explication de son geste. Je n&rsquo;ai pas d&rsquo;explications \u00e0 vous donner. Cela se passe d&rsquo;explications. Des explications toutes faites.<\/i><\/p>\n<p><i> <\/i><img decoding=\"async\" src=\"http:\/\/atilf.atilf.fr\/dendien\/ima\/generic\/img_fmono_73.gif\" alt=\"\" border=\"0\" \/><b>4. <\/b>Par ext. Discussion, parfois anim\u00e9e, destin\u00e9e \u00e0 \u00e9clairer ou \u00e0 justifier les intentions ou la conduite de quelqu&rsquo;un. <i>Avoir une explication franche et loyale avec ses associ\u00e9s. Une explication orageuse.<\/i><\/p><\/blockquote>\n<p>J&rsquo;ai \u00e9t\u00e9 rassur\u00e9, il n&rsquo;y a pas de lien entre chercher une explication et chercher \u00e0 excuser un comportement. J&rsquo;aime son \u00e9tymologie: \u00ab\u00a0action de d\u00e9plier, de d\u00e9brouiller, de pr\u00e9senter clairement\u00a0\u00bb. J&rsquo;essaye un peu d&rsquo;enseigner, j&rsquo;essaye un peu de soigner, j&rsquo;essaye un peu de chercher et dans ces trois dimensions, je passe mon temps soit \u00e0 donner des explications soit \u00e0 tenter d&rsquo;en identifier. Je n&rsquo;avais jamais pens\u00e9 que faire de la recherche sur la polykystose r\u00e9nale autosomique dominante, essayant d&rsquo;expliquer comment une mutation dans <em>PKD1<\/em> ou <em>PKD2<\/em> est responsable de l&rsquo;apparition de kystes puis d&rsquo;une insuffisance r\u00e9nale allait m&rsquo;exposer \u00e0 excuser la maladie. Un vieux chirurgien quand nous tenions mal les \u00e9carteurs, nous disait :\u00a0\u00bbtu es avec moi ou avec la tumeur\u00a0\u00bb. Je ne m&rsquo;imaginais pas qu&rsquo;en tenant ce blog, o\u00f9 j&rsquo;essaye de temps en temps d&rsquo;expliquer un peu de n\u00e9phrologie, j&rsquo;allais excuser quoi ou qui que ce soit.<\/p>\n<p><span id=\"CWRAP-69184\"><span id=\"\"><img decoding=\"async\" src=\"http:\/\/41.media.tumblr.com\/e3f793958800b909a8bee555593b26ba\/tumblr_o0sqwzy4Xd1qz6f9yo2_r1_500.jpg\" alt=\"\" \/><\/span><\/span><\/p>\n<p>Expliquer est un des piliers de la d\u00e9marche scientifique. Nous cherchons l&rsquo;origine, la cause d&rsquo;une maladie, d&rsquo;un comportement cellulaire, d&rsquo;une conduite. Cherchez \u00e0 expliquer pourquoi ce patient ne vient pas \u00e0 la consultation pour son suivi alors qu&rsquo;il a re\u00e7u un transplant , n&rsquo;a pas pour but de l&rsquo;excuser mais de comprendre ses raisons pour trouver le moyen d&rsquo;am\u00e9liorer son observance et in fine de mieux le soigner. Si nous refusons de chercher des explications nous ne vivrons que sur des dogmes, des v\u00e9rit\u00e9s sans faille impossible \u00e0 remettre en question. Refuser la qu\u00eate d&rsquo;explication est une n\u00e9gation de toute l&rsquo;activit\u00e9 scientifique.<\/p>\n<p>J&rsquo;ai du mal \u00e0 imaginer que nous pr\u00e9viendrons un attentat si nous n&rsquo;essayons pas de comprendre les comportements des personnes qui les perp\u00e8trent. Le temps de la recherche est certainement frustrant pour le politique. C&rsquo;est long, \u00e7a r\u00e9siste aux simplismes, nous sommes oblig\u00e9 de r\u00e9fl\u00e9chir, d&rsquo;avoir mal \u00e0 la t\u00eate, d&rsquo;avouer qu&rsquo;on ne comprend pas tout et une donn\u00e9e nouvelle va faire s&rsquo;effondrer tous notre bel \u00e9difice nous obligeant \u00e0 repartir en qu\u00eate d&rsquo;explications. Une \u00e9cole d&rsquo;humilit\u00e9 pour des \u00e9gos surdimensionn\u00e9s, voil\u00e0 ce qu&rsquo;est la science. J&rsquo;ai toujours aim\u00e9 comprendre comment les trucs marchent. Le vivant me fascine et dans le vivant, l&rsquo;humain est un v\u00e9ritable myst\u00e8re dont j&rsquo;aimerai bien \u00e9claircir quelques petites zones obscures. L&rsquo;humain dans toutes ses dimensions, car comment soigner un homme sans le comprendre? Nous pouvons mais il est tellement plus simple d&rsquo;avoir quelques explications <a href=\"https:\/\/perruchenautomne.eu\/wordpress\/?p=4536\">sur certains comportements<\/a> pour adapter au mieux le soin.<\/p>\n<p>Le discours stigmatisant la beaut\u00e9 de la qu\u00eate d&rsquo;explications me d\u00e9range, mais alors tr\u00e8s profond\u00e9ment. Il va \u00e0 l&rsquo;encontre de beaucoup de mes convictions. Gr\u00e2ce \u00e0 cette phrase, qu&rsquo;un homme de droite aurait tout aussi bien pu dire, je comprends enfin pourquoi le politique m\u00e9prise tellement la science en France. Nous ne sommes que des chercheurs d&rsquo;excuses. Nous emp\u00eachons le ronron m\u00e9diatique, confortable des id\u00e9es toutes faites, nous avons le tort d&rsquo;essayer d&rsquo;aller un peu plus loin que la simple apparence. Nous avons le tort de dire que la g\u00e9n\u00e9tique n\u2019explique pas tous les comportements humains, elle n&rsquo;a pas remplac\u00e9 le destin, <a href=\"https:\/\/perruchenautomne.eu\/wordpress\/?p=4110\">l&rsquo;environnement \u00e0 un poids<\/a>, un impact sur ce que nous sommes, sur notre sant\u00e9. Quoi de plus contre intuitif que de savoir que notre plan\u00e8te tourne autour du soleil, quoi de plus surprenant que d&rsquo;imaginer que nous ne sommes que la rencontre du hasard et de la n\u00e9cessit\u00e9 en temps qu&rsquo;esp\u00e8ce, quoi de plus d\u00e9rangeant que savoir que notre cerveau fonctionne tout seul ? Ce n&rsquo;est pas d&rsquo;hier que les puissants n&rsquo;aiment pas les explications qui les d\u00e9rangent.<img loading=\"lazy\" decoding=\"async\" id=\"il_fi\" src=\"http:\/\/www.slate.com\/content\/dam\/slate\/blogs\/bad_astronomy\/2013\/01\/23\/smbc_scienceruiningeverything.jpg.CROP.original-original.jpg\" alt=\"Afficher l'image d'origine\" width=\"568\" height=\"350\" \/><\/p>\n<p>Faire de la science, chercher des explications est une lutte contre l&rsquo;obscurantisme, le dogmatisme, le fanatisme. Chercher des explications est d\u00e9rangeant. Nous devons faire un pas de cot\u00e9, nous envisager diff\u00e9rent de ce que nous sommes. Nous devons mettre de la complexit\u00e9 dans un monde que nous r\u00eavons simple et pourtant les r\u00eaves sont loin d&rsquo;\u00eatre facile \u00e0 d\u00e9crypter.<\/p>\n<p><span id=\"CWRAP-69139\"><span id=\"\"><img decoding=\"async\" src=\"http:\/\/www.smbc-comics.com\/comics\/1452527760-20160111.png\" alt=\"\" \/><\/span><\/span><\/p>\n<p>Je sais bien que cette attaque ne concerne pas les sciences dites \u00ab\u00a0dures\u00a0\u00bb. J&rsquo;ai tendance \u00e0 penser que la m\u00e9decine est bien molle souvent. Je suis de tout c\u0153ur avec mes coll\u00e8gues des sciences sociales et humaines qui doivent affronter ces agressions. Nous avons un devoir de solidarit\u00e9 entre chercheurs quand des disciplines sont attaqu\u00e9es avec une telle violence, car derri\u00e8re le mot excuse nous sentons bien pointer l&rsquo;id\u00e9e de collusion. J&rsquo;esp\u00e8re que ce discours ne sera qu&rsquo;une gesticulation et que ceux qui essayent de faire de la science sur des sujets difficiles comme la sociologie du djihadisme pourront toujours avoir des financements. Que va faire le gouvernement? Si le premier ministre est en accord avec lui m\u00eame, il faut qu&rsquo;il arr\u00eate l&rsquo;appel d&rsquo;offre 2016 de l&rsquo;Agence Nationale pour la Recherche. Cette structure \u00e0 lancer un appel d&rsquo;offre qui comporte un volet, \u00ab\u00a0excusons les terroristes\u00a0\u00bb, je traduis en Vallsien, il est page 125 <a href=\"http:\/\/www.agence-nationale-recherche.fr\/fileadmin\/aap\/2016\/ANR-Plan-Action-2016-details-defis.pdf\">de ce document<\/a>.<\/p>\n<p>Peut \u00eatre que la CPU pourrait dire un petit quelque chose \u00e0 notre premier ministre. Je ne sais pas, par exemple lui proposer de venir faire un travail de terrain dans <a href=\"http:\/\/www.e-orientations.com\/actualites\/les-diplomes-des-ministres-du-gouvernement-valls-14744\">le cadre d&rsquo;un master<\/a> pour qu&rsquo;il saisisse mieux ce qu&rsquo;est chercher une explication.<\/p>\n<p>MaJ: Et tient la perruche prend \u00e7a dans le bec:<\/p>\n<blockquote class=\"twitter-tweet\" lang=\"fr\">\n<p dir=\"ltr\" lang=\"fr\">Alain Rey : C\u2019est surtout l\u2019usage des mots qui change, pas leur sens. Et c\u2019est leur usage qui fait leur force.<\/p>\n<p>\u2014 Du Grain \u00e0 moudre (@Grain_a_moudre) <a href=\"https:\/\/twitter.com\/Grain_a_moudre\/status\/686600206905917440\">11 Janvier 2016<\/a><\/p><\/blockquote>\n<p><script src=\"\/\/platform.twitter.com\/widgets.js\" async=\"\" charset=\"utf-8\"><\/script><\/p>\n","protected":false},"excerpt":{"rendered":"<p>Je n&rsquo;\u00e9coute pas vraiment les actualit\u00e9s, sauf le matin et la revue de presse de Nicolas Martin sur France culture en podcast. J&rsquo;ai \u00e9t\u00e9 surpris d&rsquo;entendre sa chronique ce matin commen\u00e7ant avec une phrase extraite du dernier discours de notre &hellip; <a href=\"https:\/\/perruchenautomne.eu\/wordpress\/2016\/01\/11\/une-explication\/\">Continuer la lecture <span class=\"meta-nav\">&rarr;<\/span><\/a><\/p>\n","protected":false},"author":1,"featured_media":0,"comment_status":"open","ping_status":"open","sticky":false,"template":"","format":"standard","meta":{"jetpack_post_was_ever_published":false,"_jetpack_newsletter_access":"","_jetpack_dont_email_post_to_subs":false,"_jetpack_newsletter_tier_id":0,"_jetpack_memberships_contains_paywalled_content":false,"_jetpack_memberships_contains_paid_content":false,"footnotes":"","jetpack_publicize_message":"","jetpack_publicize_feature_enabled":true,"jetpack_social_post_already_shared":true,"jetpack_social_options":{"image_generator_settings":{"template":"highway","default_image_id":0,"font":"","enabled":false},"version":2}},"categories":[61],"tags":[1736,1737,135],"class_list":["post-4539","post","type-post","status-publish","format-standard","hentry","category-science","tag-explication","tag-les-mots-ont-un-sens","tag-science-2"],"jetpack_publicize_connections":[],"jetpack_featured_media_url":"","jetpack_shortlink":"https:\/\/wp.me\/p1l1zM-1bd","jetpack_sharing_enabled":true,"jetpack-related-posts":[],"_links":{"self":[{"href":"https:\/\/perruchenautomne.eu\/wordpress\/wp-json\/wp\/v2\/posts\/4539","targetHints":{"allow":["GET"]}}],"collection":[{"href":"https:\/\/perruchenautomne.eu\/wordpress\/wp-json\/wp\/v2\/posts"}],"about":[{"href":"https:\/\/perruchenautomne.eu\/wordpress\/wp-json\/wp\/v2\/types\/post"}],"author":[{"embeddable":true,"href":"https:\/\/perruchenautomne.eu\/wordpress\/wp-json\/wp\/v2\/users\/1"}],"replies":[{"embeddable":true,"href":"https:\/\/perruchenautomne.eu\/wordpress\/wp-json\/wp\/v2\/comments?post=4539"}],"version-history":[{"count":6,"href":"https:\/\/perruchenautomne.eu\/wordpress\/wp-json\/wp\/v2\/posts\/4539\/revisions"}],"predecessor-version":[{"id":4545,"href":"https:\/\/perruchenautomne.eu\/wordpress\/wp-json\/wp\/v2\/posts\/4539\/revisions\/4545"}],"wp:attachment":[{"href":"https:\/\/perruchenautomne.eu\/wordpress\/wp-json\/wp\/v2\/media?parent=4539"}],"wp:term":[{"taxonomy":"category","embeddable":true,"href":"https:\/\/perruchenautomne.eu\/wordpress\/wp-json\/wp\/v2\/categories?post=4539"},{"taxonomy":"post_tag","embeddable":true,"href":"https:\/\/perruchenautomne.eu\/wordpress\/wp-json\/wp\/v2\/tags?post=4539"}],"curies":[{"name":"wp","href":"https:\/\/api.w.org\/{rel}","templated":true}]}}