{"id":4601,"date":"2016-02-07T21:35:35","date_gmt":"2016-02-07T20:35:35","guid":{"rendered":"https:\/\/perruchenautomne.eu\/wordpress\/?p=4601"},"modified":"2016-02-07T21:35:35","modified_gmt":"2016-02-07T20:35:35","slug":"pour-vous-convaincre-que-dans-shs-il-y-a-bien-science","status":"publish","type":"post","link":"https:\/\/perruchenautomne.eu\/wordpress\/2016\/02\/07\/pour-vous-convaincre-que-dans-shs-il-y-a-bien-science\/","title":{"rendered":"Pour vous convaincre que dans SHS, il y a bien science."},"content":{"rendered":"<p>J&rsquo;ai toujours aim\u00e9 l&rsquo;histoire. Si la facult\u00e9 avait \u00e9t\u00e9 plus proche de chez moi que celle de m\u00e9decine, j&rsquo;aurai peut \u00eatre fini historien. Je lis un peu d&rsquo;histoire, pas assez. J&rsquo;\u00e9coute beaucoup d&rsquo;\u00e9missions sur France culture, la <a href=\"https:\/\/perruchenautomne.eu\/wordpress\/?p=3739\">fabrique<\/a>, <a href=\"https:\/\/perruchenautomne.eu\/wordpress\/?p=102\">concordances des temps<\/a>, les lundi quand ils existaient encore. \u00c7a ne remplace pas la lecture mais, je comprends un peu l&rsquo;actualit\u00e9 historique et je suis stup\u00e9fait par la richesse et la vigueur de la discipline, dont n ne parle pas assez.<\/p>\n<p>La France est un grand pays historique, j&rsquo;avais lu Braudel \u00e0 17 ans probablement un peu trop t\u00f4t pour tout comprendre, j&rsquo;avais \u00e9t\u00e9 \u00e9bloui par la compr\u00e9hension du monde que permettait l&rsquo;outil historique. Je suis toujours fascin\u00e9 par ce m\u00e9tier. En ces temps o\u00f9 un <a href=\"https:\/\/perruchenautomne.eu\/wordpress\/?p=4539\">premier ministre nous enjoint<\/a> de ne pas chercher \u00e0 expliquer, il est bon de dire et r\u00e9p\u00e9ter que les SHS sont des sciences, des sciences importantes pour ne pas dire capitales pour comprendre le monde.<\/p>\n<p>Je conseille \u00e0 tous d&rsquo;\u00e9couter la <a href=\"http:\/\/www.college-de-france.fr\/site\/patrick-boucheron\/inaugural-lecture-2015-12-17-18h00.htm\">le\u00e7on inaugurale<\/a> de Patrick Boucheron au coll\u00e8ge de France. Il nous dit ce que peut l&rsquo;histoire, mais il nous dit aussi ce que peut la science en g\u00e9n\u00e9rale. C&rsquo;est un moment d&rsquo;\u00e9rudition, d&rsquo;hommage \u00e0 ses maitres, de grande libert\u00e9. Si apr\u00e8s son expos\u00e9 d&rsquo;une heure vous n&rsquo;\u00eates pas convaincus de l&rsquo;importance de l&rsquo;histoire pour nous nous aider \u00e0 mieux appr\u00e9hender le quotidien, je ne sais pas ce qu&rsquo;il vous faut.<\/p>\n<p>Cet exercice oral est un tr\u00e8s bel hommage \u00e0 l&rsquo;\u00e9crit, \u00e0 sa puissance, \u00e0 la puissance de la r\u00e9flexion que nous impose d&rsquo;\u00e9crire par rapport \u00e0 la parole. Il souligne brillamment l&rsquo;importance de connaitre nos racines, de savoir que nous avons \u00e9t\u00e9 une p\u00e9riph\u00e9rie. C&rsquo;est peut \u00eatre pour \u00e7a qu&rsquo;il comprend si bien notre \u00e9poque, lui l&rsquo;historien du moyen-age, sp\u00e9cialiste des communes italiennes. Nous redevenons une p\u00e9riph\u00e9rie d&#8217;empire car nous europ\u00e9ens ne pouvons\/voulons pas assumer une destin\u00e9e imp\u00e9riale emp\u00eatr\u00e9s dans nos nationalismes et notre culpabilit\u00e9 coloniale. Vraiment prenez une heure et vous aurez envie de faire de l&rsquo;histoire, de faire de la science.<\/p>\n<p>Peut \u00eatre qu&rsquo;un jour je retournerai \u00e0 ces premi\u00e8res amours historiques. En attendant, j&rsquo;\u00e9coute GoGo-Penguin et c&rsquo;est excellentissime.<\/p>\n[audio: https:\/\/perruchenautomne.eu\/wordpress\/wp-content\/uploads\/2016\/02\/02-Unspeakable-World.mp3]\n","protected":false},"excerpt":{"rendered":"<p>J&rsquo;ai toujours aim\u00e9 l&rsquo;histoire. Si la facult\u00e9 avait \u00e9t\u00e9 plus proche de chez moi que celle de m\u00e9decine, j&rsquo;aurai peut \u00eatre fini historien. Je lis un peu d&rsquo;histoire, pas assez. J&rsquo;\u00e9coute beaucoup d&rsquo;\u00e9missions sur France culture, la fabrique, concordances des &hellip; <a href=\"https:\/\/perruchenautomne.eu\/wordpress\/2016\/02\/07\/pour-vous-convaincre-que-dans-shs-il-y-a-bien-science\/\">Continuer la lecture <span class=\"meta-nav\">&rarr;<\/span><\/a><\/p>\n","protected":false},"author":1,"featured_media":0,"comment_status":"open","ping_status":"open","sticky":false,"template":"","format":"standard","meta":{"jetpack_post_was_ever_published":false,"_jetpack_newsletter_access":"","_jetpack_dont_email_post_to_subs":false,"_jetpack_newsletter_tier_id":0,"_jetpack_memberships_contains_paywalled_content":false,"_jetpack_memberships_contains_paid_content":false,"footnotes":"","jetpack_publicize_message":"","jetpack_publicize_feature_enabled":true,"jetpack_social_post_already_shared":true,"jetpack_social_options":{"image_generator_settings":{"template":"highway","default_image_id":0,"font":"","enabled":false},"version":2}},"categories":[47],"tags":[1753,7,1754],"class_list":["post-4601","post","type-post","status-publish","format-standard","hentry","category-histoire-2","tag-boucheron","tag-histoire","tag-lecon-inaugurale"],"jetpack_publicize_connections":[],"jetpack_featured_media_url":"","jetpack_shortlink":"https:\/\/wp.me\/p1l1zM-1cd","jetpack_sharing_enabled":true,"jetpack-related-posts":[],"_links":{"self":[{"href":"https:\/\/perruchenautomne.eu\/wordpress\/wp-json\/wp\/v2\/posts\/4601","targetHints":{"allow":["GET"]}}],"collection":[{"href":"https:\/\/perruchenautomne.eu\/wordpress\/wp-json\/wp\/v2\/posts"}],"about":[{"href":"https:\/\/perruchenautomne.eu\/wordpress\/wp-json\/wp\/v2\/types\/post"}],"author":[{"embeddable":true,"href":"https:\/\/perruchenautomne.eu\/wordpress\/wp-json\/wp\/v2\/users\/1"}],"replies":[{"embeddable":true,"href":"https:\/\/perruchenautomne.eu\/wordpress\/wp-json\/wp\/v2\/comments?post=4601"}],"version-history":[{"count":3,"href":"https:\/\/perruchenautomne.eu\/wordpress\/wp-json\/wp\/v2\/posts\/4601\/revisions"}],"predecessor-version":[{"id":4606,"href":"https:\/\/perruchenautomne.eu\/wordpress\/wp-json\/wp\/v2\/posts\/4601\/revisions\/4606"}],"wp:attachment":[{"href":"https:\/\/perruchenautomne.eu\/wordpress\/wp-json\/wp\/v2\/media?parent=4601"}],"wp:term":[{"taxonomy":"category","embeddable":true,"href":"https:\/\/perruchenautomne.eu\/wordpress\/wp-json\/wp\/v2\/categories?post=4601"},{"taxonomy":"post_tag","embeddable":true,"href":"https:\/\/perruchenautomne.eu\/wordpress\/wp-json\/wp\/v2\/tags?post=4601"}],"curies":[{"name":"wp","href":"https:\/\/api.w.org\/{rel}","templated":true}]}}