{"id":4658,"date":"2016-02-21T08:36:25","date_gmt":"2016-02-21T07:36:25","guid":{"rendered":"https:\/\/perruchenautomne.eu\/wordpress\/?p=4658"},"modified":"2016-02-21T08:36:25","modified_gmt":"2016-02-21T07:36:25","slug":"la-maladie-renale-chronique-est-un-vrai-probleme-mondial","status":"publish","type":"post","link":"https:\/\/perruchenautomne.eu\/wordpress\/2016\/02\/21\/la-maladie-renale-chronique-est-un-vrai-probleme-mondial\/","title":{"rendered":"La maladie r\u00e9nale chronique est un vrai probl\u00e8me mondial."},"content":{"rendered":"<p>Les n\u00e9phrologues ne sont pas de tr\u00e8s bons communicants, sauf peut \u00eatre avec les <a href=\"https:\/\/perruchenautomne.eu\/wordpress\/?p=4649\">\u00e9tudiants en m\u00e9decine<\/a>. Les endocrinologues par contre sont tr\u00e8s forts et je ne parle pas des cardiologues. Nous n&rsquo;arrivons pas \u00e0 convaincre nos tutelles que la recherche dans le domaine des maladies r\u00e9nales chroniques est important. Nous n&rsquo;arrivons pas \u00e0 stimuler le financement de la recherche dans le domaine au niveau o\u00f9 il devrait \u00eatre. La baisse du d\u00e9bit de filtration glom\u00e9rulaire est un facteur de risque cardiovasculaire et de mortalit\u00e9 avec plus d&rsquo;impact que le diab\u00e8te comme le montre cette figure.<\/p>\n<p><a href=\"https:\/\/perruchenautomne.eu\/wordpress\/wp-content\/uploads\/2016\/02\/IRC_deat_IDM.png\" rel=\"attachment wp-att-4659\"><img loading=\"lazy\" decoding=\"async\" class=\"aligncenter size-full wp-image-4659\" src=\"https:\/\/perruchenautomne.eu\/wordpress\/wp-content\/uploads\/2016\/02\/IRC_deat_IDM.png\" alt=\"IRC_deat_IDM\" width=\"561\" height=\"425\" srcset=\"https:\/\/perruchenautomne.eu\/wordpress\/wp-content\/uploads\/2016\/02\/IRC_deat_IDM.png 561w, https:\/\/perruchenautomne.eu\/wordpress\/wp-content\/uploads\/2016\/02\/IRC_deat_IDM-300x227.png 300w\" sizes=\"auto, (max-width: 561px) 100vw, 561px\" \/><\/a>Le taux d&rsquo;infarctus du myocarde est plus important chez les patients avec un d\u00e9bit de filtration glom\u00e9rulaire inf\u00e9rieure \u00e0 60 ml\/mn (rouge) que chez les diab\u00e9tiques (bleu clair). Le taux de mortalit\u00e9 toute cause est plus important chez les insuffisants r\u00e9naux chroniques que chez les patients ayant d\u00e9j\u00e0 fait un infarctus du myocarde (bleu fonc\u00e9). Cette simple figure devrait suffire \u00e0 faire comprendre l&rsquo;importance du probl\u00e8me.<\/p>\n<p>Utilisons les donn\u00e9es mondiales issues <a href=\"http:\/\/www.healthdata.org\/\">de l&rsquo;IHME<\/a> qui vous montreront que la maladie r\u00e9nale chronique est un enjeu de sant\u00e9 publique important et en train d&rsquo;exploser.<\/p>\n<p>Commen\u00e7ons par le taux de d\u00e9c\u00e8s (pour 100000) dont la cause est une maladie r\u00e9nale chronique (MRC). J&rsquo;ai fait un GIF montrant l&rsquo;\u00e9volution de 1990 \u00e0 2013 en 6 points. Dans certaines r\u00e9gions du monde (Am\u00e9rique centrale en particulier et Mexique) le taux de mortalit\u00e9 a explos\u00e9. Il est probable que la <a href=\"https:\/\/perruchenautomne.eu\/wordpress\/?p=1699\">n\u00e9phropathie m\u00e9soam\u00e9ricaine<\/a> soit en cause.<\/p>\n<p><a href=\"https:\/\/perruchenautomne.eu\/wordpress\/wp-content\/uploads\/2016\/02\/Death_CKD.gif\" rel=\"attachment wp-att-4660\"><img loading=\"lazy\" decoding=\"async\" class=\"aligncenter size-full wp-image-4660\" src=\"https:\/\/perruchenautomne.eu\/wordpress\/wp-content\/uploads\/2016\/02\/Death_CKD.gif\" alt=\"Death_CKD\" width=\"800\" height=\"678\" \/><\/a>La figure suivant montre que le taux de mortalit\u00e9 en rapport avec une MRC a augment\u00e9 dans le monde, avec quelques points tr\u00e8s chauds.<\/p>\n<p><a href=\"https:\/\/perruchenautomne.eu\/wordpress\/wp-content\/uploads\/2016\/02\/Taux-changemetn.png\" rel=\"attachment wp-att-4661\"><img loading=\"lazy\" decoding=\"async\" class=\"aligncenter size-full wp-image-4661\" src=\"https:\/\/perruchenautomne.eu\/wordpress\/wp-content\/uploads\/2016\/02\/Taux-changemetn.png\" alt=\"Taux changemetn\" width=\"800\" height=\"678\" srcset=\"https:\/\/perruchenautomne.eu\/wordpress\/wp-content\/uploads\/2016\/02\/Taux-changemetn.png 800w, https:\/\/perruchenautomne.eu\/wordpress\/wp-content\/uploads\/2016\/02\/Taux-changemetn-300x254.png 300w, https:\/\/perruchenautomne.eu\/wordpress\/wp-content\/uploads\/2016\/02\/Taux-changemetn-768x651.png 768w\" sizes=\"auto, (max-width: 800px) 100vw, 800px\" \/><\/a>L&rsquo;augmentation turque et la baisse syrienne n&rsquo;ont rien \u00e0 voir avec la m\u00e9decine mais plut\u00f4t avec la g\u00e9opolitique. Pour l&rsquo;Ukraine, la baisse est certainement un probl\u00e8me de classification, comme nous allons le voir. Si on repr\u00e9sente sous forme de classements, j&rsquo;aime pas mais tellement efficace, la maladie r\u00e9nale chronique est la pathologie non transmissible qui a le plus augment\u00e9e en terme de rang passant de la 27\u00e9 place \u00e0 la 13\u00e9 place.<\/p>\n<p><a href=\"https:\/\/perruchenautomne.eu\/wordpress\/wp-content\/uploads\/2016\/02\/Ranking.png\" rel=\"attachment wp-att-4662\"><img loading=\"lazy\" decoding=\"async\" class=\"aligncenter size-full wp-image-4662\" src=\"https:\/\/perruchenautomne.eu\/wordpress\/wp-content\/uploads\/2016\/02\/Ranking.png\" alt=\"Ranking\" width=\"800\" height=\"678\" srcset=\"https:\/\/perruchenautomne.eu\/wordpress\/wp-content\/uploads\/2016\/02\/Ranking.png 800w, https:\/\/perruchenautomne.eu\/wordpress\/wp-content\/uploads\/2016\/02\/Ranking-300x254.png 300w, https:\/\/perruchenautomne.eu\/wordpress\/wp-content\/uploads\/2016\/02\/Ranking-768x651.png 768w\" sizes=\"auto, (max-width: 800px) 100vw, 800px\" \/><\/a>L&rsquo;IHME permet aussi d&rsquo;analyser la mortalit\u00e9 en fonction de la pr\u00e9sence d&rsquo;un facteur de risque. Un d\u00e9bit de filtration bas est un facteur de risque de mortalit\u00e9. Je vous propose les m\u00eame figures mais cette fois ci avec cette variable.<\/p>\n<p><a href=\"https:\/\/perruchenautomne.eu\/wordpress\/wp-content\/uploads\/2016\/02\/low_gfr_death.gif\" rel=\"attachment wp-att-4663\"><img loading=\"lazy\" decoding=\"async\" class=\"aligncenter size-full wp-image-4663\" src=\"https:\/\/perruchenautomne.eu\/wordpress\/wp-content\/uploads\/2016\/02\/low_gfr_death.gif\" alt=\"low_gfr_death\" width=\"800\" height=\"678\" \/><\/a>Nous observons les m\u00eames r\u00e9sultats.<\/p>\n<p><a href=\"https:\/\/perruchenautomne.eu\/wordpress\/wp-content\/uploads\/2016\/02\/Evolution_lowGFR_death.png\" rel=\"attachment wp-att-4664\"><img loading=\"lazy\" decoding=\"async\" class=\"aligncenter size-full wp-image-4664\" src=\"https:\/\/perruchenautomne.eu\/wordpress\/wp-content\/uploads\/2016\/02\/Evolution_lowGFR_death.png\" alt=\"Evolution_lowGFR_death\" width=\"800\" height=\"678\" srcset=\"https:\/\/perruchenautomne.eu\/wordpress\/wp-content\/uploads\/2016\/02\/Evolution_lowGFR_death.png 800w, https:\/\/perruchenautomne.eu\/wordpress\/wp-content\/uploads\/2016\/02\/Evolution_lowGFR_death-300x254.png 300w, https:\/\/perruchenautomne.eu\/wordpress\/wp-content\/uploads\/2016\/02\/Evolution_lowGFR_death-768x651.png 768w\" sizes=\"auto, (max-width: 800px) 100vw, 800px\" \/><\/a>La situation est encore plus pr\u00e9occupante avec ce param\u00e8tre. La maladie r\u00e9nale chronique n&rsquo;est pas un probl\u00e8me uniquement de pays riches mais aussi de pays pauvres. L&rsquo;\u00e9volution si elle se poursuit va poser des probl\u00e8mes majeures de prise en charge. En terme de classement, la situation est la m\u00eame. Il y a probablement une sous estimation de la situation. Si la prot\u00e9inurie \u00e9tait combin\u00e9e au DFG bas la situation serait pire.<\/p>\n<p><a href=\"https:\/\/perruchenautomne.eu\/wordpress\/wp-content\/uploads\/2016\/02\/rankin_lowgfr.png\" rel=\"attachment wp-att-4665\"><img loading=\"lazy\" decoding=\"async\" class=\"aligncenter size-full wp-image-4665\" src=\"https:\/\/perruchenautomne.eu\/wordpress\/wp-content\/uploads\/2016\/02\/rankin_lowgfr.png\" alt=\"rankin_lowgfr\" width=\"2550\" height=\"2160\" srcset=\"https:\/\/perruchenautomne.eu\/wordpress\/wp-content\/uploads\/2016\/02\/rankin_lowgfr.png 2550w, https:\/\/perruchenautomne.eu\/wordpress\/wp-content\/uploads\/2016\/02\/rankin_lowgfr-300x254.png 300w, https:\/\/perruchenautomne.eu\/wordpress\/wp-content\/uploads\/2016\/02\/rankin_lowgfr-768x651.png 768w, https:\/\/perruchenautomne.eu\/wordpress\/wp-content\/uploads\/2016\/02\/rankin_lowgfr-1024x867.png 1024w\" sizes=\"auto, (max-width: 2550px) 100vw, 2550px\" \/><\/a>Il est probablement temps que nous prenions conscience de la dimension mondiale et grave du probl\u00e8me. La<a href=\"http:\/\/www.worldkidneyday.org\/\"> journ\u00e9e du rein<\/a> arrive bient\u00f4t, il faut en parler encore et encore. Je me suis limit\u00e9 \u00e0 une analyse de mortalit\u00e9 mais vous pouvez faire les m\u00eame figure avec les <a href=\"http:\/\/www.who.int\/mental_health\/management\/depression\/daly\/en\/\">YLDs et DALYs<\/a>.<\/p>\n<p style=\"text-align: center;\"><a class=\"post_thumb\" href=\"http:\/\/www.worldkidneyday.org\/resource\/wkd-logo-2016\/\"> <img decoding=\"async\" src=\"http:\/\/www.worldkidneyday.org\/wp-content\/uploads\/2015\/12\/WKD_Logo_2016_400px-224x175.png\" alt=\"\" \/> <\/a><\/p>\n<p>Pour avoir un \u00e9l\u00e9ment de comparaison, je me suis amus\u00e9 \u00e0 faire une analyse avec ce qui semblerait avoir eu un <a href=\"http:\/\/www.observationsociete.fr\/lesp%C3%A9rance-de-vie-baisse-en-2015\">impact sur la survie des fran\u00e7ai<\/a>s l&rsquo;ann\u00e9e derni\u00e8re, <a href=\"http:\/\/tempsreel.nouvelobs.com\/societe\/20160119.OBS3009\/l-esperance-de-vie-recule-en-france-pourquoi-cette-baisse-soudaine.html\">la grippe<\/a>. Comparez bien les \u00e9chelles (et oui, un rapport 10), comparez le bruit m\u00e9diatique fait autour de la grippe et de la maladie r\u00e9nale chronique et vous comprendrez mieux o\u00f9 se situe le probl\u00e8me dans nos priorit\u00e9s de sant\u00e9 publique.<\/p>\n<p><a href=\"https:\/\/perruchenautomne.eu\/wordpress\/wp-content\/uploads\/2016\/02\/grippe_mort.gif\" rel=\"attachment wp-att-4666\"><img loading=\"lazy\" decoding=\"async\" class=\"aligncenter size-full wp-image-4666\" src=\"https:\/\/perruchenautomne.eu\/wordpress\/wp-content\/uploads\/2016\/02\/grippe_mort.gif\" alt=\"grippe_mort\" width=\"800\" height=\"678\" \/><\/a>Vous avez peut \u00eatre vu une augmentation importante de la mortalit\u00e9 au Royaume-uni du fait de la grippe. Je n&rsquo;ai pas d&rsquo;explication. Je suis all\u00e9 regarder le taux de vaccination contre cette maladie chez les plus de 65 ans sur un bout de p\u00e9riode. VOus en tirerez les conclusions qui vous font plaisirs<\/p>\n<p><a href=\"https:\/\/perruchenautomne.eu\/wordpress\/wp-content\/uploads\/2016\/02\/grippe-vaccination-UK.png\" rel=\"attachment wp-att-4667\"><img loading=\"lazy\" decoding=\"async\" class=\"aligncenter size-full wp-image-4667\" src=\"https:\/\/perruchenautomne.eu\/wordpress\/wp-content\/uploads\/2016\/02\/grippe-vaccination-UK.png\" alt=\"grippe vaccination UK\" width=\"969\" height=\"1077\" srcset=\"https:\/\/perruchenautomne.eu\/wordpress\/wp-content\/uploads\/2016\/02\/grippe-vaccination-UK.png 969w, https:\/\/perruchenautomne.eu\/wordpress\/wp-content\/uploads\/2016\/02\/grippe-vaccination-UK-270x300.png 270w, https:\/\/perruchenautomne.eu\/wordpress\/wp-content\/uploads\/2016\/02\/grippe-vaccination-UK-768x854.png 768w, https:\/\/perruchenautomne.eu\/wordpress\/wp-content\/uploads\/2016\/02\/grippe-vaccination-UK-921x1024.png 921w\" sizes=\"auto, (max-width: 969px) 100vw, 969px\" \/><\/a>Je finirai avec des donn\u00e9es purement hexagonales, juste pour illustrer la puissance de l&rsquo;outil de visualisation.<\/p>\n<p><a href=\"https:\/\/perruchenautomne.eu\/wordpress\/wp-content\/uploads\/2016\/02\/evolution_death_CKD_fr.png\" rel=\"attachment wp-att-4669\"><img loading=\"lazy\" decoding=\"async\" class=\"aligncenter size-full wp-image-4669\" src=\"https:\/\/perruchenautomne.eu\/wordpress\/wp-content\/uploads\/2016\/02\/evolution_death_CKD_fr.png\" alt=\"evolution_death_CKD_fr\" width=\"1431\" height=\"761\" srcset=\"https:\/\/perruchenautomne.eu\/wordpress\/wp-content\/uploads\/2016\/02\/evolution_death_CKD_fr.png 1431w, https:\/\/perruchenautomne.eu\/wordpress\/wp-content\/uploads\/2016\/02\/evolution_death_CKD_fr-300x160.png 300w, https:\/\/perruchenautomne.eu\/wordpress\/wp-content\/uploads\/2016\/02\/evolution_death_CKD_fr-768x408.png 768w, https:\/\/perruchenautomne.eu\/wordpress\/wp-content\/uploads\/2016\/02\/evolution_death_CKD_fr-1024x545.png 1024w\" sizes=\"auto, (max-width: 1431px) 100vw, 1431px\" \/><\/a>Les maladies r\u00e9nales sont un v\u00e9ritable probl\u00e8me de sant\u00e9 publique mondiale. Elles ont un impact sur la survie des populations. Comprendre pourquoi elles augmentent la survenue de complications cardio-vasculaires ou infectieuses, comprendre pourquoi elles progressent et identifier des facteurs sur lesquels nous pouvons intervenir est essentiel.<\/p>\n<p>Si nous sommes des pi\u00e8tres communicants, Barack Obama est d&rsquo;une efficacit\u00e9 remarquable. En <a href=\"https:\/\/en.wikipedia.org\/wiki\/Black_History_Month\">ce mois<\/a>, bien particulier pour les afro-am\u00e9ricains, son photographe officiel a encore pris <a href=\"https:\/\/www.washingtonpost.com\/news\/the-fix\/wp\/2016\/02\/20\/this-photo-of-obama-and-a-little-visitor-at-a-black-history-month-celebration-says-a-lot\/\">un clich\u00e9 superbe<\/a>. Peut \u00eatre devrions nous envisager de demander \u00e0 <a href=\"http:\/\/www.petesouza.com\/\">Pete Souza<\/a> de faire quelques clich\u00e9s sur les MRC.<\/p>\n<div class=\"AdaptiveMedia\n\n    is-square\n\n  \"><\/p>\n<div class=\"AdaptiveMedia-container\n      js-adaptive-media-container\n\n    \"><\/p>\n<div class=\"AdaptiveMedia-singlePhoto\">\n<div class=\"AdaptiveMedia-photoContainer js-adaptive-photo \" data-image-url=\"https:\/\/pbs.twimg.com\/media\/Cbt_cQzW8AIWLGf.jpg\" data-element-context=\"platform_photo_card\"><img decoding=\"async\" src=\"https:\/\/pbs.twimg.com\/media\/Cbt_cQzW8AIWLGf.jpg\" alt=\"\" \/><\/div>\n<\/div>\n<\/div>\n<\/div>\n<p>&nbsp;<\/p>\n","protected":false},"excerpt":{"rendered":"<p>Les n\u00e9phrologues ne sont pas de tr\u00e8s bons communicants, sauf peut \u00eatre avec les \u00e9tudiants en m\u00e9decine. Les endocrinologues par contre sont tr\u00e8s forts et je ne parle pas des cardiologues. Nous n&rsquo;arrivons pas \u00e0 convaincre nos tutelles que la &hellip; <a href=\"https:\/\/perruchenautomne.eu\/wordpress\/2016\/02\/21\/la-maladie-renale-chronique-est-un-vrai-probleme-mondial\/\">Continuer la lecture <span class=\"meta-nav\">&rarr;<\/span><\/a><\/p>\n","protected":false},"author":1,"featured_media":0,"comment_status":"open","ping_status":"open","sticky":false,"template":"","format":"standard","meta":{"jetpack_post_was_ever_published":false,"_jetpack_newsletter_access":"","_jetpack_dont_email_post_to_subs":false,"_jetpack_newsletter_tier_id":0,"_jetpack_memberships_contains_paywalled_content":false,"_jetpack_memberships_contains_paid_content":false,"footnotes":"","jetpack_publicize_message":"","jetpack_publicize_feature_enabled":true,"jetpack_social_post_already_shared":true,"jetpack_social_options":{"image_generator_settings":{"template":"highway","default_image_id":0,"font":"","enabled":false},"version":2}},"categories":[14],"tags":[330,1772,322,425,566],"class_list":["post-4658","post","type-post","status-publish","format-standard","hentry","category-nephrologie","tag-dfg","tag-ihme","tag-maladie-renale-chronique","tag-mortalite","tag-mrc"],"jetpack_publicize_connections":[],"jetpack_featured_media_url":"","jetpack_shortlink":"https:\/\/wp.me\/p1l1zM-1d8","jetpack_sharing_enabled":true,"jetpack-related-posts":[],"_links":{"self":[{"href":"https:\/\/perruchenautomne.eu\/wordpress\/wp-json\/wp\/v2\/posts\/4658","targetHints":{"allow":["GET"]}}],"collection":[{"href":"https:\/\/perruchenautomne.eu\/wordpress\/wp-json\/wp\/v2\/posts"}],"about":[{"href":"https:\/\/perruchenautomne.eu\/wordpress\/wp-json\/wp\/v2\/types\/post"}],"author":[{"embeddable":true,"href":"https:\/\/perruchenautomne.eu\/wordpress\/wp-json\/wp\/v2\/users\/1"}],"replies":[{"embeddable":true,"href":"https:\/\/perruchenautomne.eu\/wordpress\/wp-json\/wp\/v2\/comments?post=4658"}],"version-history":[{"count":2,"href":"https:\/\/perruchenautomne.eu\/wordpress\/wp-json\/wp\/v2\/posts\/4658\/revisions"}],"predecessor-version":[{"id":4670,"href":"https:\/\/perruchenautomne.eu\/wordpress\/wp-json\/wp\/v2\/posts\/4658\/revisions\/4670"}],"wp:attachment":[{"href":"https:\/\/perruchenautomne.eu\/wordpress\/wp-json\/wp\/v2\/media?parent=4658"}],"wp:term":[{"taxonomy":"category","embeddable":true,"href":"https:\/\/perruchenautomne.eu\/wordpress\/wp-json\/wp\/v2\/categories?post=4658"},{"taxonomy":"post_tag","embeddable":true,"href":"https:\/\/perruchenautomne.eu\/wordpress\/wp-json\/wp\/v2\/tags?post=4658"}],"curies":[{"name":"wp","href":"https:\/\/api.w.org\/{rel}","templated":true}]}}